{"id":211502,"date":"2025-06-28T18:16:09","date_gmt":"2025-06-28T18:16:09","guid":{"rendered":"https:\/\/www.europesays.com\/fr\/211502\/"},"modified":"2025-06-28T18:16:09","modified_gmt":"2025-06-28T18:16:09","slug":"un-elu-saisit-le-procureur-et-reclame-une-enquete","status":"publish","type":"post","link":"https:\/\/www.europesays.com\/fr\/211502\/","title":{"rendered":"un \u00e9lu saisit le procureur et r\u00e9clame une enqu\u00eate"},"content":{"rendered":"<p itemprop=\"description\"><strong><a href=\"https:\/\/www.lyonmag.com\/article\/144703\/une-fresque-islamiste-realisee-a-venissieux-avec-de-l-argent-public-et-la-validation-de-grandlyon-habitat\" target=\"_blank\" rel=\"noopener\">Comme LyonMag l&rsquo;avait r\u00e9v\u00e9l\u00e9<\/a>, une fresque murale r\u00e9alis\u00e9e dans la cage d&rsquo;escaliers d&rsquo;un immeuble du boulevard L\u00e9nine \u00e0 V\u00e9nissieux suscite la controverse.<\/strong><\/p>\n<p>Farid Ben Moussa, conseiller municipal d&rsquo;opposition, a saisi le procureur de la R\u00e9publique au titre de l&rsquo;article 40 du code de proc\u00e9dure p\u00e9nale, \u00e9voquant un possible d\u00e9tournement de fonds publics et une atteinte au principe de la\u00efcit\u00e9.<\/p>\n<p>Une fresque murale financ\u00e9e par la Ville de V\u00e9nissieux, Grand Lyon Habitat et la M\u00e9tropole fait l\u2019objet d\u2019un signalement judiciaire. Dans un courrier dat\u00e9 du 25 juin 2025, adress\u00e9 au procureur de la R\u00e9publique de Lyon, l&rsquo;\u00e9lu v\u00e9nissian Farid Ben Moussa demande l\u2019ouverture d\u2019une enqu\u00eate pour faire la lumi\u00e8re sur cette \u0153uvre qu&rsquo;il juge \u00ab\u00a0incompatible avec les principes de neutralit\u00e9 et de la\u00efcit\u00e9\u00a0\u00bb.<\/p>\n<p>Install\u00e9e dans la cage d\u2019escalier d\u2019un immeuble situ\u00e9 au 61 boulevard L\u00e9nine, dans un quartier prioritaire, cette fresque est le fruit d\u2019un projet soutenu par plusieurs structures publiques : le bailleur social GrandLyon Habitat, la Ville de V\u00e9nissieux ou la M\u00e9tropole de Lyon.<\/p>\n<p>Selon l\u2019\u00e9lu, certains \u00e9l\u00e9ments visuels de cette fresque repr\u00e9sentant potentiellement une enfant voil\u00e9e \u00ab\u00a0v\u00e9hiculent des r\u00e9f\u00e9rences \u00e0 caract\u00e8re islamiste\u00a0\u00bb ou rel\u00e8veraient d\u2019une symbolique religieuse qui, d\u2019apr\u00e8s lui, \u00ab\u00a0banalise l\u2019islamisme politique\u00a0\u00bb. Il \u00e9voque un risque de provocation \u00e0 la haine ou \u00e0 la discrimination, et pointe du doigt un \u00e9ventuel usage ill\u00e9gal de financements publics.<\/p>\n<p>De son c\u00f4t\u00e9, GrandLyon Habitat s&rsquo;\u00e9tait d\u00e9j\u00e0 d\u00e9fendu dans nos colonnes des accusations concernant cette fresque, estimant que l&rsquo;utilisation de pochoirs rendait impossible la r\u00e9alisation de d\u00e9tails vestimentaires pour les personnages, par ailleurs dessin\u00e9s sans visage.<\/p>\n","protected":false},"excerpt":{"rendered":"Comme LyonMag l&rsquo;avait r\u00e9v\u00e9l\u00e9, une fresque murale r\u00e9alis\u00e9e dans la cage d&rsquo;escaliers d&rsquo;un immeuble du boulevard L\u00e9nine \u00e0&hellip;\n","protected":false},"author":2,"featured_media":211503,"comment_status":"","ping_status":"","sticky":false,"template":"","format":"standard","meta":{"footnotes":""},"categories":[1889],"tags":[1111,11,2813,2190,2430,1109,251,1112,2811,1777,674,118,1011,27,1922,1110,1114,2428,2810,12,241,316,25,2812,517,800],"class_list":{"0":"post-211502","1":"post","2":"type-post","3":"status-publish","4":"format-standard","5":"has-post-thumbnail","7":"category-lyon","8":"tag-actu","9":"tag-actualites","10":"tag-article","11":"tag-asvel","12":"tag-auvergne-rhone-alpes","13":"tag-breves","14":"tag-culture","15":"tag-depeches","16":"tag-economique","17":"tag-eu","18":"tag-europe","19":"tag-faits-divers","20":"tag-fr","21":"tag-france","22":"tag-info","23":"tag-informations","24":"tag-infos","25":"tag-lyon","26":"tag-lyonmag","27":"tag-news","28":"tag-ol","29":"tag-politique","30":"tag-republique-francaise","31":"tag-sociale","32":"tag-sport","33":"tag-transports"},"share_on_mastodon":{"url":"https:\/\/pubeurope.com\/@fr\/114762362654137208","error":""},"_links":{"self":[{"href":"https:\/\/www.europesays.com\/fr\/wp-json\/wp\/v2\/posts\/211502","targetHints":{"allow":["GET"]}}],"collection":[{"href":"https:\/\/www.europesays.com\/fr\/wp-json\/wp\/v2\/posts"}],"about":[{"href":"https:\/\/www.europesays.com\/fr\/wp-json\/wp\/v2\/types\/post"}],"author":[{"embeddable":true,"href":"https:\/\/www.europesays.com\/fr\/wp-json\/wp\/v2\/users\/2"}],"replies":[{"embeddable":true,"href":"https:\/\/www.europesays.com\/fr\/wp-json\/wp\/v2\/comments?post=211502"}],"version-history":[{"count":0,"href":"https:\/\/www.europesays.com\/fr\/wp-json\/wp\/v2\/posts\/211502\/revisions"}],"wp:featuredmedia":[{"embeddable":true,"href":"https:\/\/www.europesays.com\/fr\/wp-json\/wp\/v2\/media\/211503"}],"wp:attachment":[{"href":"https:\/\/www.europesays.com\/fr\/wp-json\/wp\/v2\/media?parent=211502"}],"wp:term":[{"taxonomy":"category","embeddable":true,"href":"https:\/\/www.europesays.com\/fr\/wp-json\/wp\/v2\/categories?post=211502"},{"taxonomy":"post_tag","embeddable":true,"href":"https:\/\/www.europesays.com\/fr\/wp-json\/wp\/v2\/tags?post=211502"}],"curies":[{"name":"wp","href":"https:\/\/api.w.org\/{rel}","templated":true}]}}