{"id":211514,"date":"2025-06-28T18:22:14","date_gmt":"2025-06-28T18:22:14","guid":{"rendered":"https:\/\/www.europesays.com\/fr\/211514\/"},"modified":"2025-06-28T18:22:14","modified_gmt":"2025-06-28T18:22:14","slug":"en-images-a-paris-une-marche-des-fiertes-festive-et-contre-linternationale","status":"publish","type":"post","link":"https:\/\/www.europesays.com\/fr\/211514\/","title":{"rendered":"EN IMAGES.\u00a0\u00c0 Paris, une marche des fiert\u00e9s festive et \u00ab\u00a0contre l\u2019internationale"},"content":{"rendered":"<p>Chars de toutes les couleurs, paillettes et maquillages, mais aussi slogans politiques et lutte contre l\u2019extr\u00eame droite\u2026 La Marche des fiert\u00e9s a eu lieu ce samedi 28\u00a0juin 2025 \u00e0 Paris, r\u00e9unissant des milliers de personnes au centre de la capitale.<\/p>\n<p><strong>Lire aussi<\/strong>\u00a0: <a href=\"https:\/\/rennes.maville.com\/actu\/actudet_-entretien.-plus-jeunes-aux-revendications-multiples-les-marches-des-fiertes-prennent-de-l-ampleur-_52674-6841449_actu.Htm\" target=\"_self\" rel=\"noopener\">ENTRETIEN. Plus jeunes, aux revendications multiples\u00a0: les Marches des fiert\u00e9s prennent de l\u2019ampleur<\/a><\/p>\n<p>\u00ab\u00a0Contexte mena\u00e7ant\u00a0\u00bb<\/p>\n<p>Le mot d\u2019ordre de la marche \u00e9tait la lutte contre <strong>\u00ab\u00a0l\u2019internationale r\u00e9actionnaire\u00a0\u00bb<\/strong>, alors que <a href=\"https:\/\/rennes.maville.com\/actu\/actudet_-pourquoi-donald-trump-s-attaque-t-il-autant-aux-personnes-transgenres-_54135-6724889_actu.Htm\" target=\"_self\" rel=\"noopener\">les droits des personnes LGBT +\u00a0sont remis en cause aux \u00c9tats-Unis<\/a> ou encore en Hongrie. La marche est partie du Louvre vers Nation.<\/p>\n<p>Si les chars bariol\u00e9s, les maquillages inventifs et les tenues color\u00e9es rappellent le caract\u00e8re convivial de ce d\u00e9fil\u00e9 annuel, par une temp\u00e9rature caniculaire, les organisateurs avaient moins le c\u0153ur \u00e0 la f\u00eate lors de leur prise de parole initiale.<\/p>\n<p>\t<img decoding=\"async\" src=\"https:\/\/www.europesays.com\/fr\/wp-content\/uploads\/2025\/06\/P35320734D6876347G_px_640_.jpg\" alt=\"photo le cort\u00e8ge de t\u00eate de la pride de paris.  \u00a9  emil lombardo \/ hans lucas via afp\" width=\"640\" title=\" Le cort\u00e8ge de t\u00eate de la Pride de Paris.   Emil Lombardo \/ Hans Lucas via AFP \"\/><\/p>\n<p class=\"elmt-legende\"> Le cort\u00e8ge de t\u00eate de la Pride de Paris.   Emil Lombardo \/ Hans Lucas via AFP <\/p>\n<p><strong>\u00ab\u00a0Nous sommes dans un contexte mena\u00e7ant, politiquement terrible. Pour la premi\u00e8re fois depuis des ann\u00e9es nos droits sont r\u00e9ellement en danger\u00a0\u00bb<\/strong>, a affirm\u00e9 au micro la pr\u00e9sidente de SOS Homophobie, Julia Torlet.<\/p>\n<p><strong>\u00ab\u00a0Le danger est l\u00e0. Une internationale r\u00e9actionnaire arrive sous nos yeux, aux \u00c9tats-Unis, en Hongrie, en Italie, en Russie\u00a0\u00bb,<\/strong> a lanc\u00e9 le repr\u00e9sentant de l\u2019association Aides, mot d\u2019ordre <strong>\u00ab\u00a0contre l\u2019internationale r\u00e9actionnaire, queers de tous les pays, unissons-nous\u00a0\u00bb<\/strong> \u00e9galement repris sur la banderole en t\u00eate de ce cort\u00e8ge de milliers de participants.<\/p>\n<p>\t<img decoding=\"async\" src=\"https:\/\/www.europesays.com\/fr\/wp-content\/uploads\/2025\/06\/P35320735D6876347G_px_640_.jpg\" alt=\"photo la pride a eu lieu sous le soleil et sous la chaleur.  \u00a9  augustin pasquini \/ hans lucas via afp\" width=\"640\" title=\" La Pride a eu lieu sous le soleil et sous la chaleur.   AUGUSTIN PASQUINI \/ Hans Lucas via AFP \"\/><\/p>\n<p class=\"elmt-legende\"> La Pride a eu lieu sous le soleil et sous la chaleur.   AUGUSTIN PASQUINI \/ Hans Lucas via AFP <\/p>\n<p>Des milliers de participants<\/p>\n<p>Les diff\u00e9rentes pancartes illustraient donc la multiplicit\u00e9 des revendications, aux c\u00f4t\u00e9s des drapeaux arc-en-ciel et autres ballons color\u00e9s. <strong>\u00ab\u00a0Mon clito d\u00e9teste les fachos\u00a0\u00bb<\/strong>, <strong>\u00ab\u00a0Fi\u00e8re d\u2019\u00eatre lesbienne\u00a0\u00bb<\/strong>, <strong>\u00ab\u00a0Laissez vivre les enfants trans\u00a0\u00bb<\/strong>, pouvait-on lire.<\/p>\n<p>\t<img decoding=\"async\" src=\"https:\/\/www.europesays.com\/fr\/wp-content\/uploads\/2025\/06\/P35320736D6876347G_px_640_.jpg\" alt=\"photo un homme \\\\\" gay=\"\" noir=\"\" et=\"\" r=\"\" lors=\"\" de=\"\" la=\"\" marche=\"\" des=\"\" fiert=\"\" paris.=\"\" augustin=\"\" pasquini=\"\" afp=\"\" width=\"640\" title=\" Un homme \\\"\/><\/p>\n<p class=\"elmt-legende\"> Un homme \\<\/p>\n<p>Piyie, 18\u00a0ans, venue manifester avec un groupe d\u2019amies juge pour sa part <strong>\u00ab\u00a0important de montrer qu\u2019il peut y avoir une manifestation politique pour des causes importantes dans une ambiance de f\u00eate\u00a0\u00bb,<\/strong> comme elle l\u2019a expliqu\u00e9 \u00e0 l\u2019AFP.<\/p>\n<p>D\u2019autres arboraient des pancartes aux couleurs du drapeau palestinien.<\/p>\n<p>\t<img decoding=\"async\" src=\"https:\/\/www.europesays.com\/fr\/wp-content\/uploads\/2025\/06\/P35320737D6876347G_px_640_.jpg\" alt=\"photo de nombreuses personnes ont pris part \u00e0 la marche des fiert\u00e9s \u00e0 paris le 28\u00a0juin 2025.  \u00a9  quentin de groeve \/ hans lucas via afp\" width=\"640\" title=\" De nombreuses personnes ont pris part \u00e0 la Marche des Fiert\u00e9s \u00e0 Paris le 28\u00a0juin 2025.   Quentin de Groeve \/ Hans Lucas via AFP \"\/><\/p>\n<p class=\"elmt-legende\"> De nombreuses personnes ont pris part \u00e0 la Marche des Fiert\u00e9s \u00e0 Paris le 28\u00a0juin 2025.   Quentin de Groeve \/ Hans Lucas via AFP <\/p>\n<p><strong>\u00ab\u00a0C\u2019est un acte militant de venir quand on voit ce qui se passe dans le monde, aux USA. Perdre les droits pour lesquels on s\u2019est battu pendant des ann\u00e9es, \u00e7a fait peur\u00a0\u00bb,<\/strong> a ajout\u00e9 Romaric, 40\u00a0ans, d\u00e9filant aux c\u00f4t\u00e9s de son compagnon Florent, 38\u00a0ans,<\/p>\n<p>La Pride s\u2019est termin\u00e9e\u00a0en musique avec une sc\u00e8ne se sont produits plusieurs artistes dont la drag queen <a href=\"https:\/\/rennes.maville.com\/actu\/actudet_-entretien.-nicky-doll-drag-race-france-a-permis-d-initier-des-conversations-dans-les-familles-_54135-5839585_actu.Htm\" target=\"_self\" rel=\"noopener\">Nicky Doll<\/a> ou encore <a href=\"https:\/\/granville.maville.com\/actu\/actudet_-a-papillons-de-nuit-kalika-fait-decouvrir-son-univers-pop-et-trash-sur-la-scene-des-decouvertes-_10-5787870_actu.Htm\" target=\"_self\" rel=\"noopener\">la chanteuse\u00a0Kalika<\/a>.<\/p>\n<p>Une quinzaine de militants identitaires<\/p>\n<p>Comme ils l\u2019avaient annonc\u00e9, le collectif identitaire Eros, proche des id\u00e9es d\u2019extr\u00eame droite, s\u2019est lui aussi rendu \u00e0 cette marche. Une quinzaine de membres de ce collectif se sont rassembl\u00e9s \u00e0 l\u2019\u00e9cart du cort\u00e8ge, a constat\u00e9 une journaliste de l\u2019AFPTV. Plusieurs dizaines de forces de l\u2019ordre \u00e9taient positionn\u00e9es pour emp\u00eacher tout contact avec la marche.<\/p>\n<p>\t<img decoding=\"async\" src=\"https:\/\/www.europesays.com\/fr\/wp-content\/uploads\/2025\/06\/P35320738D6876347G_px_640_.jpg\" alt=\"photo des policiers lors de la marche \u00e0 paris autour du collectif identitaire eros.  \u00a9  julie sebadelha \/ afp\" width=\"640\" title=\" Des policiers lors de la marche \u00e0 Paris autour du collectif identitaire Eros.   JULIE SEBADELHA \/ AFP \"\/><\/p>\n<p class=\"elmt-legende\"> Des policiers lors de la marche \u00e0 Paris autour du collectif identitaire Eros.   JULIE SEBADELHA \/ AFP <\/p>\n<p><strong>\u00ab\u00a0Notre pr\u00e9sence n\u2019est pas la bienvenue, mais c\u2019est une marche de la fiert\u00e9. Nous, on est fiers d\u2019\u00eatre homosexuels et fiers d\u2019\u00eatre Fran\u00e7ais\u00a0\u00bb,<\/strong> a indiqu\u00e9 \u00e0 la presse le responsable de ce groupe, Yohan Pawer, ex-candidat du parti d\u2019\u00c9ric Zemmour. \u00ab\u00a0Imposer dans ces marches la pr\u00e9sence de collectifs comme Eros, contre l\u2019avis des autres associations, revient \u00e0 mettre en danger les participantes et participants de la Pride, \u00e0 court et moyen terme\u00a0\u00bb, leur avaient r\u00e9pondu de nombreux signataires d\u2019une tribune dans Le Monde, dont\u00a0le maire de Lyon Gr\u00e9gory Doucet, l\u2019\u00e9crivaine Virginie Despentes ou\u00a0Alexandre Schon, pr\u00e9sident de l\u2019Inter-associative LGBT.<\/p>\n<p><strong>Lire aussi<\/strong>\u00a0: <a href=\"https:\/\/rennes.maville.com\/actu\/actudet_-c-est-quoi-le-groupe-d-extreme-droite-eros-dont-la-presence-a-la-marche-des-fiertes-est-denoncee-_54135-6875817_actu.Htm\" target=\"_self\" rel=\"noopener\">C\u2019est quoi le groupe d\u2019extr\u00eame droite Eros dont la pr\u00e9sence \u00e0 la Marche des fiert\u00e9s est d\u00e9nonc\u00e9e\u00a0?<\/a><\/p>\n<p>De nombreuses autres marches en m\u00eame temps<\/p>\n<p>Plusieurs autres marches des Fiert\u00e9s avaient lieu ce 28\u00a0juin, \u00e0 <a href=\"https:\/\/www.ouest-france.fr\/societe\/lgbt\/video-la-marche-des-fiertes-reunit-environ-1-500-personnes-a-lorient-eb3ff9cd-2e0a-4035-bd0d-ddec61136369\" target=\"_self\" rel=\"noopener\">Lorient<\/a>, <a href=\"https:\/\/fougeres.maville.com\/actu\/actudet_--il-faut-montrer-que-l-on-existe-a-fougeres-300-personnes-lgbti-+-marchent-pour-les-fiertes-_52695-6876287_actu.Htm\" target=\"_self\" rel=\"noopener\">Foug\u00e8res<\/a>, ou dans d\u2019autres pays du monde, dont \u00e0 San Fransisco, \u00e0 Dublin ou en Hongrie, <a href=\"https:\/\/rennes.maville.com\/actu\/actudet_-marche-des-fiertes-en-hongrie-7-questions-sur-la-mobilisation-prevue-samedi-malgre-l-interdiction-_54135-6872546_actu.Htm\" target=\"_self\" rel=\"noopener\">o\u00f9 elle avait \u00e9t\u00e9 interdite<\/a>. Mais face aux mesures du Premier ministre nationaliste Viktor Orban, la marche a r\u00e9uni un nombre record de participants, selon ses organisateurs.<\/p>\n<p>Les marches des fiert\u00e9s sont organis\u00e9es localement par des associations partout en France, et dans le monde, g\u00e9n\u00e9ralement en juin, pour comm\u00e9morer les \u00e9meutes de Stonewall, mobilisation fondatrice du mouvement LGBT +, qui ont \u00e9clat\u00e9 dans la nuit du 27 au 28\u00a0juin 1969, \u00e0 New York.<\/p>\n<p>\u00a0<\/p>\n","protected":false},"excerpt":{"rendered":"Chars de toutes les couleurs, paillettes et maquillages, mais aussi slogans politiques et lutte contre l\u2019extr\u00eame droite\u2026 La&hellip;\n","protected":false},"author":2,"featured_media":211515,"comment_status":"","ping_status":"","sticky":false,"template":"","format":"standard","meta":{"footnotes":""},"categories":[1888],"tags":[11,5492,1777,674,26544,11136,1011,27,4430,26529,2089,12,626,35116,25],"class_list":{"0":"post-211514","1":"post","2":"type-post","3":"status-publish","4":"format-standard","5":"has-post-thumbnail","7":"category-paris","8":"tag-actualites","9":"tag-caen","10":"tag-eu","11":"tag-europe","12":"tag-festive","13":"tag-fiertes","14":"tag-fr","15":"tag-france","16":"tag-images","17":"tag-internationale","18":"tag-marche","19":"tag-news","20":"tag-paris","21":"tag-reactionnaire","22":"tag-republique-francaise"},"share_on_mastodon":{"url":"https:\/\/pubeurope.com\/@fr\/114762386763938503","error":""},"_links":{"self":[{"href":"https:\/\/www.europesays.com\/fr\/wp-json\/wp\/v2\/posts\/211514","targetHints":{"allow":["GET"]}}],"collection":[{"href":"https:\/\/www.europesays.com\/fr\/wp-json\/wp\/v2\/posts"}],"about":[{"href":"https:\/\/www.europesays.com\/fr\/wp-json\/wp\/v2\/types\/post"}],"author":[{"embeddable":true,"href":"https:\/\/www.europesays.com\/fr\/wp-json\/wp\/v2\/users\/2"}],"replies":[{"embeddable":true,"href":"https:\/\/www.europesays.com\/fr\/wp-json\/wp\/v2\/comments?post=211514"}],"version-history":[{"count":0,"href":"https:\/\/www.europesays.com\/fr\/wp-json\/wp\/v2\/posts\/211514\/revisions"}],"wp:featuredmedia":[{"embeddable":true,"href":"https:\/\/www.europesays.com\/fr\/wp-json\/wp\/v2\/media\/211515"}],"wp:attachment":[{"href":"https:\/\/www.europesays.com\/fr\/wp-json\/wp\/v2\/media?parent=211514"}],"wp:term":[{"taxonomy":"category","embeddable":true,"href":"https:\/\/www.europesays.com\/fr\/wp-json\/wp\/v2\/categories?post=211514"},{"taxonomy":"post_tag","embeddable":true,"href":"https:\/\/www.europesays.com\/fr\/wp-json\/wp\/v2\/tags?post=211514"}],"curies":[{"name":"wp","href":"https:\/\/api.w.org\/{rel}","templated":true}]}}