{"id":211553,"date":"2025-06-28T18:44:12","date_gmt":"2025-06-28T18:44:12","guid":{"rendered":"https:\/\/www.europesays.com\/fr\/211553\/"},"modified":"2025-06-28T18:44:12","modified_gmt":"2025-06-28T18:44:12","slug":"a-montpellier-une-retrospective-soulages-pour-lancer-le-bicentenaire-du-musee-fabre","status":"publish","type":"post","link":"https:\/\/www.europesays.com\/fr\/211553\/","title":{"rendered":"A Montpellier, une r\u00e9trospective Soulages pour lancer le bicentenaire du Mus\u00e9e Fabre"},"content":{"rendered":"\n<p class=\"c-chapo \">\n  Avec 34 toiles, le mus\u00e9e poss\u00e8de l&rsquo;une des plus grandes collections au monde du ma\u00eetre du noir.\n<\/p>\n<p>    <img loading=\"lazy\" decoding=\"async\" class=\"signature__image lazyload\" width=\"100\" height=\"100\" data- alt=\"\" src=\"https:\/\/www.europesays.com\/fr\/wp-content\/uploads\/2025\/05\/64abd44855ee1_placeholder-36b69ec8.png\"\/><\/p>\n<p>          France T\u00e9l\u00e9visions &#8211; R\u00e9daction Culture<\/p>\n<p>    Publi\u00e9 le 28\/06\/2025 17:54<\/p>\n<p>        Temps de lecture : 3min<\/p>\n<p>    <img decoding=\"async\"  alt=\"Des toiles de Pierre Soulages expos\u00e9es au Mus\u00e9e Fabre, \u00e0 Montpellier,  le 26 juin 2024. (GARDEL BERTRAND \/ HEMIS.FR \/ HEMIS.FR)\" width=\"432\" height=\"243\" src=\"https:\/\/www.europesays.com\/fr\/wp-content\/uploads\/2025\/06\/024-4817899-68600e96669ce441961611.jpg\" fetchpriority=\"high\"\/><\/p>\n<p>      Des toiles de Pierre Soulages expos\u00e9es au Mus\u00e9e Fabre, \u00e0 Montpellier,  le 26 juin 2024. (GARDEL BERTRAND \/ HEMIS.FR \/ HEMIS.FR)<\/p>\n<p>Le mus\u00e9e Fabre, le riche mus\u00e9e des Beaux-Arts de Montpellier, entame la c\u00e9l\u00e9bration de son bicentenaire en proposant Pierre Soulages &#8211; La Rencontre, premi\u00e8re r\u00e9trospective consacr\u00e9e au p\u00e8re de l'\u00a0\u00bboutrenoir\u00a0\u00bb depuis <a href=\"https:\/\/www.franceinfo.fr\/culture\/arts-expos\/peinture\/le-peintre-francais-pierre-soulages-maitre-du-noir-et-legende-de-l-art-contemporain-est-mort-a-102-ans_3757899.html\" target=\"_blank\" rel=\"noopener nofollow\"><a href=\"https:\/\/www.franceinfo.fr\/culture\/arts-expos\/peinture\/le-peintre-francais-pierre-soulages-maitre-du-noir-et-legende-de-l-art-contemporain-est-mort-a-102-ans_3757899.html\" target=\"_blank\" rel=\"noopener nofollow\">sa disparition \u00e0 l&rsquo;\u00e2ge de 102 ans en 2022<\/a>.<\/p>\n<p>S&rsquo;il est n\u00e9 \u00e0 Rodez, o\u00f9 <a href=\"https:\/\/www.franceinfo.fr\/culture\/arts-expos\/les-derniers-soulages-a-rodez-jusqu-au-bout-le-maitre-de-l-outrenoir-avait-l-energie-d-un-adolescent_5892016.html\" rel=\"nofollow noopener\" target=\"_blank\">un mus\u00e9e qui lui est enti\u00e8rement consacr\u00e9 <\/a>a ouvert il y a un peu plus de 10 ans, Pierre Soulages, figure majeure de l&rsquo;art contemporain, avait aussi d\u00e9velopp\u00e9 de longue date des liens privil\u00e9gi\u00e9s avec Montpellier.<\/p>\n<p>Admis aux Beaux-Arts \u00e0 Paris \u00e0 la veille de la Seconde Guerre mondiale, il s\u00e8che les cours, pr\u00e9f\u00e9rant se former \u00e0 Montpellier, o\u00f9 il rencontre en 1941 Colette Llaurens, qu&rsquo;il \u00e9pouse un an plus tard et ne quittera plus.<\/p>\n<p>Visiteur assidu du mus\u00e9e Fabre, le jeune homme y admire en particulier les \u0153uvres de Gustave Courbet, dont la toile La Rencontre ou Bonjour Monsieur Courbet (1854) pr\u00eate son titre \u00e0 l&rsquo;exposition, qui ouvre samedi 28 juin jusqu&rsquo;au 4 janvier. Bien plus tard, en 2005, ce lien avec Montpellier et son mus\u00e9e se mat\u00e9rialisera par la donation par le couple Soulages de 20 toiles, accompagn\u00e9es de 10 d\u00e9p\u00f4ts. Avec un ensemble de 34 toiles r\u00e9alis\u00e9es entre 1951 et 2012, le mus\u00e9e Fabre poss\u00e8de d\u00e9sormais l&rsquo;une des plus grandes collections de Soulages au monde.<\/p>\n<p>Plut\u00f4t qu&rsquo;une r\u00e9trospective chronologique, les deux commissaires \u2013 le directeur honoraire du mus\u00e9e Fabre, Michel Hilaire, et la responsable des collections modernes et contemporaines, Maud Marron-Wojewodzki \u2013 ont choisi d&rsquo;\u00e9voquer, au fil d&rsquo;un parcours en six sections et 120 \u0153uvres, la rencontre de Soulages \u00ab\u00a0avec l&rsquo;histoire de l&rsquo;art qui l&rsquo;a pr\u00e9c\u00e9d\u00e9, tout comme celle de son temps\u00a0\u00bb, expliquent-ils.<\/p>\n<p>Les \u0153uvres expos\u00e9es, dont de nombreux pr\u00eats de Colette Soulages et du mus\u00e9e de Rodez, \u00ab\u00a0communiquent\u00a0\u00bb avec des toiles de Rembrandt, Picasso, Courbet, Mondrian, Zurbaran ou encore Van Gogh, illustrant les recherches effectu\u00e9es sur plus d&rsquo;un demi-si\u00e8cle par un peintre qui, d\u00e8s l&rsquo;apr\u00e8s-guerre, travaillait la lumi\u00e8re et ses reflets, \u00e0 mille lieues du moindre lyrisme.<\/p>\n<p> \u00ab\u00a0Jusqu&rsquo;\u00e0 ce que, le 14 avril 1979, il ait l&rsquo;audace de recouvrir totalement sa toile de noir\u00a0\u00bb, souligne Michel Hilaire, heureux de pr\u00e9senter ce premier \u00ab\u00a0Outrenoir\u00a0\u00bb, qui fait partie des collections du mus\u00e9e Fabre. L&rsquo;exposition montre aussi une curiosit\u00e9\u00a0: la seule toile monochrome blanche de Pierre Soulages, qui \u00ab\u00a0ne l&rsquo;aimait pas\u00a0\u00bb et que son \u00e9pouse a sauv\u00e9e de la destruction.<\/p>\n<p>La visite de l&rsquo;exposition peut se prolonger, sur r\u00e9servation, par une balade po\u00e9tique en r\u00e9alit\u00e9 virtuelle. Cette plong\u00e9e dans l&rsquo;univers du peintre permet de percevoir l&rsquo;influence qu&rsquo;a pu avoir sur ses peintures la mer M\u00e9diterran\u00e9e, dont il embrassait du regard la ligne d&rsquo;horizon depuis sa maison des hauteurs de S\u00e8te.<\/p>\n<p>Le mus\u00e9e Fabre, propri\u00e9t\u00e9 de la M\u00e9tropole de Montpellier, a vu le jour gr\u00e2ce au peintre, collectionneur et m\u00e9c\u00e8ne Fran\u00e7ois-Xavier Fabre (1766-1837), natif de la ville, qui lui a donn\u00e9 une aura internationale par le don en 1825 puis le legs en 1837 de sa vaste collection de peintures, de dessins et de sculptures. Son bicentenaire sera c\u00e9l\u00e9br\u00e9 jusqu&rsquo;en 2028, le mus\u00e9e ayant ouvert au public en 1828.<\/p>\n","protected":false},"excerpt":{"rendered":"Avec 34 toiles, le mus\u00e9e poss\u00e8de l&rsquo;une des plus grandes collections au monde du ma\u00eetre du noir. France&hellip;\n","protected":false},"author":2,"featured_media":211554,"comment_status":"","ping_status":"","sticky":false,"template":"","format":"standard","meta":{"footnotes":""},"categories":[1358],"tags":[1348,1384,1385,1386,58,59,1011,27],"class_list":{"0":"post-211553","1":"post","2":"type-post","3":"status-publish","4":"format-standard","5":"has-post-thumbnail","7":"category-arts-et-design","8":"tag-arts","9":"tag-arts-and-design","10":"tag-arts-et-design","11":"tag-design","12":"tag-divertissement","13":"tag-entertainment","14":"tag-fr","15":"tag-france"},"share_on_mastodon":{"url":"https:\/\/pubeurope.com\/@fr\/114762472787377528","error":""},"_links":{"self":[{"href":"https:\/\/www.europesays.com\/fr\/wp-json\/wp\/v2\/posts\/211553","targetHints":{"allow":["GET"]}}],"collection":[{"href":"https:\/\/www.europesays.com\/fr\/wp-json\/wp\/v2\/posts"}],"about":[{"href":"https:\/\/www.europesays.com\/fr\/wp-json\/wp\/v2\/types\/post"}],"author":[{"embeddable":true,"href":"https:\/\/www.europesays.com\/fr\/wp-json\/wp\/v2\/users\/2"}],"replies":[{"embeddable":true,"href":"https:\/\/www.europesays.com\/fr\/wp-json\/wp\/v2\/comments?post=211553"}],"version-history":[{"count":0,"href":"https:\/\/www.europesays.com\/fr\/wp-json\/wp\/v2\/posts\/211553\/revisions"}],"wp:featuredmedia":[{"embeddable":true,"href":"https:\/\/www.europesays.com\/fr\/wp-json\/wp\/v2\/media\/211554"}],"wp:attachment":[{"href":"https:\/\/www.europesays.com\/fr\/wp-json\/wp\/v2\/media?parent=211553"}],"wp:term":[{"taxonomy":"category","embeddable":true,"href":"https:\/\/www.europesays.com\/fr\/wp-json\/wp\/v2\/categories?post=211553"},{"taxonomy":"post_tag","embeddable":true,"href":"https:\/\/www.europesays.com\/fr\/wp-json\/wp\/v2\/tags?post=211553"}],"curies":[{"name":"wp","href":"https:\/\/api.w.org\/{rel}","templated":true}]}}