{"id":211559,"date":"2025-06-28T18:47:10","date_gmt":"2025-06-28T18:47:10","guid":{"rendered":"https:\/\/www.europesays.com\/fr\/211559\/"},"modified":"2025-06-28T18:47:10","modified_gmt":"2025-06-28T18:47:10","slug":"direct-concert-diam-au-velodrome-suivez-levenement-du-groupe-culte-de-rap-marseillais-la-provence","status":"publish","type":"post","link":"https:\/\/www.europesays.com\/fr\/211559\/","title":{"rendered":"DIRECT. Concert d&#039;IAM au V\u00e9lodrome : suivez l&#039;\u00e9v\u00e9nement du groupe culte de rap marseillais &#8211; La Provence"},"content":{"rendered":"<ol>\n<li><a href=\"https:\/\/news.google.com\/rss\/articles\/CBMigAJBVV95cUxONVRHcXQyVzZTSnhod2d6S3lseHZOd1J1RzVTU3dTZ0tuOWV5dDYyVmNJMkJ0c1FHdENlZnBBa2p5Tll0OG1oQ1VnLWxTWmliaEREY2RsMGZmampqRFBxdk5OaFFqTlRFQ3kyWURaX0FyMzBqR09LYVVlRWxqYW55cDJYSHBlTFAtc1RVaFBRb0RqcElfRlVLcE9KMzFvRFZ6SnRwMmNuU19hRDQwUVhUVU1CRnVHWHFqTUpENVhDOWpXaU1ROHBvNHRLSWNUMFpPN3pmLUlxODIxSzZBV0FLNXcxd1FRZHQycjg1Ykk4eDBUNDBpNjRrdU02a3dCM1g4?oc=5\" target=\"_blank\" rel=\"nofollow noopener\">DIRECT. Concert d&rsquo;IAM au V\u00e9lodrome : suivez l&rsquo;\u00e9v\u00e9nement du groupe culte de rap marseillais<\/a>&nbsp;&nbsp;La Provence<\/li>\n<li><a href=\"https:\/\/news.google.com\/rss\/articles\/CBMijwJBVV95cUxOVGFRQmx4MFd0dXlTOUwzZUcwY3BqN1N6ZmgxM1FxakRMMTIxSlBFelhpVUFNaGlURUJpZDM3V1M2aWNHQlBqQmlKTk5IZ1oyd0d1YmRXQ3QzcnVKMm1ISDZqcnpuZy12Y0x3aFFSamlDa3lzZ0JhdEJ5blJSR0pENWw4UWozd2JzSENISlpWQ1JUeVJ3ZjdQLVRqYVhpSmM5RWlvZ21nUEtIejhrZWs4aGFmVnFBNnFrWENwRDVQVzk2bHFmMkdCTjFTY1RMY1ZyN2hCWnlsZ01VeTlLQnVoYlJ2ZFRqOGg5dWZGY3QyaWZlVjk2Yks5bFRxYnhORzduS1RwRDBNYjlLWXYydWFJ?oc=5\" target=\"_blank\" rel=\"nofollow noopener\">\u00ab Toute la ville les attendait \u00bb : IAM au Stade V\u00e9lodrome, les coulisses d\u2019un show d\u00e9j\u00e0 \u00ab historique \u00bb<\/a>&nbsp;&nbsp;Le Parisien<\/li>\n<li><a href=\"https:\/\/news.google.com\/rss\/articles\/CBMiggJBVV95cUxQYmJ2TWx1NGd1MG5FRl9MUnJKQ3U4OGRjdVlwejU1NjNDMWREQjNGSVFCMmFuWTJxSEZtMHZZSkxpWV9iMEtmcklieEItTF90cGhTdURibXV4RDNKVkZ3aC1ndjg2RUUtdjVFMXk5NkQ3SzNLSXFfSDdDbjJaVUl5T3NGbVRIaWRmNUhja2t5ZVF1MnoxN1d6TUJFUEdWNmVsREVYVDFTbWtPVDNOdWZySlZ4VGVBMXdKbVlwaTlnVTlYMFlXcWxyOE1lVkdlME9kOFIyOUNVXzU2bjN6Z2lseGhERWVzNzkxcGxFZmx0TFRMZE5od3N4YWhxZFo1OTNZcFE?oc=5\" target=\"_blank\" rel=\"nofollow noopener\">Concert d&rsquo;IAM au V\u00e9lodrome : \u00ab\u00a0Ils font partie de ma vie\u00a0\u00bb, fans de la premi\u00e8re heure et novis sont au rendez-vous<\/a>&nbsp;&nbsp;La Provence<\/li>\n<li><a href=\"https:\/\/news.google.com\/rss\/articles\/CBMi6AFBVV95cUxOMk1rdGdpRFRVdTRpZE9uMW5qWkJmOFVaMWF4cUNZcUVsRmxfa2VQRzBfb3lKUWNkMXBkQlN4YnMyaHVLLWYzNjJwX2hYb2RaQTVFVUJhTFdaV3dEbVQtc3RBclk4aVBsQnl5N2FlWkZmbXpESTNNYm5JQUhXeHVkNW9pMm5YUkpnQi12dk1JRWtzcXoycTE3VmEwZ0FqbjRUd2VGQjMwQ0hKakgzX2Z4YmE5NzJOM21uTlJLQ1JyaDJrTjFHUUVRb0FMNnRFdXZOREZCMmZlRVp2WEg3SUNsamRubVY0czV1?oc=5\" target=\"_blank\" rel=\"nofollow noopener\">Circulation infernale, m\u00e9tro et bus d\u00e9vi\u00e9s&#8230; Une foule immense attendue \u00e0 Marseille<\/a>&nbsp;&nbsp;Actu.fr<\/li>\n<li><a href=\"https:\/\/news.google.com\/rss\/articles\/CBMiwwJBVV95cUxQS3Q1b29VQlpKZ0I5MGI1WkNwYVFDdUthaVlBYW05UkIwRDhKN1FiME0zT2liTDA2RjZ3OGJSemxVTkttZVhXaDFWMUhTQnVacFhwaDJhSEpYa3M0eFgzaUM5ekJGaXB1WlBick1fcGhZWDBETmYzbWdFT0ktdnVQdnJTLVZ0SlFmNmdWZnJSMzhqd0gwaGNjNFZiSHZPRFlqd1V4X0RCcVMtV2J3NHE3a2c3UTFDdGpEOE9kb1BUNnQza1dyV1FIMThTR3cyaksyeDhJLXNZb2NvcGhrMzFleHJDSXZfcFdfa25DUlNORjdZOGw1Z1NFdHZyRERfZ3JrVVhrbXEwX20ya1JWalo0VjRwSHRyOEJ3VUFZellXc0owYmlXTFJBNDEyN3g5Zm1qc1ZVcllZV0s5dXFHYlFkcHhpMA?oc=5\" target=\"_blank\" rel=\"nofollow noopener\">\u00ab\u00a0Il va falloir g\u00e9rer nos \u00e9motions\u00a0\u00bb : le V\u00e9lodrome, James Brown, l&rsquo;amiti\u00e9\u2026 les confidences d&rsquo;IAM avant leur mythique concert<\/a>&nbsp;&nbsp;France 3 R\u00e9gions<\/li>\n<\/ol>\n","protected":false},"excerpt":{"rendered":"DIRECT. Concert d&rsquo;IAM au V\u00e9lodrome : suivez l&rsquo;\u00e9v\u00e9nement du groupe culte de rap marseillais&nbsp;&nbsp;La Provence \u00ab Toute la&hellip;\n","protected":false},"author":2,"featured_media":211560,"comment_status":"","ping_status":"","sticky":false,"template":"","format":"standard","meta":{"footnotes":""},"categories":[1355],"tags":[17,34736,3692,251,814,58,59,1011,27,391,151,1361,873,3387],"class_list":{"0":"post-211559","1":"post","2":"type-post","3":"status-publish","4":"format-standard","5":"has-post-thumbnail","7":"category-musique","8":"tag-17","9":"tag-achete","10":"tag-albums","11":"tag-culture","12":"tag-direct","13":"tag-divertissement","14":"tag-entertainment","15":"tag-fr","16":"tag-france","17":"tag-jai","18":"tag-les","19":"tag-music","20":"tag-musique","21":"tag-tous"},"share_on_mastodon":{"url":"https:\/\/pubeurope.com\/@fr\/114762484790017606","error":""},"_links":{"self":[{"href":"https:\/\/www.europesays.com\/fr\/wp-json\/wp\/v2\/posts\/211559","targetHints":{"allow":["GET"]}}],"collection":[{"href":"https:\/\/www.europesays.com\/fr\/wp-json\/wp\/v2\/posts"}],"about":[{"href":"https:\/\/www.europesays.com\/fr\/wp-json\/wp\/v2\/types\/post"}],"author":[{"embeddable":true,"href":"https:\/\/www.europesays.com\/fr\/wp-json\/wp\/v2\/users\/2"}],"replies":[{"embeddable":true,"href":"https:\/\/www.europesays.com\/fr\/wp-json\/wp\/v2\/comments?post=211559"}],"version-history":[{"count":0,"href":"https:\/\/www.europesays.com\/fr\/wp-json\/wp\/v2\/posts\/211559\/revisions"}],"wp:featuredmedia":[{"embeddable":true,"href":"https:\/\/www.europesays.com\/fr\/wp-json\/wp\/v2\/media\/211560"}],"wp:attachment":[{"href":"https:\/\/www.europesays.com\/fr\/wp-json\/wp\/v2\/media?parent=211559"}],"wp:term":[{"taxonomy":"category","embeddable":true,"href":"https:\/\/www.europesays.com\/fr\/wp-json\/wp\/v2\/categories?post=211559"},{"taxonomy":"post_tag","embeddable":true,"href":"https:\/\/www.europesays.com\/fr\/wp-json\/wp\/v2\/tags?post=211559"}],"curies":[{"name":"wp","href":"https:\/\/api.w.org\/{rel}","templated":true}]}}