{"id":211572,"date":"2025-06-28T18:54:11","date_gmt":"2025-06-28T18:54:11","guid":{"rendered":"https:\/\/www.europesays.com\/fr\/211572\/"},"modified":"2025-06-28T18:54:11","modified_gmt":"2025-06-28T18:54:11","slug":"au-moins-23-morts-dans-des-frappes-a-gaza-des-israeliens-arretes-en-cisjordanie-les-houthis-tirent-un-missile-sur-letat-hebreu-lactu-du-conflit-au-proche-orient-ce-samedi","status":"publish","type":"post","link":"https:\/\/www.europesays.com\/fr\/211572\/","title":{"rendered":"Au moins 23 morts dans des frappes \u00e0 Gaza, des Isra\u00e9liens arr\u00eat\u00e9s en Cisjordanie, les Houthis tirent un missile sur l\u2019Etat h\u00e9breu\u2026 L\u2019actu du conflit au Proche-Orient ce samedi 28 juin \u2013 Lib\u00e9ration"},"content":{"rendered":"<p class=\"sc-ksZaOG ehjQrN text-element\">La r\u00e9daction de Lib\u00e9ration r\u00e9sume les principales actualit\u00e9s du jour sur le conflit au Proche-Orient. Le point pr\u00e9c\u00e9dent est \u00e0 lire <a href=\"https:\/\/www.liberation.fr\/international\/moyen-orient\/loms-achemine-du-materiel-medical-a-gaza-israel-suspend-laide-humanitaire-de-nouveaux-tirs-font-56-morts-lactu-du-conflit-au-proche-orient-ce-jeudi-26-juin-20250626_3AFBHPGOXREK5JITGIIMD3CZDQ\/\" target=\"_blank\" rel=\"noopener\" title=\"https:\/\/www.liberation.fr\/international\/moyen-orient\/loms-achemine-du-materiel-medical-a-gaza-israel-suspend-laide-humanitaire-de-nouveaux-tirs-font-56-morts-lactu-du-conflit-au-proche-orient-ce-jeudi-26-juin-20250626_3AFBHPGOXREK5JITGIIMD3CZDQ\/\">ici<\/a>.<\/p>\n<p class=\"sc-ksZaOG ehjQrN text-element\">La D\u00e9fense civile de la bande de Gaza a annonc\u00e9 samedi la mort de 23 personnes dans des frappes ou des tirs de l\u2019arm\u00e9e isra\u00e9lienne \u00e0 travers le petit territoire palestinien d\u00e9vast\u00e9 par plus de vingt mois de guerre. Mahmoud Bassal, porte-parole de cette organisation de premiers secours, a d\u00e9taill\u00e9 six frappes a\u00e9riennes men\u00e9es selon lui par des drones ou des avions de chasse ayant fait un total de 21 morts, dont trois enfants dans une attaque sur une habitation \u00e0 Jabalia, dans le nord de la bande de Gaza. Deux autres personnes ont \u00e9t\u00e9 tu\u00e9es par des tirs isra\u00e9liens alors qu\u2019elles attendaient <a href=\"https:\/\/www.liberation.fr\/international\/moyen-orient\/nous-marchons-vers-la-mort-a-gaza-dans-lenfer-des-centres-de-distribution-alimentaires-20250626_2LJOCX5J65EZHCK24N4FGPQBPU\/\" target=\"_blank\" rel=\"noreferrer noopener\" title=\"https:\/\/www.liberation.fr\/international\/moyen-orient\/nous-marchons-vers-la-mort-a-gaza-dans-lenfer-des-centres-de-distribution-alimentaires-20250626_2LJOCX5J65EZHCK24N4FGPQBPU\/\">une distribution de nourriture<\/a> dans le secteur de Netzarim, dans le centre de la bande de Gaza, a-t-il ajout\u00e9.<\/p>\n<p class=\"sc-ksZaOG ehjQrN text-element\">Six Isra\u00e9liens ont \u00e9t\u00e9 arr\u00eat\u00e9s apr\u00e8s avoir agress\u00e9 des soldats dans le centre de la Cisjordanie, a annonc\u00e9 samedi l\u2019arm\u00e9e isra\u00e9lienne, qui occupe ce territoire palestinien depuis 1967. Les arrestations ont eu lieu pr\u00e8s du village de Kafr Malik, o\u00f9 des colons ont men\u00e9 une attaque mercredi soir au cours de laquelle <a href=\"https:\/\/www.liberation.fr\/international\/moyen-orient\/en-cisjordanie-lindignation-apres-le-meurtre-de-quatre-jeunes-palestiniens-resonne-au-dela-des-murs-20250626_UCIAXVQNAZGJDBH6DEC6A3FJSU\/\" target=\"_blank\" rel=\"noreferrer noopener\" title=\"https:\/\/www.liberation.fr\/international\/moyen-orient\/en-cisjordanie-lindignation-apres-le-meurtre-de-quatre-jeunes-palestiniens-resonne-au-dela-des-murs-20250626_UCIAXVQNAZGJDBH6DEC6A3FJSU\/\">plusieurs Palestiniens ont \u00e9t\u00e9 tu\u00e9s<\/a>, selon l\u2019Autorit\u00e9 palestinienne. Partis sur place vendredi soir pour disperser un rassemblement d\u2019Isra\u00e9liens, les soldats ont \u00e9t\u00e9 pris \u00e0 partie par les civils, qui leur \u00abont lanc\u00e9 des pierres\u00bb, les ont \u00abagress\u00e9s physiquement et verbalement\u00bb, \u00abont vandalis\u00e9 leurs v\u00e9hicules\u00bb et \u00abont tent\u00e9 de les percuter\u00bb avec leurs v\u00e9hicules.<\/p>\n<p class=\"sc-ksZaOG ehjQrN text-element\">Les rebelles houthis au Y\u00e9men ont affirm\u00e9 avoir tir\u00e9 samedi un missile balistique en direction du territoire isra\u00e9lien, en riposte selon eux aux \u00abcrimes\u00bb d\u2019Isra\u00ebl contre les Palestiniens \u00e0 Gaza. Dans un communiqu\u00e9, le porte-parole militaire des rebelles, Yahya Saree, a annonc\u00e9 que la frappe visait \u00abune cible sensible de l\u2019ennemi isra\u00e9lien \u00e0 Beer Sheva\u00bb, dans le sud du pays, et que \u00abl\u2019op\u00e9ration [avait] atteint son objectif avec succ\u00e8s\u00bb. Il s\u2019agit du premier tir de missile annonc\u00e9 <a href=\"https:\/\/www.liberation.fr\/international\/moyen-orient\/larmee-israelienne-affirme-avoir-mis-laeroport-de-sanaa-completement-hors-service-au-yemen-20250506_6FFHWUFASRDWDOAWIR32BBAFUE\/\" target=\"_blank\" rel=\"noreferrer noopener\" title=\"https:\/\/www.liberation.fr\/international\/moyen-orient\/larmee-israelienne-affirme-avoir-mis-laeroport-de-sanaa-completement-hors-service-au-yemen-20250506_6FFHWUFASRDWDOAWIR32BBAFUE\/\">par les Houthis<\/a> contre Isra\u00ebl depuis le cessez-le-feu entr\u00e9 en vigueur le 24 juin entre Isra\u00ebl et l\u2019Iran, alli\u00e9 des rebelles y\u00e9m\u00e9nites.<\/p>\n<p class=\"sc-ksZaOG ehjQrN text-element\"><a href=\"https:\/\/www.liberation.fr\/international\/moyen-orient\/guerre-a-gaza-donald-trump-pense-que-le-cessez-le-feu-est-proche-20250628_U2OYEZF3AZE7VHLLG2JO4BR4TQ\/\" target=\"_blank\" rel=\"noreferrer noopener\" title=\"https:\/\/www.liberation.fr\/international\/moyen-orient\/guerre-a-gaza-donald-trump-pense-que-le-cessez-le-feu-est-proche-20250628_U2OYEZF3AZE7VHLLG2JO4BR4TQ\/\">Donald Trump a assur\u00e9 vendredi<\/a> qu\u2019un cessez-le-feu entre Isra\u00ebl et le Hamas dans la bande de Gaza \u00e9tait \u00abproche\u00bb et pourrait intervenir d\u00e8s \u00abla semaine prochaine\u00bb Le pr\u00e9sident am\u00e9ricain avait d\u00e9j\u00e0 estim\u00e9 mercredi que de \u00abgrands progr\u00e8s\u00bb avaient \u00e9t\u00e9 r\u00e9alis\u00e9s. Dans un entretien accord\u00e9 \u00e0 l\u2019AFP vendredi, le porte-parole du minist\u00e8re des Affaires \u00e9trang\u00e8res du Qatar, Majed al-Ansari, a pr\u00e9cis\u00e9 que Doha et les autres m\u00e9diateurs \u00e0 Washington et au Caire s\u2019efforcent \u00abd\u2019utiliser l\u2019\u00e9lan cr\u00e9\u00e9 par le cessez-le-feu entre l\u2019Iran et Isra\u00ebl pour relancer les pourparlers sur Gaza\u00bb : \u00abSi nous ne profitons pas de cette fen\u00eatre d\u2019opportunit\u00e9 et de cet \u00e9lan, ce sera une occasion perdue parmi tant d\u2019autres dans un pass\u00e9 proche. Nous ne voulons pas que cela se reproduise.\u00bb<\/p>\n<p class=\"sc-ksZaOG ehjQrN text-element\">Une attaque isra\u00e9lienne de drone a vis\u00e9 une voiture samedi dans le sud du Liban, tuant une personne, a indiqu\u00e9 le minist\u00e8re libanais de la Sant\u00e9.\u00a0Dans un communiqu\u00e9, le minist\u00e8re a pr\u00e9cis\u00e9 que la frappe de \u00abl\u2019ennemi isra\u00e9lien\u00bb \u00e0 Kounine avait co\u00fbt\u00e9 la vie \u00e0 un homme, sans fournir d\u2019autres pr\u00e9cisions. L\u2019arm\u00e9e isra\u00e9lienne n\u2019a pas comment\u00e9 ce raid dans l\u2019imm\u00e9diat. Isra\u00ebl bombarde r\u00e9guli\u00e8rement le Liban, surtout le sud du pays, en d\u00e9pit d\u2019un <a href=\"https:\/\/www.liberation.fr\/international\/moyen-orient\/base-legale-garanties-incertitudes-ce-que-lon-sait-de-laccord-de-cessez-le-feu-entre-israel-et-le-hezbollah-20241127_SXU54CLNCZGYZMWR56Y5DIHNGQ\/\" target=\"_blank\" rel=\"noreferrer noopener\" title=\"https:\/\/www.liberation.fr\/international\/moyen-orient\/base-legale-garanties-incertitudes-ce-que-lon-sait-de-laccord-de-cessez-le-feu-entre-israel-et-le-hezbollah-20241127_SXU54CLNCZGYZMWR56Y5DIHNGQ\/\">cessez-le-feu\u00a0entr\u00e9 en vigueur le 27 novembre<\/a> pour mettre fin \u00e0 plus d\u2019un an d\u2019hostilit\u00e9s, dont deux mois de guerre ouverte contre le Hezbollah pro-iranien.<\/p>\n<p class=\"sc-ksZaOG ehjQrN text-element\"><b>Mise \u00e0 jour <\/b>\u00e0 16 h 32 avec la frappe isra\u00e9lienne au Liban.<\/p>\n","protected":false},"excerpt":{"rendered":"La r\u00e9daction de Lib\u00e9ration r\u00e9sume les principales actualit\u00e9s du jour sur le conflit au Proche-Orient. Le point pr\u00e9c\u00e9dent&hellip;\n","protected":false},"author":2,"featured_media":211573,"comment_status":"","ping_status":"","sticky":false,"template":"","format":"standard","meta":{"footnotes":""},"categories":[5],"tags":[11,75,1011,27,1070,14,664,12,3518,28],"class_list":{"0":"post-211572","1":"post","2":"type-post","3":"status-publish","4":"format-standard","5":"has-post-thumbnail","7":"category-international","8":"tag-actualites","9":"tag-donald-trump","10":"tag-fr","11":"tag-france","12":"tag-houthis","13":"tag-international","14":"tag-israel","15":"tag-news","16":"tag-palestine","17":"tag-world"},"share_on_mastodon":{"url":"https:\/\/pubeurope.com\/@fr\/114762512099282568","error":""},"_links":{"self":[{"href":"https:\/\/www.europesays.com\/fr\/wp-json\/wp\/v2\/posts\/211572","targetHints":{"allow":["GET"]}}],"collection":[{"href":"https:\/\/www.europesays.com\/fr\/wp-json\/wp\/v2\/posts"}],"about":[{"href":"https:\/\/www.europesays.com\/fr\/wp-json\/wp\/v2\/types\/post"}],"author":[{"embeddable":true,"href":"https:\/\/www.europesays.com\/fr\/wp-json\/wp\/v2\/users\/2"}],"replies":[{"embeddable":true,"href":"https:\/\/www.europesays.com\/fr\/wp-json\/wp\/v2\/comments?post=211572"}],"version-history":[{"count":0,"href":"https:\/\/www.europesays.com\/fr\/wp-json\/wp\/v2\/posts\/211572\/revisions"}],"wp:featuredmedia":[{"embeddable":true,"href":"https:\/\/www.europesays.com\/fr\/wp-json\/wp\/v2\/media\/211573"}],"wp:attachment":[{"href":"https:\/\/www.europesays.com\/fr\/wp-json\/wp\/v2\/media?parent=211572"}],"wp:term":[{"taxonomy":"category","embeddable":true,"href":"https:\/\/www.europesays.com\/fr\/wp-json\/wp\/v2\/categories?post=211572"},{"taxonomy":"post_tag","embeddable":true,"href":"https:\/\/www.europesays.com\/fr\/wp-json\/wp\/v2\/tags?post=211572"}],"curies":[{"name":"wp","href":"https:\/\/api.w.org\/{rel}","templated":true}]}}