{"id":211584,"date":"2025-06-28T19:05:13","date_gmt":"2025-06-28T19:05:13","guid":{"rendered":"https:\/\/www.europesays.com\/fr\/211584\/"},"modified":"2025-06-28T19:05:13","modified_gmt":"2025-06-28T19:05:13","slug":"38-c-a-montpellier-31-c-a-paris-a-quoi-sattendre-pour-ce-dernier-dimanche-de-juin-qui-sannonce-particulierement-chaud","status":"publish","type":"post","link":"https:\/\/www.europesays.com\/fr\/211584\/","title":{"rendered":"38\u00a0\u00b0C \u00e0 Montpellier, 31\u00a0\u00b0C \u00e0 Paris\u2026 \u00c0 quoi s\u2019attendre pour ce dernier dimanche de juin qui s\u2019annonce particuli\u00e8rement chaud\u00a0?"},"content":{"rendered":"<p class=\"paragraph text_align_left lp-f-body-02\">Apr\u00e8s <a href=\"https:\/\/www.leparisien.fr\/meteo\/38-c-dans-le-sud-29-c-en-pleine-nuit-a-quoi-sattendre-pour-ce-dernier-samedi-de-juin-qui-sannonce-tres-chaud-28-06-2025-OCKAA53AZJHIBME5S7PBKLDLHE.php\" target=\"_blank\" rel=\"noreferrer nofollow noopener\">l\u2019\u00e9pisode de chaleur<\/a> samedi, les temp\u00e9ratures vont \u00e0 nouveau grimper sur l\u2019ensemble du territoire ce dimanche. Le soleil dominera rapidement l\u2019ensemble du pays d\u00e8s la matin\u00e9e, malgr\u00e9 quelques nuages en Bretagne.<\/p>\n<p class=\"paragraph text_align_left lp-f-body-02\">Du c\u00f4t\u00e9 des temp\u00e9ratures, le thermom\u00e8tre affichera d\u00e9j\u00e0 30 \u00b0C \u00e0 Nice, Toulouse et Gap, et jusqu\u2019\u00e0 35 \u00b0C \u00e0 Perpignan. Seules les villes de Brest et Cherbourg resteront relativement \u00e9pargn\u00e9es par la chaleur, avec respectivement 22 \u00b0C et 20 \u00b0C dans la matin\u00e9e.<\/p>\n<p><img decoding=\"async\" class=\"image \" loading=\"lazy\" src=\"https:\/\/www.europesays.com\/fr\/wp-content\/uploads\/2025\/06\/MJG2OZKR4ZFYLP4BSDWPHIZ6W4.PNG\" alt=\"M\u00e9t\u00e9o France\" align=\"\" data-rubrique-principale=\"\" data-article-type=\"\" fetchpriority=\"auto\"\/>M\u00e9t\u00e9o France<\/p>\n<p class=\"paragraph text_align_left lp-f-body-02\">Puis, la chaleur va s\u2019intensifier et s\u2019\u00e9tendre pour gagner les trois quarts du territoire dans l\u2019apr\u00e8s-midi. Les temp\u00e9ratures atteindront 37 \u00b0C dans l\u2019arri\u00e8re-pays m\u00e9diterran\u00e9en et jusqu\u2019\u00e0 38 \u00b0C dans les vall\u00e9es du sud-est, pr\u00e8s de Montpellier. Des pics \u00e0 39 \u00b0C et 40 \u00b0C pourraient m\u00eame \u00eatre atteints dans la m\u00eame r\u00e9gion, indique <a href=\"https:\/\/vigilance.meteofrance.fr\/fr\/canicule\/demain\" target=\"_blank\" rel=\"noreferrer nofollow noopener\">M\u00e9t\u00e9o France<\/a>.<\/p>\n<p><img decoding=\"async\" class=\"image \" loading=\"lazy\" src=\"https:\/\/www.europesays.com\/fr\/wp-content\/uploads\/2025\/06\/WAT7M5T74BHE7PKNA2B2KBURBA.PNG\" alt=\"M\u00e9t\u00e9o France\" align=\"\" data-rubrique-principale=\"\" data-article-type=\"\" fetchpriority=\"auto\"\/>M\u00e9t\u00e9o France<\/p>\n<p class=\"paragraph text_align_left lp-f-body-02\">Le temps sera \u00e9galement chaud sur le reste du pays. On comptera 36 \u00b0C \u00e0 Bordeaux et \u00e0 Lyon, 32 \u00b0C \u00e0 Marseille ou encore 31 \u00b0C dans la capitale. Les temp\u00e9ratures resteront toutefois plus fra\u00eeches en Bretagne et dans la Manche, avec 26 \u00b0C \u00e0 Brest et 23 \u00b0C \u00e0 Cherbourg. Le thermom\u00e8tre devrait (un peu) redescendre dans la soir\u00e9e. Mais il faudra toujours compter 33 \u00b0C \u00e0 Perpignan, 30 \u00b0C \u00e0 Mont\u00e9limar ou encore 29 \u00b0C \u00e0 Paris.<\/p>\n<p class=\"paragraph text_align_left lp-f-body-02\">Le pic de la canicule pourrait \u00eatre atteint ce lundi. Cette journ\u00e9e pourrait m\u00eame devenir la 2e de juin la plus chaude enregistr\u00e9e derri\u00e8re le 27 juin 2019. <a href=\"https:\/\/actualite.lachainemeteo.com\/alerte-meteo\/8582-vers-une-canicule-historique-ces-prochains-jours\" target=\"_blank\" rel=\"noreferrer nofollow noopener\">La Cha\u00eene M\u00e9t\u00e9o<\/a> pr\u00e9voit jusqu\u2019\u00e0 42 \u00b0C en Aquitaine, 41 \u00b0C du Val de Loire \u00e0 la Sarthe et 40 \u00b0C dans le Sud-Est.<\/p>\n<p>Une vague de chaleur en Europe<\/p>\n<p class=\"paragraph text_align_left lp-f-body-02\">Depuis le 19 juin, la France traverse sa 50e vague de chaleur nationale depuis 1947, cons\u00e9quence du <a href=\"https:\/\/www.leparisien.fr\/societe\/sante\/fortes-chaleurs-pollution-de-leau-le-rechauffement-climatique-pese-de-plus-en-plus-sur-notre-sante-30-10-2024-Z6ABM5O5PBA4XFNAHLSFS7ZE3A.php\" target=\"_blank\" rel=\"noreferrer nofollow noopener\">r\u00e9chauffement climatique<\/a> qui augmente l\u2019intensit\u00e9 et la fr\u00e9quence des canicules.<\/p>\n<p class=\"paragraph text_align_left lp-f-body-02\">La vague de chaleur concerne tout le sud de l\u2019Europe, avec une vingtaine de villes d\u2019Italie, dont Rome et Venise, plac\u00e9es en alerte. En Espagne, le pic de chaleur est attendu \u00e0 partir de dimanche avec un mercure au-del\u00e0 des 40 \u00b0C sur une grande partie du territoire.<\/p>\n<p class=\"paragraph text_align_left lp-f-body-02\">Face \u00e0 cette vague de chaleur, M\u00e9t\u00e9o France rappelle quelques r\u00e9flexes simples \u00e0 adopter : boire de l\u2019eau plusieurs fois par jour, ne pas sortir aux heures les plus chaudes, restez dans un endroit frais et climatis\u00e9 ou encore limiter les activit\u00e9s physiques et sportives.<\/p>\n","protected":false},"excerpt":{"rendered":"Apr\u00e8s l\u2019\u00e9pisode de chaleur samedi, les temp\u00e9ratures vont \u00e0 nouveau grimper sur l\u2019ensemble du territoire ce dimanche. Le&hellip;\n","protected":false},"author":2,"featured_media":211585,"comment_status":"","ping_status":"","sticky":false,"template":"","format":"standard","meta":{"footnotes":""},"categories":[9599],"tags":[1111,11,1777,674,1011,27,2487,2208,12,2680,25],"class_list":{"0":"post-211584","1":"post","2":"type-post","3":"status-publish","4":"format-standard","5":"has-post-thumbnail","7":"category-montpellier","8":"tag-actu","9":"tag-actualites","10":"tag-eu","11":"tag-europe","12":"tag-fr","13":"tag-france","14":"tag-meteo","15":"tag-montpellier","16":"tag-news","17":"tag-occitanie","18":"tag-republique-francaise"},"share_on_mastodon":{"url":"https:\/\/pubeurope.com\/@fr\/114762555324393305","error":""},"_links":{"self":[{"href":"https:\/\/www.europesays.com\/fr\/wp-json\/wp\/v2\/posts\/211584","targetHints":{"allow":["GET"]}}],"collection":[{"href":"https:\/\/www.europesays.com\/fr\/wp-json\/wp\/v2\/posts"}],"about":[{"href":"https:\/\/www.europesays.com\/fr\/wp-json\/wp\/v2\/types\/post"}],"author":[{"embeddable":true,"href":"https:\/\/www.europesays.com\/fr\/wp-json\/wp\/v2\/users\/2"}],"replies":[{"embeddable":true,"href":"https:\/\/www.europesays.com\/fr\/wp-json\/wp\/v2\/comments?post=211584"}],"version-history":[{"count":0,"href":"https:\/\/www.europesays.com\/fr\/wp-json\/wp\/v2\/posts\/211584\/revisions"}],"wp:featuredmedia":[{"embeddable":true,"href":"https:\/\/www.europesays.com\/fr\/wp-json\/wp\/v2\/media\/211585"}],"wp:attachment":[{"href":"https:\/\/www.europesays.com\/fr\/wp-json\/wp\/v2\/media?parent=211584"}],"wp:term":[{"taxonomy":"category","embeddable":true,"href":"https:\/\/www.europesays.com\/fr\/wp-json\/wp\/v2\/categories?post=211584"},{"taxonomy":"post_tag","embeddable":true,"href":"https:\/\/www.europesays.com\/fr\/wp-json\/wp\/v2\/tags?post=211584"}],"curies":[{"name":"wp","href":"https:\/\/api.w.org\/{rel}","templated":true}]}}