{"id":211589,"date":"2025-06-28T19:11:38","date_gmt":"2025-06-28T19:11:38","guid":{"rendered":"https:\/\/www.europesays.com\/fr\/211589\/"},"modified":"2025-06-28T19:11:38","modified_gmt":"2025-06-28T19:11:38","slug":"que-faire-en-bretagne-cet-ete-ces-expositions-a-ne-pas-manquer-en-2025","status":"publish","type":"post","link":"https:\/\/www.europesays.com\/fr\/211589\/","title":{"rendered":"Que faire en Bretagne cet \u00e9t\u00e9\u00a0? Ces expositions \u00e0 ne pas manquer en 2025"},"content":{"rendered":"<p>L\u2019\u00e9t\u00e9 est arriv\u00e9\u00a0et il s\u2019annonce d\u00e9j\u00e0 tr\u00e8s chaud ! Alors que la Bretagne bouillonne d\u2019\u00e9v\u00e8nements, voici notre s\u00e9lection d\u2019expositions \u00e0 ne surtout pas manquer ces prochaines semaines.<\/p>\n<p>Qui de mieux que  <a target=\"_self\" href=\"https:\/\/www.ouest-france.fr\/bretagne\/magazine-bretons\/archives\/\" rel=\"noopener\">Bretons<\/a>  pour vous accompagner tout l\u2019\u00e9t\u00e9 2025 \u00e0 travers la Bretagne\u00a0? Cette semaine, nous vous avons r\u00e9serv\u00e9 une s\u00e9lection d\u2019\u00e9v\u00e9nements incontournables \u00e0 tester sur cette p\u00e9riode estivali\u00e8re. Nous attendons vos retours\u00a0!<\/p>\n<p><strong>Lire aussi\u00a0:<\/strong>\u00a0<a target=\"_self\" href=\"https:\/\/saint-brieuc.maville.com\/actu\/actudet_-voici-les-douze-festivals-a-ne-pas-manquer-cet-ete-en-bretagne-_5-6872714_actu.Htm\" rel=\"noopener\">Voici les douze festivals \u00e0 ne pas manquer cet \u00e9t\u00e9 en Bretagne<\/a><\/p>\n<p>Expositions \u00ab\u00a0Le petit peuple\u00a0de la mer\u00a0\u00bb<\/p>\n<p>Brest, du 5\u00a0juillet au 31\u00a0ao\u00fbt<\/p>\n<p>Savez-vous comment les algues survivent \u00e0 mar\u00e9e basse\u00a0? Et comment les poissons plats se cachent dans le sable\u00a0? Cet \u00e9t\u00e9, Oc\u00e9anopolis propose une plong\u00e9e dans l\u2019univers \u00e9tonnant des petits habitants du bord de mer, incluse dans votre billet. Accompagn\u00e9 d\u2019un m\u00e9diateur scientifique, vous pourrez d\u00e9couvrir la biodiversit\u00e9 du littoral breton, en direct et sur grand \u00e9cran gr\u00e2ce \u00e0 une cam\u00e9ra immerg\u00e9e dans un aquarium, une loupe binoculaire et un microscope.<\/p>\n<p>\u00ab\u00a0Hokusai\u00a0\u00bb<\/p>\n<p>Nantes, du 28\u00a0juin au 7\u00a0septembre<\/p>\n<p>Le mus\u00e9e d\u2019histoire de Nantes expose plusieurs chefs-d\u2019\u0153uvre du grand ma\u00eetre japonais (1760-1849), en partenariat avec le mus\u00e9e Hokusai-kan. Plafond de temple bouddhique, ph\u00e9nix spectaculaire, mont Fuji, motifs de dragon et bien s\u00fbr de vagues\u2026 La relation \u00e0 la nature, \u00e0 l\u2019eau et \u00e0 la beaut\u00e9 est au c\u0153ur de ces gravures, dessins et peintures, dont certains sont pr\u00e9sent\u00e9s pour la premi\u00e8re fois en Occident.<\/p>\n<p>Les Nuits de Kerjean<\/p>\n<p>Saint-Vougay (29), du 9\u00a0juillet au 13\u00a0septembre<\/p>\n<p>V\u00e9ritable bijou d\u2019architecture du XVIe\u00a0si\u00e8cle, le ch\u00e2teau de Kerjean ouvre ses portes en soir\u00e9e \u00e0 l\u2019occasion de l\u2019\u00e9t\u00e9. L\u2019occasion d\u2019explorer librement pr\u00e8s de 25\u00a0salles au riche mobilier. Un spectacle de musique Renaissance sera \u00e9galement donn\u00e9 dans les jardins int\u00e9rieurs du ch\u00e2teau, accompagn\u00e9 des performances d\u2019un cracheur de feu, avant une projection son et lumi\u00e8re \u00e0 la nuit tomb\u00e9e.<\/p>\n<p>\u201cLe Cheval d\u2019orgueil\u201d<\/p>\n<p>Pont-l\u2019Abb\u00e9 (29), du 5\u00a0juillet au 5\u00a0ao\u00fbt<\/p>\n<p>Le Pays Bigouden c\u00e9l\u00e8bre cette ann\u00e9e les 50\u00a0ans de la parution du Cheval d\u2019orgueil de Pierre-Jakez H\u00e9lias, mais aussi les 45\u00a0ans de son adaptation au cin\u00e9ma par Claude Chabrol. Le centre culturel Le Triskell d\u00e9die donc une exposition \u00e0 ce best-seller dans lequel H\u00e9lias a m\u00eal\u00e9 descriptions de la soci\u00e9t\u00e9 bigoud\u00e8ne et r\u00e9flexions sur les mutations des ann\u00e9es 1970. L\u2019exposition aborde les usages anciens \u2013 mode, \u00e9conomie, jeux, alimentation \u2013 tout en d\u00e9livrant plusieurs t\u00e9moignages au sujet du film de Chabrol.<\/p>\n<p>\u00ab\u00a0G\u00e9n\u00e9ration d\u2019artistes &#8211;\u00a0La M\u00e9augon\u00a0\u00bb<\/p>\n<p>Saint-Nicolas-du-P\u00e9lem (22), du 7\u00a0juillet au 29\u00a0ao\u00fbt<\/p>\n<p>Le mus\u00e9e de l\u2019\u00e9cole de Bothoa expose les \u0153uvres des \u00e9l\u00e8ves d\u2019Yves Le B\u00e9chec, un ancien instituteur de La M\u00e9augon, pr\u00e8s de Saint-Brieuc. Personnage \u00e9tonnant et grand amateur d\u2019art, il a transmis sa passion aux \u00e9coliers, dont certains ont vu leurs \u0153uvres expos\u00e9es, voire prim\u00e9es, dans les ann\u00e9es 1960. Plusieurs d\u2019entre eux ont accept\u00e9 de pr\u00eater leurs cr\u00e9ations \u00e0 cette occasion.<\/p>\n<p>\u00ab\u00a0Sauvage\u00a0!\u00a0\u00bb<\/p>\n<p>Rennes, du 29\u00a0juin au 31\u00a0ao\u00fbt<\/p>\n<p>Une vache pie-noir crois\u00e9e avec un flamant rose, une poule-l\u00e9zard, une girafe-ch\u00e8vre\u2026 Des animaux bien \u00e9tranges sont \u00e0 d\u00e9couvrir dans le quartier du Blosne et le long d\u2019un parcours en plein air, de la station de m\u00e9tro Triangle \u00e0 l\u2019\u00e9comus\u00e9e de la Bintinais. Le but de cette exposition participative\u00a0: se demander \u00e0 quoi ressembleront les animaux du futur. L\u2019\u00e9comus\u00e9e donne \u00e9galement carte blanche aux habitants du Blosne pour proposer des \u00e9v\u00e8nements. Au programme pour l\u2019instant\u00a0: lectures dans les arbres, atelier d\u2019impressions v\u00e9g\u00e9tales, jeux autour du r\u00e9emploi, spectacle\u2026<\/p>\n<p>\u00ab\u00a0Sur les murs, la peinture\u00a0!\u00a0\u00bb<\/p>\n<p>Brest, jusqu\u2019au 21\u00a0septembre<\/p>\n<p>Cette exposition internationale d\u2019art urbain pr\u00e9sente le travail d\u2019une quarantaine d\u2019artistes new-yorkais, br\u00e9siliens, parisiens, bretons, brestois ou marseillais. Les Ateliers des Capucins abriteront ainsi une centaine d\u2019\u0153uvres \u2013 dont certaines en cr\u00e9ation. Parmi les artistes mis \u00e0 l\u2019honneur\u00a0: l\u2019incontournable Banksy, le ma\u00eetre du pochoir Blek le Rat, les mosa\u00efques d\u2019Invader, le pr\u00e9curseur G\u00e9rard Zlotykamien, la l\u00e9gende Futura, la pionni\u00e8re Lady Pink, le duo Os Gemeos ou encore l\u2019Indon\u00e9sien Eko Nugroho.<\/p>\n<p>\u00ab\u00a0Germaine Kanova. Regard d\u2019une photographe sur la Lib\u00e9ration\u00a0\u00bb<\/p>\n<p>Port-Louis (56), jusqu\u2019au 4\u00a0janvier 2026<\/p>\n<p>Son parcours est hors norme et pourtant m\u00e9connu\u00a0: Germaine Kanova (1902-1975) a \u00e9t\u00e9 l\u2019une des premi\u00e8res femmes photographes de guerre en France. Apr\u00e8s avoir \u00e9t\u00e9 portraitiste pour des c\u00e9l\u00e9brit\u00e9s, elle immortalise la Lib\u00e9ration et notamment celle de la poche de Lorient. Elle documente ainsi la d\u00e9couverte du charnier de Port-Louis, o\u00f9 les corps de nombreux fusill\u00e9s avaient \u00e9t\u00e9 entrepos\u00e9s par l\u2019arm\u00e9e allemande. C\u2019est \u00e0 l\u2019occasion des 80\u00a0ans de cet \u00e9v\u00e8nement que le mus\u00e9e national de la Marine expose une cinquantaine de ses clich\u00e9s.<\/p>\n<p>\u00ab\u00a0Douarnenez, 1924, la lutte des sardini\u00e8res\u00a0\u00bb<\/p>\n<p>Rennes, jusqu\u2019au 13\u00a0mars 2026<\/p>\n<p>\u00c0 l\u2019occasion du centenaire de la gr\u00e8ve des sardini\u00e8res de Douarnenez, une vingtaine de photographies s\u2019invitent au sein de l\u2019exposition permanente du mus\u00e9e de Bretagne. On peut \u00e9galement y contempler le fameux tableau de Charles Tillon repr\u00e9sentant un cort\u00e8ge d\u2019ouvri\u00e8res bigoud\u00e8nes portant un grand drapeau rouge. L\u2019occasion de (re) d\u00e9couvrir l\u2019histoire des conserveries finist\u00e9riennes au d\u00e9but du XXe\u00a0si\u00e8cle, entre p\u00e9nibilit\u00e9 du travail et mobilisation historique.<\/p>\n<p>\u00ab\u00a0Animal\u00a0!\u00a0?\u00a0\u00bb<\/p>\n<p>Landerneau (29), jusqu\u2019au 2\u00a0novembre<\/p>\n<p>Au c\u0153ur de nos expressions et de nos repr\u00e9sentations artistiques, les animaux sont \u00e9galement \u00e0 l\u2019honneur de la nouvelle exposition du Fonds H\u00e9l\u00e8ne &amp; \u00c9douard Leclerc. Plus de 150\u00a0chefs-d\u2019\u0153uvre d\u2019artistes embl\u00e9matiques y sont \u00e0 d\u00e9couvrir pour interroger la place de l\u2019animal dans nos soci\u00e9t\u00e9s humaines, d\u2019Edgar Degas \u00e0 Alberto Giacometti, en passant par Rosa Bonheur, Louise Bourgeois, Francisco de Goya, Vassily Kandinsky, Henri Matisse ou Annette Messager.<\/p>\n<p>\u00ab\u00a0Marionnettes. Personnages et r\u00e9cits d\u2019Asie\u00a0\u00bb<\/p>\n<p>Vitr\u00e9 (35), jusqu\u2019au 2\u00a0novembre<\/p>\n<p>Poup\u00e9es en bois, figurines en peau, miniatures humaines, animales ou fantastiques\u2026 La Maison des cultures du monde pr\u00e9sente quelques-unes de ces ombres et marionnettes qui peuplent les th\u00e9\u00e2tres et animent les rituels religieux en Asie, souvent porteuses de r\u00e9cits mythiques ou d\u00e9tentrices de pouvoirs magiques. Des ateliers de cr\u00e9ation et des d\u00e9monstrations sont pr\u00e9vus en parall\u00e8le de l\u2019exposition.<\/p>\n<p>\u00a0<\/p>\n<p>\u00a0<\/p>\n<p>\u00a0<\/p>\n<p>\u00ab\u00a0\u00cele{s}\u00a0\u00bb<\/p>\n<p>Daoulas (29), jusqu\u2019au 30\u00a0novembre<\/p>\n<p>Outre ses charmants jardins et son beau clo\u00eetre roman, l\u2019abbaye de Daoulas abrite r\u00e9guli\u00e8rement des expositions consacr\u00e9es \u00e0 la diversit\u00e9 culturelle. Cette ann\u00e9e, l\u2019ancien monast\u00e8re nous emm\u00e8ne \u00e0 la d\u00e9couverte des \u00eeles du monde \u2013 et de Bretagne. Des photos, maquettes, objets arch\u00e9ologiques, cartes, peintures, films et t\u00e9moignages invitent \u00e0 explorer ces territoires souvent fascinants, entre aventure, isolement, r\u00eave, exil et \u00e9merveillement.<\/p>\n<p>\u00a0<\/p>\n","protected":false},"excerpt":{"rendered":"L\u2019\u00e9t\u00e9 est arriv\u00e9\u00a0et il s\u2019annonce d\u00e9j\u00e0 tr\u00e8s chaud ! Alors que la Bretagne bouillonne d\u2019\u00e9v\u00e8nements, voici notre s\u00e9lection&hellip;\n","protected":false},"author":2,"featured_media":211590,"comment_status":"","ping_status":"","sticky":false,"template":"","format":"standard","meta":{"footnotes":""},"categories":[2821],"tags":[17,1111,11,829,2883,1777,674,1349,4560,1011,27,14342,12,584,25],"class_list":{"0":"post-211589","1":"post","2":"type-post","3":"status-publish","4":"format-standard","5":"has-post-thumbnail","7":"category-rennes","8":"tag-17","9":"tag-actu","10":"tag-actualites","11":"tag-bretagne","12":"tag-ete","13":"tag-eu","14":"tag-europe","15":"tag-expositions","16":"tag-faire","17":"tag-fr","18":"tag-france","19":"tag-manquer","20":"tag-news","21":"tag-rennes","22":"tag-republique-francaise"},"share_on_mastodon":{"url":"https:\/\/pubeurope.com\/@fr\/114762578888612577","error":""},"_links":{"self":[{"href":"https:\/\/www.europesays.com\/fr\/wp-json\/wp\/v2\/posts\/211589","targetHints":{"allow":["GET"]}}],"collection":[{"href":"https:\/\/www.europesays.com\/fr\/wp-json\/wp\/v2\/posts"}],"about":[{"href":"https:\/\/www.europesays.com\/fr\/wp-json\/wp\/v2\/types\/post"}],"author":[{"embeddable":true,"href":"https:\/\/www.europesays.com\/fr\/wp-json\/wp\/v2\/users\/2"}],"replies":[{"embeddable":true,"href":"https:\/\/www.europesays.com\/fr\/wp-json\/wp\/v2\/comments?post=211589"}],"version-history":[{"count":0,"href":"https:\/\/www.europesays.com\/fr\/wp-json\/wp\/v2\/posts\/211589\/revisions"}],"wp:featuredmedia":[{"embeddable":true,"href":"https:\/\/www.europesays.com\/fr\/wp-json\/wp\/v2\/media\/211590"}],"wp:attachment":[{"href":"https:\/\/www.europesays.com\/fr\/wp-json\/wp\/v2\/media?parent=211589"}],"wp:term":[{"taxonomy":"category","embeddable":true,"href":"https:\/\/www.europesays.com\/fr\/wp-json\/wp\/v2\/categories?post=211589"},{"taxonomy":"post_tag","embeddable":true,"href":"https:\/\/www.europesays.com\/fr\/wp-json\/wp\/v2\/tags?post=211589"}],"curies":[{"name":"wp","href":"https:\/\/api.w.org\/{rel}","templated":true}]}}