{"id":211592,"date":"2025-06-28T19:14:14","date_gmt":"2025-06-28T19:14:14","guid":{"rendered":"https:\/\/www.europesays.com\/fr\/211592\/"},"modified":"2025-06-28T19:14:14","modified_gmt":"2025-06-28T19:14:14","slug":"en-images-a-strasbourg-lopera-national-du-rhin-vend-une-partie-de-sa-collection-de-costumes","status":"publish","type":"post","link":"https:\/\/www.europesays.com\/fr\/211592\/","title":{"rendered":"En images. A Strasbourg, l&rsquo;Op\u00e9ra national du Rhin vend une partie de sa collection de costumes"},"content":{"rendered":"<p>Ensembles r\u00e9cents ou tout droit de l&rsquo;histoire de l&rsquo;Op\u00e9ra national du Rhin depuis les ann\u00e9es 1950, pr\u00e8s d&rsquo;un millier de pi\u00e8ces de costumes (sur les quelques 90 000 stock\u00e9es dans les magasins) \u00e9taient \u00e0 vendre ce samedi 28 juin dans les murs du Grenier d&rsquo;abondance, place Broglie \u00e0 Strasbourg. L&rsquo;occasion pour des compagnies ou des particuliers de r\u00e9inventer des tenues port\u00e9es sur la sc\u00e8ne de l&rsquo;Op\u00e9ra, pour des sommes allant de 2 \u00e0 quelque 500 euros.<\/p>\n","protected":false},"excerpt":{"rendered":"Ensembles r\u00e9cents ou tout droit de l&rsquo;histoire de l&rsquo;Op\u00e9ra national du Rhin depuis les ann\u00e9es 1950, pr\u00e8s d&rsquo;un&hellip;\n","protected":false},"author":2,"featured_media":211593,"comment_status":"","ping_status":"","sticky":false,"template":"","format":"standard","meta":{"footnotes":""},"categories":[2820],"tags":[1111,11,2389,2649,1687,2880,1777,674,1011,27,2798,775,1757,985,12,2661,25,640,2879],"class_list":{"0":"post-211592","1":"post","2":"type-post","3":"status-publish","4":"format-standard","5":"has-post-thumbnail","7":"category-strasbourg","8":"tag-actu","9":"tag-actualites","10":"tag-alsace","11":"tag-bas-rhin","12":"tag-culture-loisirs","13":"tag-edition-strasbourg","14":"tag-eu","15":"tag-europe","16":"tag-fr","17":"tag-france","18":"tag-galerie-photo","19":"tag-grand-est","20":"tag-insolite","21":"tag-mode","22":"tag-news","23":"tag-patrimoine-culturel","24":"tag-republique-francaise","25":"tag-strasbourg","26":"tag-strasbourg-ville"},"share_on_mastodon":{"url":"https:\/\/pubeurope.com\/@fr\/114762590716249875","error":""},"_links":{"self":[{"href":"https:\/\/www.europesays.com\/fr\/wp-json\/wp\/v2\/posts\/211592","targetHints":{"allow":["GET"]}}],"collection":[{"href":"https:\/\/www.europesays.com\/fr\/wp-json\/wp\/v2\/posts"}],"about":[{"href":"https:\/\/www.europesays.com\/fr\/wp-json\/wp\/v2\/types\/post"}],"author":[{"embeddable":true,"href":"https:\/\/www.europesays.com\/fr\/wp-json\/wp\/v2\/users\/2"}],"replies":[{"embeddable":true,"href":"https:\/\/www.europesays.com\/fr\/wp-json\/wp\/v2\/comments?post=211592"}],"version-history":[{"count":0,"href":"https:\/\/www.europesays.com\/fr\/wp-json\/wp\/v2\/posts\/211592\/revisions"}],"wp:featuredmedia":[{"embeddable":true,"href":"https:\/\/www.europesays.com\/fr\/wp-json\/wp\/v2\/media\/211593"}],"wp:attachment":[{"href":"https:\/\/www.europesays.com\/fr\/wp-json\/wp\/v2\/media?parent=211592"}],"wp:term":[{"taxonomy":"category","embeddable":true,"href":"https:\/\/www.europesays.com\/fr\/wp-json\/wp\/v2\/categories?post=211592"},{"taxonomy":"post_tag","embeddable":true,"href":"https:\/\/www.europesays.com\/fr\/wp-json\/wp\/v2\/tags?post=211592"}],"curies":[{"name":"wp","href":"https:\/\/api.w.org\/{rel}","templated":true}]}}