{"id":211594,"date":"2025-06-28T19:15:11","date_gmt":"2025-06-28T19:15:11","guid":{"rendered":"https:\/\/www.europesays.com\/fr\/211594\/"},"modified":"2025-06-28T19:15:11","modified_gmt":"2025-06-28T19:15:11","slug":"sans-bernard-lacosta-il-ny-aurait-pas-de-ports-un-quai-de-beaulieu-sur-mer-va-porter-le-nom-de-cet-ancien-scaphandrier","status":"publish","type":"post","link":"https:\/\/www.europesays.com\/fr\/211594\/","title":{"rendered":"\u00ab\u00a0Sans Bernard Lacosta, il n\u2019y aurait pas de ports\u00a0\u00bb: un quai de Beaulieu-sur-Mer va porter le nom de cet ancien scaphandrier"},"content":{"rendered":"<p>Avoir un quai baptis\u00e9 \u00e0 son nom, de son vivant, c\u2019est tout sauf anodin. M\u00eame quand on a \u00e9t\u00e9 un grand plongeur. D\u2019ailleurs, Bernard Lacosta n\u2019en revient toujours pas: \u00ab\u00a0Ils ont attendu mes 88 ans pour me faire la surprise! Il faut se montrer patient. \u00c7a tombe bien, c\u2019est la principale qualit\u00e9 d\u2019un homme qui aime la mer\u00a0\u00bb, se marre le bon vivant joint par t\u00e9l\u00e9phone.<\/p>\n<p>Ce dimanche 29 juin 2025, \u00e0 partir de 10h30, la f\u00eate de la Saint-Pierre \u00e0 Beaulieu-sur-Mer mettra \u00e0 l\u2019honneur cette \u00ab\u00a0figure incontournable du port\u00a0\u00bb, dixit le directeur du lieu de plaisance, Patrick Garcia. \u00ab\u00a0Comme scaphandrier, Bernard a men\u00e9 d\u2019importants travaux sous-marins sur toute la C\u00f4te d\u2019Azur. C\u2019est simple, sans lui, il n\u2019y aurait pas de ports. Dans les ann\u00e9es soixante, soixante-dix, lui et les pionniers de sa g\u00e9n\u00e9ration ont entrepris des chantiers titanesques, impossibles \u00e0 r\u00e9aliser aujourd\u2019hui car administrativement et financi\u00e8rement trop co\u00fbteux.\u00a0\u00bb<\/p>\n<p><strong>\u00ab\u00a0Personne ne croyait \u00e0 la plaisance\u00a0\u00bb<\/strong><\/p>\n<p>\u00ab\u00a0\u00c0 l\u2019\u00e9poque aussi, \u00e7a paraissait fou de construire un port pour les plaisanciers \u00e0 Beaulieu\u00a0\u00bb, glisse le vieux gamin qui n\u2019a rien oubli\u00e9 de sa premi\u00e8re sortie en mer. \u00ab\u00a0\u00c0 neuf ans, en pleine Seconde Guerre mondiale, je ramais sur les bateaux de p\u00eacheurs qui \u00e9taient priv\u00e9s de carburant. Comment imaginer, dans la m\u00eame rade, tous les yachts qu\u2019on voit aujourd\u2019hui? Personne n\u2019y croyait.\u00a0\u00bb Ce qui n\u2019a pas emp\u00each\u00e9 cette t\u00eate br\u00fbl\u00e9e au nez aff\u00fbt\u00e9 de se lancer dans le grand bain: Marina Baie des Anges \u00e0 Villeneuve-Loubet, Antibes, Menton, Saint-Jean-Cap-Ferrat, Mandelieu-La Napoule&#8230; Il en \u00e9tait!<\/p>\n<p>Pourtant, rien ne pr\u00e9destinait un fils de coiffeur \u00e0 une telle carri\u00e8re tourn\u00e9e vers la grand bleue. \u00ab\u00a0Mon p\u00e8re voulait que je l\u2019aide au salon. J\u2019ai tenu deux semaines. Il me fallait de l\u2019aventure, de nouveaux horizons. \u00c0 15 ans, je me suis donc enr\u00f4l\u00e9 dans la marine. C\u2019\u00e9tait la guerre d\u2019Indochine, ma m\u00e8re pleurait quand la mer m\u2019appelait.\u00a0\u00bb Le jeune homme y trouvera sa voie, sept ans durant. Apr\u00e8s avoir pris part \u00e0 des missions de sauvetage de pilotes d\u2019avions perdus en mer, il rejoindra une unit\u00e9 d\u2019\u00e9lite de plongeurs d\u00e9mineurs. \u00ab\u00a0<strong>\u00c7a pouvait nous p\u00e9ter dans les main<\/strong>s. Mais fallait bien s\u00e9curiser les filets.\u00a0\u00bb<\/p>\n<p><strong>D\u00e9mineur, arch\u00e9ologue amateur et ami des stars<\/strong><\/p>\n<p>Une vie \u00e0 haut risque qui aurait pu le priver de nouvelles aventures: \u00ab\u00a0J\u2019ai fini par raccrocher. Je venais de d\u00e9couvrir l\u2019arch\u00e9ologie sous-marine et \u00e7a me fascinait.\u00a0\u00bb<\/p>\n<p>Sur l\u2019\u00e9pave romaine du Titan, ayant sombr\u00e9 au Ier si\u00e8cle av. J.-C., \u00e0 l\u2019est de l\u2019\u00eele du Levant, il remontera ses premi\u00e8res amphores. \u00ab\u00a0On est \u00e0 la fin des ann\u00e9es 50. Bernard est un pionnier dans cette pratique qui commence \u00e0 se moderniser. Tout restait encore \u00e0 explorer\u00a0\u00bb, s\u2019\u00e9merveille Eric Duli\u00e8re pr\u00e9sident de l\u2019association Anao, explorant la rade de Villefranche depuis 35 ans. \u00ab\u00a0Naturellement, ses explorations l\u2019ont amen\u00e9 \u00e0 rencontrer le commandant Cousteau. Mais il ne payait pas assez bien, donc il n\u2019a pas embarqu\u00e9 \u00e0 bord de la Calypso.\u00a0\u00bb L\u2019anecdote a de quoi surprendre. \u00ab\u00a0Pourtant c\u2019est vrai\u00a0\u00bb, confirme le principal int\u00e9ress\u00e9, goguenard. \u00ab\u00a0<strong>Il fallait bien gagner sa vie, non?\u00a0\u00bb<\/strong><\/p>\n<p>Ce sera chose faite avec les chantiers des ports et les sorties en mer du Ma\u00ef-Ma\u00ef. Un fier bateau de 16m\u00e8tres \u00e0 bord duquel Bernard Lacosta embarquera de riches clients pour aller chasser le thon et l\u2019espadon. C\u2019est \u00e0 cette \u00e9poque, dans les ann\u00e9es soixante-dix, qu\u2019il c\u00f4toiera de v\u00e9ritables ic\u00f4nes, s\u00e9duites par son bagout: Johnny Hallyday, Jean-Paul Belmondo, Roger Moore ont d\u00e9fil\u00e9 \u00e0 la barre. \u00ab\u00a0Des rencontres inoubliables. Des l\u00e9gendes\u00a0\u00bb, souffle le retrait\u00e9, pr\u00e9f\u00e9rant rester discret sur \u00ab\u00a0ses amiti\u00e9s du large\u00a0\u00bb. Libre aux passants de lui d\u00e9crocher quelques croustillantes anecdotes. Pour trouver l\u2019\u00e9l\u00e9gant loup de mer, il suffit d\u00e9sormais de suivre le quai qui porte son nom&#8230;<\/p>\n","protected":false},"excerpt":{"rendered":"Avoir un quai baptis\u00e9 \u00e0 son nom, de son vivant, c\u2019est tout sauf anodin. M\u00eame quand on a&hellip;\n","protected":false},"author":2,"featured_media":211595,"comment_status":"","ping_status":"","sticky":false,"template":"","format":"standard","meta":{"footnotes":""},"categories":[2819],"tags":[1111,11,1777,674,1011,27,12,2401,882,25,3366],"class_list":{"0":"post-211594","1":"post","2":"type-post","3":"status-publish","4":"format-standard","5":"has-post-thumbnail","7":"category-nice","8":"tag-actu","9":"tag-actualites","10":"tag-eu","11":"tag-europe","12":"tag-fr","13":"tag-france","14":"tag-news","15":"tag-nice","16":"tag-provence-alpes-cote-dazur","17":"tag-republique-francaise","18":"tag-vie-locale"},"share_on_mastodon":{"url":"https:\/\/pubeurope.com\/@fr\/114762594617842209","error":""},"_links":{"self":[{"href":"https:\/\/www.europesays.com\/fr\/wp-json\/wp\/v2\/posts\/211594","targetHints":{"allow":["GET"]}}],"collection":[{"href":"https:\/\/www.europesays.com\/fr\/wp-json\/wp\/v2\/posts"}],"about":[{"href":"https:\/\/www.europesays.com\/fr\/wp-json\/wp\/v2\/types\/post"}],"author":[{"embeddable":true,"href":"https:\/\/www.europesays.com\/fr\/wp-json\/wp\/v2\/users\/2"}],"replies":[{"embeddable":true,"href":"https:\/\/www.europesays.com\/fr\/wp-json\/wp\/v2\/comments?post=211594"}],"version-history":[{"count":0,"href":"https:\/\/www.europesays.com\/fr\/wp-json\/wp\/v2\/posts\/211594\/revisions"}],"wp:featuredmedia":[{"embeddable":true,"href":"https:\/\/www.europesays.com\/fr\/wp-json\/wp\/v2\/media\/211595"}],"wp:attachment":[{"href":"https:\/\/www.europesays.com\/fr\/wp-json\/wp\/v2\/media?parent=211594"}],"wp:term":[{"taxonomy":"category","embeddable":true,"href":"https:\/\/www.europesays.com\/fr\/wp-json\/wp\/v2\/categories?post=211594"},{"taxonomy":"post_tag","embeddable":true,"href":"https:\/\/www.europesays.com\/fr\/wp-json\/wp\/v2\/tags?post=211594"}],"curies":[{"name":"wp","href":"https:\/\/api.w.org\/{rel}","templated":true}]}}