{"id":211611,"date":"2025-06-28T19:24:16","date_gmt":"2025-06-28T19:24:16","guid":{"rendered":"https:\/\/www.europesays.com\/fr\/211611\/"},"modified":"2025-06-28T19:24:16","modified_gmt":"2025-06-28T19:24:16","slug":"giroud-attendu-a-lille-en-milieu-de-semaine-prochaine","status":"publish","type":"post","link":"https:\/\/www.europesays.com\/fr\/211611\/","title":{"rendered":"Giroud attendu \u00e0 Lille en milieu de semaine prochaine"},"content":{"rendered":"<p>Alors que son aventure \u00e0 Los Angeles a pris fin, Olivier Giroud est attendu \u00e0 Lille tr\u00e8s prochainement.<\/p>\n<p class=\"fig-paragraph\">Le transfert d&rsquo;<a href=\"http:\/\/www.lefigaro.fr\/sports\/football\/transferts\/mercato-en-quete-de-renforts-offensifs-lille-s-interesse-a-olivier-giroud-20250625\" data-fig-type=\"NewsFlash\" data-gtm-custom-categorie=\"navigation\" data-gtm-custom-action=\"crossclick\" data-gtm-custom-label=\"Contextuel\" data-gtm-event=\"customEventSPE\" data-fig-domain=\"LEFIGARO\" target=\"_blank\" rel=\"noopener\">Olivier Giroud<\/a>\u00a0\u00e0 Lille est \u00aben bonne voie\u00bb selon une source proche du club, qui a estim\u00e9 samedi que le meilleur buteur des Bleus \u00e9tait attendu dans le Nord \u00aben milieu de semaine\u00bb.<\/p>\n<p class=\"fig-paragraph\">Cette source confirme que le Losc \u00abest en contacts avanc\u00e9s\u00bb avec l&rsquo;attaquant de 38 ans, dont le club actuel, le Los Angeles FC, a annonc\u00e9 vendredi le d\u00e9part. Le Losc est sur le point de r\u00e9ussir un des gros coups du mercato estival en Ligue 1.<\/p>\n<p>Fin de l\u2019aventure \u00e0 Los Angeles<\/p>\n<p class=\"fig-paragraph\">L&rsquo;homme aux 57 buts en \u00e9quipe de France (137 s\u00e9lections) avait alors effectu\u00e9 ses adieux en s\u00e9lection \u00e0 l&rsquo;issue de l&rsquo;Euro organis\u00e9 en Allemagne. Le champion du monde 2018, qui avait quitt\u00e9 la L1 en 2012 sur un titre de champion de France avec Montpellier auquel il avait largement contribu\u00e9, n&rsquo;a marqu\u00e9 que 5 buts en 37 matches sous les couleurs du club californien.<\/p>\n<p class=\"fig-paragraph\">Selon plusieurs m\u00e9dias, l&rsquo;ancien joueur d&rsquo;Arsenal et Chelsea n\u00e9gociait depuis plusieurs jours avec Lille, qui trouverait avec Giroud un rempla\u00e7ant \u00e0 son buteur des cinq derni\u00e8res saisons, le Canadien Jonathan David, parti libre au terme de son contrat. Giroud pourrait \u00eatre le deuxi\u00e8me champion du monde 2018 \u00e0 rejoindre la Ligue 1 cet \u00e9t\u00e9 avec Paul Pogba, qui devrait s&rsquo;engager avec l&rsquo;AS Monaco.<\/p>\n","protected":false},"excerpt":{"rendered":"Alors que son aventure \u00e0 Los Angeles a pris fin, Olivier Giroud est attendu \u00e0 Lille tr\u00e8s prochainement.&hellip;\n","protected":false},"author":2,"featured_media":211612,"comment_status":"","ping_status":"","sticky":false,"template":"","format":"standard","meta":{"footnotes":""},"categories":[2815],"tags":[1111,11,69,2261,1777,674,63,1011,27,811,3309,6201,453,66,446,1307,2267,1434,12,5959,70,25,67,969,10662],"class_list":{"0":"post-211611","1":"post","2":"type-post","3":"status-publish","4":"format-standard","5":"has-post-thumbnail","7":"category-lille","8":"tag-actu","9":"tag-actualites","10":"tag-bundesliga","11":"tag-calcio","12":"tag-eu","13":"tag-europe","14":"tag-football","15":"tag-fr","16":"tag-france","17":"tag-hauts-de-france","18":"tag-l1","19":"tag-l2","20":"tag-liga","21":"tag-ligue-1","22":"tag-ligue-2","23":"tag-lille","24":"tag-losc","25":"tag-mercato","26":"tag-news","27":"tag-olivier-giroud","28":"tag-premier-league","29":"tag-republique-francaise","30":"tag-serie-a","31":"tag-transfert","32":"tag-transferts"},"share_on_mastodon":{"url":"https:\/\/pubeurope.com\/@fr\/114762630088677463","error":""},"_links":{"self":[{"href":"https:\/\/www.europesays.com\/fr\/wp-json\/wp\/v2\/posts\/211611","targetHints":{"allow":["GET"]}}],"collection":[{"href":"https:\/\/www.europesays.com\/fr\/wp-json\/wp\/v2\/posts"}],"about":[{"href":"https:\/\/www.europesays.com\/fr\/wp-json\/wp\/v2\/types\/post"}],"author":[{"embeddable":true,"href":"https:\/\/www.europesays.com\/fr\/wp-json\/wp\/v2\/users\/2"}],"replies":[{"embeddable":true,"href":"https:\/\/www.europesays.com\/fr\/wp-json\/wp\/v2\/comments?post=211611"}],"version-history":[{"count":0,"href":"https:\/\/www.europesays.com\/fr\/wp-json\/wp\/v2\/posts\/211611\/revisions"}],"wp:featuredmedia":[{"embeddable":true,"href":"https:\/\/www.europesays.com\/fr\/wp-json\/wp\/v2\/media\/211612"}],"wp:attachment":[{"href":"https:\/\/www.europesays.com\/fr\/wp-json\/wp\/v2\/media?parent=211611"}],"wp:term":[{"taxonomy":"category","embeddable":true,"href":"https:\/\/www.europesays.com\/fr\/wp-json\/wp\/v2\/categories?post=211611"},{"taxonomy":"post_tag","embeddable":true,"href":"https:\/\/www.europesays.com\/fr\/wp-json\/wp\/v2\/tags?post=211611"}],"curies":[{"name":"wp","href":"https:\/\/api.w.org\/{rel}","templated":true}]}}