{"id":211617,"date":"2025-06-28T19:27:09","date_gmt":"2025-06-28T19:27:09","guid":{"rendered":"https:\/\/www.europesays.com\/fr\/211617\/"},"modified":"2025-06-28T19:27:09","modified_gmt":"2025-06-28T19:27:09","slug":"un-nouveau-radar-installe-sur-un-axe-accidentogene-du-centre-ville-decouvrez-ou","status":"publish","type":"post","link":"https:\/\/www.europesays.com\/fr\/211617\/","title":{"rendered":"un nouveau radar install\u00e9 sur un axe accidentog\u00e8ne du centre-ville, d\u00e9couvrez o\u00f9"},"content":{"rendered":"<p itemprop=\"description\"><strong>L&rsquo;appareil vient de faire son apparition en centre-ville de Lyon.<\/strong><\/p>\n<p>Avec l&rsquo;instauration de la ville 30km\/h, plusieurs radars avaient disparu ces derni\u00e8res ann\u00e9es, que ce soit quai Pierre-Scize ou quai du Dr Gailleton.<\/p>\n<p>Mais ce week-end, les services de l&rsquo;Etat ont obtenu le feu vert pour installer un nouveau radar \u00e0 Lyon. Et c&rsquo;est un axe accidentog\u00e8ne, o\u00f9 les automobilistes continuent globalement de ne pas respecter les 30km\/h impos\u00e9s, qui a \u00e9t\u00e9 choisi.<\/p>\n<p>Il s&rsquo;agit du quai Tilsitt\/Mar\u00e9chal Joffre le long de la Sa\u00f4ne. L&rsquo;appareil imposant a pris place sur le trottoir c\u00f4t\u00e9 fa\u00e7ades, au niveau de l&rsquo;entr\u00e9e de la rue Bourgelat. Difficile de le louper !<\/p>\n<p>Selon nos informations, le radar n&rsquo;est pas encore entr\u00e9 en service, mais il devrait commencer \u00e0 flasher par l&rsquo;arri\u00e8re ses premiers v\u00e9hicules d&rsquo;ici quelques jours. Pour rappel, la vitesse maximale autoris\u00e9e sur cette portion s\u00e9par\u00e9e de la voie bus\/v\u00e9lo par un rail de s\u00e9curit\u00e9, est de 30km\/h.<\/p>\n<p>Doit-on s&rsquo;attendre \u00e0 des installations plus syst\u00e9matiques de radars dans la capitale des Gaules ?<\/p>\n<blockquote class=\"twitter-tweet\"><p>&#13;<\/p>\n<p dir=\"ltr\" lang=\"fr\">Le voil\u00e0 ! La s\u00e9curit\u00e9 pour tous se renforce sur les quais de la Sa\u00f4ne !<a href=\"https:\/\/twitter.com\/hashtag\/radarurbain?src=hash&amp;ref_src=twsrc%5Etfw\" target=\"_blank\" rel=\"noopener\">#radarurbain<\/a> <a href=\"https:\/\/t.co\/ZmYdlwBhI7\">pic.twitter.com\/ZmYdlwBhI7<\/a><\/p>\n<p>&#13;<br \/>\n\u2014 Droitsdupietonlyon (@Droitspieton69) <a href=\"https:\/\/twitter.com\/Droitspieton69\/status\/1938860757816389810?ref_src=twsrc%5Etfw\" target=\"_blank\" rel=\"noopener\">June 28, 2025<\/a><\/p><\/blockquote>\n<p>\t\t  <script async src=\"https:\/\/platform.twitter.com\/widgets.js\" charset=\"utf-8\"><\/script><\/p>\n","protected":false},"excerpt":{"rendered":"L&rsquo;appareil vient de faire son apparition en centre-ville de Lyon. Avec l&rsquo;instauration de la ville 30km\/h, plusieurs radars&hellip;\n","protected":false},"author":2,"featured_media":211618,"comment_status":"","ping_status":"","sticky":false,"template":"","format":"standard","meta":{"footnotes":""},"categories":[1889],"tags":[1111,11,2813,2190,2430,1109,251,1112,2811,1777,674,118,1011,27,1922,1110,1114,2428,2810,12,241,316,25,2812,517,800],"class_list":{"0":"post-211617","1":"post","2":"type-post","3":"status-publish","4":"format-standard","5":"has-post-thumbnail","7":"category-lyon","8":"tag-actu","9":"tag-actualites","10":"tag-article","11":"tag-asvel","12":"tag-auvergne-rhone-alpes","13":"tag-breves","14":"tag-culture","15":"tag-depeches","16":"tag-economique","17":"tag-eu","18":"tag-europe","19":"tag-faits-divers","20":"tag-fr","21":"tag-france","22":"tag-info","23":"tag-informations","24":"tag-infos","25":"tag-lyon","26":"tag-lyonmag","27":"tag-news","28":"tag-ol","29":"tag-politique","30":"tag-republique-francaise","31":"tag-sociale","32":"tag-sport","33":"tag-transports"},"share_on_mastodon":{"url":"https:\/\/pubeurope.com\/@fr\/114762642022284425","error":""},"_links":{"self":[{"href":"https:\/\/www.europesays.com\/fr\/wp-json\/wp\/v2\/posts\/211617","targetHints":{"allow":["GET"]}}],"collection":[{"href":"https:\/\/www.europesays.com\/fr\/wp-json\/wp\/v2\/posts"}],"about":[{"href":"https:\/\/www.europesays.com\/fr\/wp-json\/wp\/v2\/types\/post"}],"author":[{"embeddable":true,"href":"https:\/\/www.europesays.com\/fr\/wp-json\/wp\/v2\/users\/2"}],"replies":[{"embeddable":true,"href":"https:\/\/www.europesays.com\/fr\/wp-json\/wp\/v2\/comments?post=211617"}],"version-history":[{"count":0,"href":"https:\/\/www.europesays.com\/fr\/wp-json\/wp\/v2\/posts\/211617\/revisions"}],"wp:featuredmedia":[{"embeddable":true,"href":"https:\/\/www.europesays.com\/fr\/wp-json\/wp\/v2\/media\/211618"}],"wp:attachment":[{"href":"https:\/\/www.europesays.com\/fr\/wp-json\/wp\/v2\/media?parent=211617"}],"wp:term":[{"taxonomy":"category","embeddable":true,"href":"https:\/\/www.europesays.com\/fr\/wp-json\/wp\/v2\/categories?post=211617"},{"taxonomy":"post_tag","embeddable":true,"href":"https:\/\/www.europesays.com\/fr\/wp-json\/wp\/v2\/tags?post=211617"}],"curies":[{"name":"wp","href":"https:\/\/api.w.org\/{rel}","templated":true}]}}