{"id":211631,"date":"2025-06-28T19:35:09","date_gmt":"2025-06-28T19:35:09","guid":{"rendered":"https:\/\/www.europesays.com\/fr\/211631\/"},"modified":"2025-06-28T19:35:09","modified_gmt":"2025-06-28T19:35:09","slug":"russie-entretiens-sur-le-renforcement-de-la-cooperation-dans-laviation-civile-et-le-transport-routier","status":"publish","type":"post","link":"https:\/\/www.europesays.com\/fr\/211631\/","title":{"rendered":"Russie : entretiens sur le renforcement de la coop\u00e9ration dans l\u2019aviation civile et le transport routier"},"content":{"rendered":"<p><strong>Le renforcement de la coop\u00e9ration maroco-russe dans les domaines de l\u2019aviation civile et du transport routier a \u00e9t\u00e9 au centre des entretiens entre le ministre du Transport et de la Logistique, Abdessamad Kayouh, et le vice-ministre russe des Transports, Dmitry Zverev, samedi \u00e0 Istanbul, en marge du Forum mondial sur la connectivit\u00e9 des transports.<\/strong><\/p>\n<p>Cette rencontre a \u00e9t\u00e9 l\u2019occasion d\u2019\u00e9voquer la ligne a\u00e9rienne reliant le Maroc \u00e0 Moscou et la possibilit\u00e9 d\u2019en faire une liaison quotidienne, compte tenu de la demande croissante qu\u2019elle enregistre, en particulier de la part des voyageurs marocains et africains, a d\u00e9clar\u00e9 M. Kayouh \u00e0 la MAP.<\/p>\n<p>Le ministre a indiqu\u00e9 que ses \u00e9changes avec le responsable russe ont \u00e9galement port\u00e9 sur la possibilit\u00e9 de signer, dans un avenir proche, un m\u00e9morandum d\u2019entente couvrant les domaines du transport routier, ferroviaire et maritime, ajoutant qu\u2019un accent particulier a \u00e9t\u00e9 mis sur l\u2019importance de renforcer la coop\u00e9ration entre le Maroc et la Russie, deux pays li\u00e9s par des relations historiques, commerciales et politiques.<\/p>\n<p>Pour sa part, le vice-ministre russe des Transports a indiqu\u00e9 avoir discut\u00e9 avec M. Kayouh des \u00e9volutions du secteur du transport routier et des moyens de renforcer la coop\u00e9ration bilat\u00e9rale dans l\u2019aviation civile, notamment par l\u2019augmentation de la fr\u00e9quence des liaisons a\u00e9riennes directes et l\u2019\u00e9largissement de leur couverture g\u00e9ographique.<\/p>\n<p>M. Zverev, qui a salu\u00e9 les avanc\u00e9es enregistr\u00e9es dans ce domaine par les deux pays, a soulign\u00e9 que la coop\u00e9ration russo-marocaine dans le secteur des transports conna\u00eet un essor croissant, pr\u00e9cisant que le Maroc est un partenaire de longue date de la Russie, laquelle reste d\u00e9termin\u00e9e \u00e0 poursuivre ce partenariat.<\/p>\n<p>Le Maroc prend part au Forum mondial sur la connectivit\u00e9 des transports, organis\u00e9 du 27 au 29 juin \u00e0 Istanbul, par le minist\u00e8re turc des Transports et des Infrastructures avec le soutien de la Banque mondiale, avec une d\u00e9l\u00e9gation de haut niveau conduite par M. Kayouh, qui comprend notamment l&rsquo;ambassadeur du Maroc en Turquie, Mohamed Ali Lazrak, et plusieurs directeurs et responsables du secteur du transport et de la s\u00e9curit\u00e9 routi\u00e8re.<\/p>\n<p>Ce Forum international constitue une plateforme de haut niveau r\u00e9unissant d\u00e9cideurs politiques, ministres, repr\u00e9sentants d\u2019organisations internationales et d\u2019institutions financi\u00e8res mondiales, acteurs industriels et du secteur priv\u00e9 et experts, pour d\u00e9battre des moyens de d\u00e9veloppement et d\u2019optimisation des corridors de transport internationaux.<\/p>\n","protected":false},"excerpt":{"rendered":"Le renforcement de la coop\u00e9ration maroco-russe dans les domaines de l\u2019aviation civile et du transport routier a \u00e9t\u00e9&hellip;\n","protected":false},"author":2,"featured_media":211632,"comment_status":"","ping_status":"","sticky":false,"template":"","format":"standard","meta":{"footnotes":""},"categories":[1591],"tags":[11,10051,35133,1887,35131,12,1885,1886,132,35132],"class_list":{"0":"post-211631","1":"post","2":"type-post","3":"status-publish","4":"format-standard","5":"has-post-thumbnail","7":"category-russie","8":"tag-actualites","9":"tag-aviation-civile","10":"tag-cooperation-maroc-russie","11":"tag-federation-de-russie","12":"tag-maroc-russie","13":"tag-news","14":"tag-russia","15":"tag-russian-federation","16":"tag-russie","17":"tag-transport-routier"},"share_on_mastodon":{"url":"https:\/\/pubeurope.com\/@fr\/114762673467737924","error":""},"_links":{"self":[{"href":"https:\/\/www.europesays.com\/fr\/wp-json\/wp\/v2\/posts\/211631","targetHints":{"allow":["GET"]}}],"collection":[{"href":"https:\/\/www.europesays.com\/fr\/wp-json\/wp\/v2\/posts"}],"about":[{"href":"https:\/\/www.europesays.com\/fr\/wp-json\/wp\/v2\/types\/post"}],"author":[{"embeddable":true,"href":"https:\/\/www.europesays.com\/fr\/wp-json\/wp\/v2\/users\/2"}],"replies":[{"embeddable":true,"href":"https:\/\/www.europesays.com\/fr\/wp-json\/wp\/v2\/comments?post=211631"}],"version-history":[{"count":0,"href":"https:\/\/www.europesays.com\/fr\/wp-json\/wp\/v2\/posts\/211631\/revisions"}],"wp:featuredmedia":[{"embeddable":true,"href":"https:\/\/www.europesays.com\/fr\/wp-json\/wp\/v2\/media\/211632"}],"wp:attachment":[{"href":"https:\/\/www.europesays.com\/fr\/wp-json\/wp\/v2\/media?parent=211631"}],"wp:term":[{"taxonomy":"category","embeddable":true,"href":"https:\/\/www.europesays.com\/fr\/wp-json\/wp\/v2\/categories?post=211631"},{"taxonomy":"post_tag","embeddable":true,"href":"https:\/\/www.europesays.com\/fr\/wp-json\/wp\/v2\/tags?post=211631"}],"curies":[{"name":"wp","href":"https:\/\/api.w.org\/{rel}","templated":true}]}}