{"id":211641,"date":"2025-06-28T19:40:11","date_gmt":"2025-06-28T19:40:11","guid":{"rendered":"https:\/\/www.europesays.com\/fr\/211641\/"},"modified":"2025-06-28T19:40:11","modified_gmt":"2025-06-28T19:40:11","slug":"bagages-a-main-en-avion-dans-lue","status":"publish","type":"post","link":"https:\/\/www.europesays.com\/fr\/211641\/","title":{"rendered":"Bagages \u00e0 main en avion\u00a0dans l\u2019UE\u00a0"},"content":{"rendered":"\n<p class=\"p1\">Parall\u00e8lement \u00e0 cela, les eurod\u00e9put\u00e9s ont vot\u00e9 l\u2019introduction d\u2019un <strong>formulaire commun<\/strong> pour les demandes d\u2019indemnisation et de remboursement, ainsi qu\u2019une liste de circonstances exceptionnelles \u2014 comme les catastrophes naturelles ou les conflits arm\u00e9s \u2014 permettant aux compagnies de <strong>refuser ces compensations.<\/strong><\/p>\n<p class=\"p1\">Ils ont \u00e9galement d\u00e9clar\u00e9 que les vendeurs de billets devraient informer les clients du co\u00fbt total du vol, y compris tous les frais d\u2019interm\u00e9diation, administratifs, de service et d\u2019annulation, au moment de la r\u00e9servation.<\/p>\n<p class=\"p1\">Dans un texte l\u00e9gislatif distinct, les l\u00e9gislateurs ont aussi renforc\u00e9 la protection des passagers pour les voyages multimodaux, c\u2019est \u00e0 dire qui impliquent un changement de mode de transport.<\/p>\n<p class=\"p1\">Contrairement \u00e0 la r\u00e8gle sur les bagages \u00e0 main, <a href=\"https:\/\/lesfrancais.press\/les-compagnies-aeriennes-les-plus-sures-en-2025\/\" target=\"_blank\" rel=\"noopener\">les compagnies a\u00e9riennes<\/a> ont salu\u00e9 les dispositions relatives aux vendeurs de billets.<\/p>\n<p class=\"p1\">Le Parlement europ\u00e9en prend enfin\u00a0\u00ab\u2009des mesures contre le parasitisme en ligne en pr\u00e9cisant les obligations et les responsabilit\u00e9s de toutes les entreprises qui vendent des voyages\u2009\u00bb, a d\u00e9clar\u00e9 Airlines for Europe.<\/p>\n<p class=\"p1\">Le groupe a soulign\u00e9\u00a0\u00ab\u2009la croissance rapide des interm\u00e9diaires en ligne d\u00e9sireux de commercialiser des voyages tout en \u00e9vitant d\u2019assumer leurs responsabilit\u00e9s en cas de probl\u00e8me\u2009\u00bb.<\/p>\n<p class=\"p1\">La commission des Transports a d\u00e9cid\u00e9 de passer directement aux <strong>n\u00e9gociations finales<\/strong> avec les gouvernements nationaux sur les amendements propos\u00e9s.<\/p>\n<p class=\"p1\">Bien que le Parlement puisse encore demander \u00e0 se prononcer dans son ensemble lors de sa pl\u00e9ni\u00e8re de juillet, cela semble peu probable compte tenu du <strong>soutien quasi unanime<\/strong> exprim\u00e9 lors du vote de mardi.<\/p>\n","protected":false},"excerpt":{"rendered":"Parall\u00e8lement \u00e0 cela, les eurod\u00e9put\u00e9s ont vot\u00e9 l\u2019introduction d\u2019un formulaire commun pour les demandes d\u2019indemnisation et de remboursement,&hellip;\n","protected":false},"author":2,"featured_media":211642,"comment_status":"","ping_status":"","sticky":false,"template":"","format":"standard","meta":{"footnotes":""},"categories":[1586],"tags":[11,744,17318,1777,674,1011,27,20019,12,25,800],"class_list":{"0":"post-211641","1":"post","2":"type-post","3":"status-publish","4":"format-standard","5":"has-post-thumbnail","7":"category-europe","8":"tag-actualites","9":"tag-commercial","10":"tag-compagnies-aeriennes","11":"tag-eu","12":"tag-europe","13":"tag-fr","14":"tag-france","15":"tag-lactu-des-expats","16":"tag-news","17":"tag-republique-francaise","18":"tag-transports"},"share_on_mastodon":{"url":"https:\/\/pubeurope.com\/@fr\/114762692977867942","error":""},"_links":{"self":[{"href":"https:\/\/www.europesays.com\/fr\/wp-json\/wp\/v2\/posts\/211641","targetHints":{"allow":["GET"]}}],"collection":[{"href":"https:\/\/www.europesays.com\/fr\/wp-json\/wp\/v2\/posts"}],"about":[{"href":"https:\/\/www.europesays.com\/fr\/wp-json\/wp\/v2\/types\/post"}],"author":[{"embeddable":true,"href":"https:\/\/www.europesays.com\/fr\/wp-json\/wp\/v2\/users\/2"}],"replies":[{"embeddable":true,"href":"https:\/\/www.europesays.com\/fr\/wp-json\/wp\/v2\/comments?post=211641"}],"version-history":[{"count":0,"href":"https:\/\/www.europesays.com\/fr\/wp-json\/wp\/v2\/posts\/211641\/revisions"}],"wp:featuredmedia":[{"embeddable":true,"href":"https:\/\/www.europesays.com\/fr\/wp-json\/wp\/v2\/media\/211642"}],"wp:attachment":[{"href":"https:\/\/www.europesays.com\/fr\/wp-json\/wp\/v2\/media?parent=211641"}],"wp:term":[{"taxonomy":"category","embeddable":true,"href":"https:\/\/www.europesays.com\/fr\/wp-json\/wp\/v2\/categories?post=211641"},{"taxonomy":"post_tag","embeddable":true,"href":"https:\/\/www.europesays.com\/fr\/wp-json\/wp\/v2\/tags?post=211641"}],"curies":[{"name":"wp","href":"https:\/\/api.w.org\/{rel}","templated":true}]}}