{"id":211647,"date":"2025-06-28T19:43:08","date_gmt":"2025-06-28T19:43:08","guid":{"rendered":"https:\/\/www.europesays.com\/fr\/211647\/"},"modified":"2025-06-28T19:43:08","modified_gmt":"2025-06-28T19:43:08","slug":"interdiction-de-fumer-allocations-chomage-bonus-ecologique-tout-ce-qui-change-au-1er-juillet-2025","status":"publish","type":"post","link":"https:\/\/www.europesays.com\/fr\/211647\/","title":{"rendered":"Interdiction de fumer, allocations ch\u00f4mage, bonus \u00e9cologique\u2026 Tout ce qui change au 1er juillet 2025"},"content":{"rendered":"<p>            Par<br \/>\n        <strong><br \/>\n            <a href=\"https:\/\/actu.fr\/auteur\/martin-leduc\" title=\"Consulter tous les articles de Martin Leduc\" target=\"_blank\" rel=\"noopener\">Martin Leduc<\/a><br \/>\n        <\/strong><\/p>\n<p>        Publi\u00e9 le<\/p>\n<p>            28 juin 2025 \u00e0 19h12        <\/p>\n<p>Le mois de juillet 2025 approche. Et qui dit <strong>nouveau mois<\/strong> dit changements concrets pour les Fran\u00e7ais.<\/p>\n<p class=\" wall-content\">\u00c0 quelques jours de cette \u00e9ch\u00e9ance,\u00a0actu.fr passe en revue tout ce qu\u2019il y a \u00e0 savoir pour \u00eatre bien au courant de ses nouveaux droits et devoirs <strong>\u00e0 partir du 1er\u00a0juillet 2025<\/strong>.<\/p>\n<p>Interdit de fumer dans certains endroits<\/p>\n<p class=\" wall-content\">Juillet peut \u00eatre synonyme de plage pour certains. Parmi eux, on retrouve quelques fumeurs, lesquels devront s\u2019\u00e9loigner du sable (ou des galets) pour se griller une cigarette.<\/p>\n<p class=\" wall-content\">Car de <strong>nouveaux espaces sans tabac sont instaur\u00e9s<\/strong>. On parle des parcs, plages, abribus, et des abords des \u00e9coles, biblioth\u00e8ques et installations sportives.<\/p>\n<p class=\" wall-content\">Initialement pr\u00e9vue pour <a href=\"https:\/\/actu.fr\/societe\/plages-parcs-pres-des-ecoles-la-cigarette-sera-tres-bientot-interdite-dans-de-nombreux-lieux-publics_62705444.html\" target=\"_blank\" rel=\"noopener\">une entr\u00e9e en vigueur au 1er juillet 2025<\/a>, la mesure est finalement effective d\u00e8s ce dimanche 29 juin 2025. Ne pas la respecter, c\u2019est prendre le risque d\u2019une amende de 135 euros.<\/p>\n<p>Vid\u00e9os : en ce moment sur Actu<\/p>\n<p>Plus d\u2019informations ici<\/p>\n<p>Les droits des travailleurs renforc\u00e9s<\/p>\n<p class=\" wall-content\">Juillet est g\u00e9n\u00e9ralement <strong>un mois chaud en France<\/strong>. Particuli\u00e8rement en 2025. \u00c0 partir de ce mardi, <a href=\"https:\/\/actu.fr\/tag\/vague-de-chaleur\" target=\"_blank\" rel=\"noopener\">les risques li\u00e9s \u00e0 la temp\u00e9rature<\/a> devront \u00eatre mieux pris en compte par les <a href=\"https:\/\/actu.fr\/tag\/emploi\" target=\"_blank\" rel=\"noopener\">employeurs<\/a>.<\/p>\n<p class=\" wall-content\">Horaires am\u00e9nag\u00e9s, pauses renforc\u00e9es, suspension des t\u00e2ches p\u00e9nibles pendant les heures les plus chaudes, postes prot\u00e9g\u00e9s du soleil et au moins trois litres d\u2019eau par jour et par personne, en l\u2019absence d\u2019eau courante\u2026\u00a0De nombreuses dispositions <strong>devront obligatoirement \u00eatre prises<\/strong>.<\/p>\n<p>Plus d\u2019informations ici<\/p>\n<p>MaPrimeR\u00e9nov\u2019 est dor\u00e9navant suspendue<\/p>\n<p class=\" wall-content\">Depuis le 23\u00a0juin 2025, <strong>le dispositif MaPrimeR\u00e9nov\u2019<\/strong>, qui permet de recevoir des aides en cas de travaux de r\u00e9novation, est suspendu.<\/p>\n<p class=\" wall-content\">Il doit reprendre \u00e0 partir de la mi-septembre. Aucune date officielle n\u2019a pour le moment \u00e9t\u00e9 confirm\u00e9e par le gouvernement.<\/p>\n<p>Plus d\u2019informations dans cet article<\/p>\n<p>R\u00e9volution pour les arr\u00eats de travail<\/p>\n<p class=\" wall-content\"><a href=\"https:\/\/actu.fr\/tag\/securite-sociale\" target=\"_blank\" rel=\"noopener\">L\u2019Assurance maladie<\/a> va durcir les <strong>conditions d\u2019acceptation des arr\u00eats de travail<\/strong>. Pour \u00eatre valides, \u00e0 partir du 1er\u00a0juillet 2025, ils devront \u00eatre exclusivement transmis sous un format s\u00e9curis\u00e9.<\/p>\n<p>Plus d\u2019informations dans cet article<\/p>\n<p>Le prix de certaines consultations m\u00e9dicales va augmenter<\/p>\n<p class=\" wall-content\">Il faudra <strong>d\u00e9bourser plus qu\u2019auparavant<\/strong> pour consulter certains <a href=\"https:\/\/actu.fr\/tag\/medecins\" target=\"_blank\" rel=\"noopener\">m\u00e9decins<\/a> sp\u00e9cialis\u00e9s \u00e0 partir du 1er\u00a0juillet 2025. On parle de quelques euros.<\/p>\n<p>Le d\u00e9tail dans cet article<\/p>\n<p>Revalorisation des allocations ch\u00f4mage<\/p>\n<p class=\" wall-content\">Les allocations d\u2019assurance ch\u00f4mage <a href=\"https:\/\/actu.fr\/economie\/les-allocations-chomage-vont-etre-revalorisees-pour-des-millions-de-francais-voici-de-combien_62828161.html\" target=\"_blank\" rel=\"noopener\">vont \u00eatre revaloris\u00e9es de 0,5\u2009% au 1\u1d49\u02b3 juillet<\/a>, a indiqu\u00e9 mercredi 25\u00a0juin 2025 l\u2019Un\u00e9dic qui pr\u00e9cise que <strong>\u00ab\u20092,1\u00a0millions d\u2019allocataires sont concern\u00e9s\u2009\u00bb.<\/strong><\/p>\n<p class=\" wall-content\">De leur c\u00f4t\u00e9, la CFDT comme la CGT d\u00e9non\u00e7ant une revalorisation \u00ab\u2009trop faible\u2009\u00bb.<\/p>\n<p>Une nouvelle formule du bonus \u00e9cologique pour les voitures \u00e9lectriques<\/p>\n<p class=\" wall-content\">\u00c0 partir du 1er juillet 2025, le bonus \u00e9cologique \u00e9volue. Il est d\u00e9sormais financ\u00e9 par les certificats d\u2019\u00e9conomies d\u2019\u00e9nergie (CEE) et non plus par le budget de l\u2019\u00c9tat, qui a fortement <a href=\"https:\/\/actu.fr\/economie\/vous-voulez-acheter-une-voiture-electrique-voici-les-rares-aides-encore-disponibles-en-2025_62636086.html\" target=\"_blank\" rel=\"noopener\">r\u00e9duit ses aides, comme nous l\u2019expliquions dans cet article<\/a>.<\/p>\n<p class=\" wall-content\">Au 1er juillet, le bonus \u00e9cologique sera toujours accessible et m\u00eame revaloris\u00e9, pour les personnes souhaitant r\u00e9aliser l\u2019achat d\u2019un v\u00e9hicule 100\u202f% \u00e9lectriques, a indiqu\u00e9 le minist\u00e8re de l\u2019\u00c9conomie <a href=\"https:\/\/presse.economie.gouv.fr\/evolution-du-bonus-ecologique-au-1er-juillet-2025-le-gouvernement-poursuit-et-renforce-le-soutien-a-lachat-de-voitures-particulieres-100-electriques-par-les-menages\" target=\"_blank\" rel=\"noopener\">dans un communiqu\u00e9<\/a>.<\/p>\n<p class=\" wall-content\">Les m\u00e9nages modestes et interm\u00e9diaires pourront b\u00e9n\u00e9ficier d\u2019une aide allant <strong>jusqu\u2019\u00e0 4\u202f200 euros<\/strong>, contre 4\u202f000 euros auparavant, tandis que les autres m\u00e9nages verront leur bonus passer de 2\u202f000 \u00e0 3\u202f100 euros.<\/p>\n<p class=\" wall-content\">Les <strong>conditions d\u2019\u00e9ligibilit\u00e9<\/strong> restent les m\u00eames : le v\u00e9hicule doit \u00eatre neuf, \u00e9lectrique, afficher un score environnemental suffisant, peser moins de 2,4 tonnes et co\u00fbter moins de 47\u202f000 euros.\u00a0\u00a0<\/p>\n<p class=\" wall-content\">\u00ab\u00a0Les v\u00e9hicules command\u00e9s par les m\u00e9nages avant le 1er juillet 2025 continueront d\u2019\u00eatre \u00e9ligibles du bonus \u00e9cologique, \u00e0 condition d\u2019\u00eatre livr\u00e9s d\u2019ici le 30 septembre 2025\u00a0\u00bb, pr\u00e9cise le minist\u00e8re.<\/p>\n<p class=\" wall-content\">Suivez toute l\u2019actualit\u00e9 de vos villes et m\u00e9dias favoris en vous inscrivant \u00e0 <a href=\"https:\/\/moncompte.actu.fr\" title=\"D\u00e9couvez Mon Actu\" rel=\"nofollow noopener\" data-trk=\"{&quot;cta&quot;:{&quot;action&quot;:&quot;https:\\\/\\\/moncompte.actu.fr&quot;,&quot;category&quot;:&quot;mon compte&quot;,&quot;from&quot;:&quot;article footer&quot;,&quot;name&quot;:&quot;Mon actu&quot;,&quot;type&quot;:&quot;cta&quot;}}\" target=\"_blank\">Mon Actu<\/a>.<\/p>\n","protected":false},"excerpt":{"rendered":"Par Martin Leduc Publi\u00e9 le 28 juin 2025 \u00e0 19h12 Le mois de juillet 2025 approche. Et qui&hellip;\n","protected":false},"author":2,"featured_media":211648,"comment_status":"","ping_status":"","sticky":false,"template":"","format":"standard","meta":{"footnotes":""},"categories":[2],"tags":[11,1261,1011,27,12,2922,25,71,104],"class_list":{"0":"post-211647","1":"post","2":"type-post","3":"status-publish","4":"format-standard","5":"has-post-thumbnail","7":"category-actualites","8":"tag-actualites","9":"tag-argent","10":"tag-fr","11":"tag-france","12":"tag-news","13":"tag-pouvoir-dachat","14":"tag-republique-francaise","15":"tag-sante","16":"tag-societe"},"share_on_mastodon":{"url":"https:\/\/pubeurope.com\/@fr\/114762704757301607","error":""},"_links":{"self":[{"href":"https:\/\/www.europesays.com\/fr\/wp-json\/wp\/v2\/posts\/211647","targetHints":{"allow":["GET"]}}],"collection":[{"href":"https:\/\/www.europesays.com\/fr\/wp-json\/wp\/v2\/posts"}],"about":[{"href":"https:\/\/www.europesays.com\/fr\/wp-json\/wp\/v2\/types\/post"}],"author":[{"embeddable":true,"href":"https:\/\/www.europesays.com\/fr\/wp-json\/wp\/v2\/users\/2"}],"replies":[{"embeddable":true,"href":"https:\/\/www.europesays.com\/fr\/wp-json\/wp\/v2\/comments?post=211647"}],"version-history":[{"count":0,"href":"https:\/\/www.europesays.com\/fr\/wp-json\/wp\/v2\/posts\/211647\/revisions"}],"wp:featuredmedia":[{"embeddable":true,"href":"https:\/\/www.europesays.com\/fr\/wp-json\/wp\/v2\/media\/211648"}],"wp:attachment":[{"href":"https:\/\/www.europesays.com\/fr\/wp-json\/wp\/v2\/media?parent=211647"}],"wp:term":[{"taxonomy":"category","embeddable":true,"href":"https:\/\/www.europesays.com\/fr\/wp-json\/wp\/v2\/categories?post=211647"},{"taxonomy":"post_tag","embeddable":true,"href":"https:\/\/www.europesays.com\/fr\/wp-json\/wp\/v2\/tags?post=211647"}],"curies":[{"name":"wp","href":"https:\/\/api.w.org\/{rel}","templated":true}]}}