{"id":211651,"date":"2025-06-28T19:45:11","date_gmt":"2025-06-28T19:45:11","guid":{"rendered":"https:\/\/www.europesays.com\/fr\/211651\/"},"modified":"2025-06-28T19:45:11","modified_gmt":"2025-06-28T19:45:11","slug":"robin-sciot-siegrist-et-clement-charmasson-dans-le-top-5-du-vaudreuil-lequipe","status":"publish","type":"post","link":"https:\/\/www.europesays.com\/fr\/211651\/","title":{"rendered":"Robin Sciot-Siegrist et Cl\u00e9ment Charmasson dans le top 5 du Vaudreuil &#8211; L&#039;\u00c9quipe"},"content":{"rendered":"<ol>\n<li><a href=\"https:\/\/news.google.com\/rss\/articles\/CBMitwFBVV95cUxOY3pyVm52b2ZBQkJoSWdpVkppSlBtS3F6V3VJVVVwTlJ0OHNtd2t6WGg0cVBXS3E4U2xoaF8xWmVGRF9VbHN6dWhIcU9nWXJvQ2dORzhfaTkxcmJISmx4ZUhkenFUeWJKdDFVZXRKSzNKa3dVbjBYd0ZYb0hieDcxM2JfRkNlV3dPUTU2NkYySFctM3psX3BBcXNoazJNT2VYOHB4bE1tbXp4ZGtpT1FfX1l4UndXcU0?oc=5\" target=\"_blank\" rel=\"nofollow noopener\">Robin Sciot-Siegrist et Cl\u00e9ment Charmasson dans le top 5 du Vaudreuil<\/a>&nbsp;&nbsp;L&rsquo;\u00c9quipe<\/li>\n<li><a href=\"https:\/\/news.google.com\/rss\/articles\/CBMisAFBVV95cUxPMWh3NGY2ZU9CdkVBLWkzQ05iWmxMRW9YMnpIUUFTUVFXUlVOQThPSFVXSWUzd0xKU09uVUtqVGRRcllqdnJQLU0xSjBJQ3VLUXRCNHZhMVFheHR5MVNkSktRMlU2YWpSMEYxU3NVS21nOFdDajFQZEtKdTVXX0Z3Rm1nT0h1ZFdrUXRTRmVtWmNhamtCd3NyU01GalIxcE5IeTdhV2NSeEpJeEhGLUpMaQ?oc=5\" target=\"_blank\" rel=\"nofollow noopener\">Deux Bleus dans le top 5 avant le dernier tour, derri\u00e8re un trio de t\u00eate<\/a>&nbsp;&nbsp;Golf Plan\u00e8te<\/li>\n<li><a href=\"https:\/\/news.google.com\/rss\/articles\/CBMivAFBVV95cUxPOVF4dWxTYkFsWUZNQlhtYmhpYkstWmNkRlVwUWtRelhzOTFCLUZlNllnZEN1bGY1eWJ6Wko1TzR2WmliVzVtSHlVd082Z1Vvb2RKZElMdVFvOUtEc2lKQlZuUEFYanhtVkZoZ0l0MDFYLVFZcmZkb29LM0U4ckFSeWo1S0RHQTRjY1pyVW9ROG9qajBiNGEyRDJPSzdadXNDT0VDWWxvRHNFR3Z3UjVUTzMtcDlCLUhIeHlvTA?oc=5\" target=\"_blank\" rel=\"nofollow noopener\">Le Vaudreuil Golf Challenge : Sciot-Siegrist garde la cadence<\/a>&nbsp;&nbsp;F\u00e9d\u00e9ration Fran\u00e7aise de Golf<\/li>\n<li><a href=\"https:\/\/news.google.com\/rss\/articles\/CBMixAFBVV95cUxNVkM3MUxFNkp2WF9LZWJSMGZvNzdmWGtJcXdMOTJhN1ZqX2hrMEV6VWZieFNFNWdzbGw0T3lHa094ZXBmc0NublAySHNPVF9MemxIdGJVTHNhWGc4SUtrRjRvaXBQWWl5eFhKY1E5VURfamJ2czQxN29tRmVXTEdWRmQ3cnVHZnFzVTVhMHNETGN5OG82U09hY2hiVXhGWnVVOEVpU3BGRVdjemJoSjMyS1k0WU9famo2OXk2bUF1UU5wb2hR?oc=5\" target=\"_blank\" rel=\"nofollow noopener\">Guillamoundeguy sur la bonne voie ! &#8211; Golf &#8211; Challenge tour<\/a>&nbsp;&nbsp;Orange Actualit\u00e9s | Sports<\/li>\n<li><a href=\"https:\/\/news.google.com\/rss\/articles\/CBMizwFBVV95cUxOMF8yTXJKUXlRMEhmTDZ0OEg1cGlEdlhnWE9GRGZVZUJEM0NNTGpnWkVCeWk2eGtYd0FFZlZKZ3ZoWFEwbHU1YzZPUW5DeUZlVUlsTlAwajgzeDFSYlJ1eDJxWnpUZEV1WXZEVldXcjJmZ0l2elliODRTcVgxQjExM1hqT2JzSnJ6dm5fSW05N09LR1huTGx0eUh4VEdXdkJqRDBSUUN3cV9jTlB0QWxEVnNINi1GdnJIbU9jblVxWU5QWUhHUmU4U2VYdDQtR2M?oc=5\" target=\"_blank\" rel=\"nofollow noopener\">Vaudreuil Golf Challenge : \u00ab Sur la 3e division, on est proche de perdre de l\u2019argent \u00bb confie Antoine Pouguet<\/a>&nbsp;&nbsp;Paris Normandie<\/li>\n<\/ol>\n","protected":false},"excerpt":{"rendered":"Robin Sciot-Siegrist et Cl\u00e9ment Charmasson dans le top 5 du Vaudreuil&nbsp;&nbsp;L&rsquo;\u00c9quipe Deux Bleus dans le top 5 avant&hellip;\n","protected":false},"author":2,"featured_media":211652,"comment_status":"","ping_status":"","sticky":false,"template":"","format":"standard","meta":{"footnotes":""},"categories":[1418],"tags":[1011,27,1472,60],"class_list":{"0":"post-211651","1":"post","2":"type-post","3":"status-publish","4":"format-standard","5":"has-post-thumbnail","7":"category-golf","8":"tag-fr","9":"tag-france","10":"tag-golf","11":"tag-sports"},"share_on_mastodon":{"url":"https:\/\/pubeurope.com\/@fr\/114762712530974600","error":""},"_links":{"self":[{"href":"https:\/\/www.europesays.com\/fr\/wp-json\/wp\/v2\/posts\/211651","targetHints":{"allow":["GET"]}}],"collection":[{"href":"https:\/\/www.europesays.com\/fr\/wp-json\/wp\/v2\/posts"}],"about":[{"href":"https:\/\/www.europesays.com\/fr\/wp-json\/wp\/v2\/types\/post"}],"author":[{"embeddable":true,"href":"https:\/\/www.europesays.com\/fr\/wp-json\/wp\/v2\/users\/2"}],"replies":[{"embeddable":true,"href":"https:\/\/www.europesays.com\/fr\/wp-json\/wp\/v2\/comments?post=211651"}],"version-history":[{"count":0,"href":"https:\/\/www.europesays.com\/fr\/wp-json\/wp\/v2\/posts\/211651\/revisions"}],"wp:featuredmedia":[{"embeddable":true,"href":"https:\/\/www.europesays.com\/fr\/wp-json\/wp\/v2\/media\/211652"}],"wp:attachment":[{"href":"https:\/\/www.europesays.com\/fr\/wp-json\/wp\/v2\/media?parent=211651"}],"wp:term":[{"taxonomy":"category","embeddable":true,"href":"https:\/\/www.europesays.com\/fr\/wp-json\/wp\/v2\/categories?post=211651"},{"taxonomy":"post_tag","embeddable":true,"href":"https:\/\/www.europesays.com\/fr\/wp-json\/wp\/v2\/tags?post=211651"}],"curies":[{"name":"wp","href":"https:\/\/api.w.org\/{rel}","templated":true}]}}