{"id":211659,"date":"2025-06-28T19:51:17","date_gmt":"2025-06-28T19:51:17","guid":{"rendered":"https:\/\/www.europesays.com\/fr\/211659\/"},"modified":"2025-06-28T19:51:17","modified_gmt":"2025-06-28T19:51:17","slug":"je-netais-pas-rapide-aux-endroits-ou-il-faut-letre","status":"publish","type":"post","link":"https:\/\/www.europesays.com\/fr\/211659\/","title":{"rendered":"Je n&rsquo;\u00e9tais pas rapide aux endroits o\u00f9 il faut l&rsquo;\u00eatre"},"content":{"rendered":"<p>La course sprint d&rsquo;Assen a offert le r\u00e9sultat le plus habituel cette saison, avec une victoire de <a href=\"https:\/\/fr.motorsport.com\/driver\/marc-marquez\/92646\/\" target=\"_blank\" rel=\"noopener\">Marc M\u00e1rquez<\/a> devant <a href=\"https:\/\/fr.motorsport.com\/driver\/alex-marquez\/96324\/\" target=\"_blank\" rel=\"noopener\">\u00c1lex M\u00e1rquez<\/a>, mais ce dernier a fait forte impression. Il \u00e9tait plus rapide que son a\u00een\u00e9 dans plusieurs parties du circuit, ce qui lui permettait de rester au contact, mais jamais suffisamment pour porter une attaque dans les virages permettant un d\u00e9passement.<\/p>\n<p>\u00ab\u00a0Le virage 12 \u00e9tait le seul endroit o\u00f9 je pouvais le faire\u00a0\u00bb, a-t-il expliqu\u00e9. \u00ab\u00a0Au 7, ce n&rsquo;est pas tr\u00e8s malin. Le principal probl\u00e8me est que j&rsquo;\u00e9tais plus rapide que lui aux endroits o\u00f9 c&rsquo;est le plus difficile de doubler, le secteur 3, surtout avec ces ailerons, etc. Avant, on voyait beaucoup de d\u00e9passements entre les virages 12 et 13, mais je n&rsquo;ai pas pu le faire.\u00a0\u00bb<\/p>\n<p>\u00ab\u00a0Il \u00e9tait tr\u00e8s rapide au dernier virage, en entrant dans la chicane, et au premier virage, les deux endroits o\u00f9 les freinages sont les plus clairs, o\u00f9 c&rsquo;est le plus s\u00fbr. Je ne pouvais pas l&rsquo;attaquer. J&rsquo;ai essay\u00e9 de me rapprocher de lui mais je n&rsquo;\u00e9tais pas rapide aux endroits o\u00f9 il faut l&rsquo;\u00eatre pour attaquer un pilote.\u00a0\u00bb<\/p>\n<p>\u00ab\u00a0J&rsquo;\u00e9tais tr\u00e8s proche \u00e0 plusieurs endroits\u00a0\u00bb, a insist\u00e9 \u00c1lex M\u00e1rquez. \u00ab\u00a0Cette piste est super \u00e9troite. J&rsquo;ai aussi eu l&rsquo;avertissement des limites de piste. Au virage 13, c&rsquo;est tr\u00e8s facile de toucher le vert. Je ne trouvais pas tr\u00e8s malin d&rsquo;arriver [en attaquant]. \u00c0 cet endroit, sur le sixi\u00e8me rapport, on ne peut pas attaquer parce qu&rsquo;il sera sur la trajectoire. Je n&rsquo;\u00e9tais pas suffisamment plus rapide pour faire cette man\u0153uvre.\u00a0\u00bb<\/p>\n<p>   <img decoding=\"async\" draggable=\"false\" src=\"https:\/\/www.europesays.com\/fr\/wp-content\/uploads\/2025\/06\/1751140277_718_alex-marquez-gresini-racing.jpg\" alt=\"Alex Marquez, Gresini Racing\" width=\"1200\" height=\"800\" loading=\"lazy\"\/> <\/p>\n<p class=\"title\">\u00c1lex M\u00e1rquez<\/p>\n<p class=\"photographer\">Photo de: Gold and Goose Photography \/ LAT Images \/ via Getty Images<\/p>\n<p>Cette physionomie de course a pouss\u00e9 Marc M\u00e1rquez \u00e0 assurer qu&rsquo;il n&rsquo;\u00e9tait pas le plus rapide ce samedi, mais \u00c1lex M\u00e1rquez n&rsquo;en est pas aussi certain\u00a0: \u00ab\u00a0Il \u00e9tait le plus rapide avec des pneus qui avaient plus de tours. Il \u00e9tait plus rapide que tout le monde, donc je l&rsquo;attendais \u2013 pas en qualifications mais dans le sprint -, qu&rsquo;il soit l\u00e0 et qu&rsquo;il joue la victoire.\u00a0\u00bb<\/p>\n<p>\u00c1lex M\u00e1rquez lui-m\u00eame a \u00e9t\u00e9 surpris par son rythme lors du sprint, puisqu&rsquo;il se sentait nettement distanc\u00e9 dans les relais longs effectu\u00e9s avant les qualifications\u00a0: \u00ab\u00a0Sinc\u00e8rement, je ne m&rsquo;attendais pas \u00e0 \u00eatre sur le podium du sprint aujourd&rsquo;hui, parce que ce matin j&rsquo;avais beaucoup de mal. J&rsquo;\u00e9tais \u00e0 trois ou quatre dixi\u00e8mes de Marc et Pecco en EL2. \u00catre deuxi\u00e8me et me battre pour la victoire jusqu&rsquo;au dernier tour, c&rsquo;est tr\u00e8s bien pour nous.\u00a0\u00bb<\/p>\n<p>Le pilote Gresini avait finalement un rythme suffisamment bon pour gagner, mais son fr\u00e8re a su prendre les risques n\u00e9cessaires pour prendre l&rsquo;avantage au d\u00e9part et conserver ensuite l&rsquo;avantage. Un meilleur envol sera n\u00e9cessaire pour avoir des chances dimanche.<\/p>\n<p>\u00ab\u00a0Il a fait de meilleures choses, \u00e0 commencer par le d\u00e9part : j&rsquo;ai pris un tr\u00e8s mauvais envol et c&rsquo;est l\u00e0 que j&rsquo;ai perdu le sprint. Si on prend un bon d\u00e9part et qu&rsquo;on peut \u00eatre l\u00e0, on peut gagner la course. Je suis certain que j&rsquo;ai perdu la victoire au d\u00e9part aujourd&rsquo;hui. C&rsquo;est une chose \u00e0 laquelle il faut rem\u00e9dier pour demain.\u00a0\u00bb<\/p>\n<p>Mais bien s&rsquo;\u00e9lancer ne sera peut-\u00eatre pas suffisant pour \u00c1lex M\u00e1rquez, qui s&rsquo;attend \u00e0 avoir plus de mal \u00e0 profiter de ses forces en course principale\u00a0: \u00ab\u00a0Demain, je m&rsquo;attends \u00e0 \u00eatre plus lent. Voici pourquoi : je ne pourrai pas faire cette diff\u00e9rence au secteur 3 pendant toute la course, parce qu&rsquo;il faut un peu plus \u00e9conomiser le pneu et qu&rsquo;il faut \u00eatre un peu plus doux sur les gaz. J&rsquo;aimerais avoir cette adh\u00e9rence toute la course mais \u00e7a sera impossible.\u00a0\u00bb<\/p>\n<p>\u00ab\u00a0Il faut faire des analyses pour progresser au dernier freinage, \u00e0 la chicane, et au premier virage, si on veut avoir des opportunit\u00e9s de gagner la course.\u00a0\u00bb<\/p>\n<p>Lire aussi :<\/p>\n<p><img decoding=\"async\" class=\"sizer\" draggable=\"false\" src=\"data:image\/png;base64,iVBORw0KGgoAAAANSUhEUgAAABAAAAAJCAYAAAA7KqwyAAAAGXRFWHRTb2Z0d2FyZQBBZG9iZSBJbWFnZVJlYWR5ccllPAAAABpJREFUeNpi\/P\/\/PwMlgImBQjBqwLAwACDAAOVfAw9\/ZDvcAAAAAElFTkSuQmCC\" alt=\"\" loading=\"lazy\"\/><\/p>\n<p class=\"title\">VID\u00c9O &#8211; R\u00c9SUM\u00c9 : La course sprint au GP des Pays-Bas<\/p>\n<p>Dans cet article<\/p>\n<p>    Vincent Lalanne-Sicaud\n<\/p>\n<p>    MotoGP\n<\/p>\n<p>    \u00c1lex M\u00e1rquez\n<\/p>\n<p>    Gresini Racing\n<\/p>\n<p>Soyez le premier inform\u00e9 et souscrivez aux alertes mails pour recevoir les infos en temps r\u00e9el<\/p>\n<p>    S&rsquo;abonner aux alertes de news<\/p>\n","protected":false},"excerpt":{"rendered":"La course sprint d&rsquo;Assen a offert le r\u00e9sultat le plus habituel cette saison, avec une victoire de Marc&hellip;\n","protected":false},"author":2,"featured_media":211660,"comment_status":"","ping_status":"","sticky":false,"template":"","format":"standard","meta":{"footnotes":""},"categories":[1412],"tags":[33819,1451,1452,1453,1454,1455,1011,27,33818,3452,1458,60,7896],"class_list":{"0":"post-211659","1":"post","2":"type-post","3":"status-publish","4":"format-standard","5":"has-post-thumbnail","7":"category-f1","8":"tag-assen","9":"tag-f1","10":"tag-formula-1","11":"tag-formula1","12":"tag-formule-1","13":"tag-formule1","14":"tag-fr","15":"tag-france","16":"tag-gp-des-pays-bas","17":"tag-gresini-racing","18":"tag-motogp","19":"tag-sports","20":"tag-u00c1lex-mu00e1rquez"},"share_on_mastodon":{"url":"https:\/\/pubeurope.com\/@fr\/114762736289664947","error":""},"_links":{"self":[{"href":"https:\/\/www.europesays.com\/fr\/wp-json\/wp\/v2\/posts\/211659","targetHints":{"allow":["GET"]}}],"collection":[{"href":"https:\/\/www.europesays.com\/fr\/wp-json\/wp\/v2\/posts"}],"about":[{"href":"https:\/\/www.europesays.com\/fr\/wp-json\/wp\/v2\/types\/post"}],"author":[{"embeddable":true,"href":"https:\/\/www.europesays.com\/fr\/wp-json\/wp\/v2\/users\/2"}],"replies":[{"embeddable":true,"href":"https:\/\/www.europesays.com\/fr\/wp-json\/wp\/v2\/comments?post=211659"}],"version-history":[{"count":0,"href":"https:\/\/www.europesays.com\/fr\/wp-json\/wp\/v2\/posts\/211659\/revisions"}],"wp:featuredmedia":[{"embeddable":true,"href":"https:\/\/www.europesays.com\/fr\/wp-json\/wp\/v2\/media\/211660"}],"wp:attachment":[{"href":"https:\/\/www.europesays.com\/fr\/wp-json\/wp\/v2\/media?parent=211659"}],"wp:term":[{"taxonomy":"category","embeddable":true,"href":"https:\/\/www.europesays.com\/fr\/wp-json\/wp\/v2\/categories?post=211659"},{"taxonomy":"post_tag","embeddable":true,"href":"https:\/\/www.europesays.com\/fr\/wp-json\/wp\/v2\/tags?post=211659"}],"curies":[{"name":"wp","href":"https:\/\/api.w.org\/{rel}","templated":true}]}}