{"id":211668,"date":"2025-06-28T19:56:13","date_gmt":"2025-06-28T19:56:13","guid":{"rendered":"https:\/\/www.europesays.com\/fr\/211668\/"},"modified":"2025-06-28T19:56:13","modified_gmt":"2025-06-28T19:56:13","slug":"succes-pour-ce-prix-litteraire-ou-ce-sont-les-bebes-qui-votent","status":"publish","type":"post","link":"https:\/\/www.europesays.com\/fr\/211668\/","title":{"rendered":"succ\u00e8s pour ce prix litt\u00e9raire o\u00f9 ce sont les b\u00e9b\u00e9s qui votent"},"content":{"rendered":"<p>            Par<br \/>\n        <strong><br \/>\n            <a href=\"https:\/\/actu.fr\/auteur\/redaction-informateur\" title=\"Consulter tous les articles de R\u00e9daction Eu\" target=\"_blank\" rel=\"noopener\">R\u00e9daction Eu<\/a><br \/>\n        <\/strong><\/p>\n<p>        Publi\u00e9 le<\/p>\n<p>            28 juin 2025 \u00e0 20h20        <\/p>\n<p>Permettre aux b\u00e9b\u00e9s de <b>voter pour leur livre pr\u00e9f\u00e9r\u00e9<\/b> : voici le but du <b>Grand prix des petits pas<\/b>, mis en place \u00e0 la m\u00e9diath\u00e8que<a href=\"https:\/\/actu.fr\/normandie\/le-treport_76711\" target=\"_blank\" rel=\"noopener\"> du Tr\u00e9port<\/a> (Seine-Maritime). Pour cette <b>2\u00e8me \u00e9dition du projet<\/b>, ce ne sont pas moins de <b>90 familles qui ont particip\u00e9<\/b> au prix.\u00a0<\/p>\n<p class=\" wall-content\">Le th\u00e8me choisi pour faire la s\u00e9lection des livres \u00e9tait : les arts. Neuf ateliers ont eu lieu autour de cette th\u00e9matique \u00e0 la m\u00e9diath\u00e8que, avec des enfants des \u00e9coles, des centres de loisirs et les moussaillons (lieu d\u2019accueil parents enfants) \u00e9taient concern\u00e9s.<\/p>\n<p class=\" wall-content\">Cette ann\u00e9e, ce sont 4 livres choisit par l\u2019\u00e9quipe de la m\u00e9diath\u00e8que (voir encadr\u00e9). Les votes ont \u00e9t\u00e9 serr\u00e9s et c\u2019est finalement le man\u00e8ge magique de Jeanne Boyer qui remporte ce prix. Le livre raconte les aventures de Miko, un chat qui s\u2019envole haut dans le ciel \u00e0 bord de son avion et qui monte \u00e0 califourchon sur un dauphin pour sauter par-dessus les vagues.<\/p>\n<p class=\" wall-content\">Pour le plus grand bonheur des enfants, une place pour un ticket de man\u00e8ge sur le Carrousel du Tr\u00e9port a \u00e9t\u00e9 offert par la propri\u00e9taire, Aur\u00e9lie Renaud. \u00c0 l\u2019issue de l\u2019annonce, les enfants ont particip\u00e9 \u00e0 un atelier dessin.<\/p>\n<p class=\" wall-content\">La maman de C\u00f4me, qui a particip\u00e9 au grand prix des petits pas, raconte l\u2019exp\u00e9rience avec son fils qui a tout juste 13 mois. \u00ab\u00a0L\u2019\u00e2ge du petit n\u2019a pas \u00e9t\u00e9 une contrainte, cela a m\u00eame \u00e9t\u00e9 rigolo. Il appr\u00e9ciait particuli\u00e8rement le coq polyglotte, il poussait le livre quand ce n\u2019\u00e9tait pas ce dernier qu\u2019on lisait\u00a0\u00bb.\u00a0<\/p>\n<p>Vid\u00e9os : en ce moment sur ActuLa s\u00e9lection<\/p>\n<p>&gt; Le man\u00e8ge magique de Jeanne Boyer<br \/>&#13;<br \/>\n&gt; Le coq Polyglotte de Marie-Darme Rizzo<br \/>&#13;<br \/>\n&gt; Le lion dans le livre de Daniel Chaperon<br \/>&#13;<br \/>\n&gt; Mojo cherche une cachette d&rsquo;Ad\u00e8le Verlinden.\u00a0<\/p>\n<p class=\" wall-content\">L\u2019objectif du grand prix des petits pas est en effet de permettre \u00e0 tous, aux plus jeunes comme aux plus \u00e2g\u00e9s de participer et de favoriser l\u2019\u00e9veil. Comme le dit Alisson, la biblioth\u00e9caire qui a mis en place le projet avec le soutien de ses coll\u00e8gues, \u00ab\u00a0on veut prouver qu\u2019\u00e0 tout \u00e2ge on peut r\u00e9agir \u00e0 la litt\u00e9rature. Les enfants faisaient des grimaces ou des sourires selon les couleurs et les images.\u00a0\u00bb<\/p>\n<p class=\" wall-content\">Avec ce succ\u00e8s, l\u2019\u00e9quipe de la m\u00e9diath\u00e8que se dit pr\u00eate \u00e0 renouveler l\u2019\u00e9v\u00e8nement l\u2019an prochain. Un parent ou un professionnel pourraient \u00eatre impliqu\u00e9s dans le choix des livres en 2026.<\/p>\n<p class=\" wall-content\">Suivez toute l\u2019actualit\u00e9 de vos villes et m\u00e9dias favoris en vous inscrivant \u00e0 <a href=\"https:\/\/moncompte.actu.fr\" title=\"D\u00e9couvez Mon Actu\" rel=\"nofollow noopener\" data-trk=\"{&quot;cta&quot;:{&quot;action&quot;:&quot;https:\\\/\\\/moncompte.actu.fr&quot;,&quot;category&quot;:&quot;mon compte&quot;,&quot;from&quot;:&quot;article footer&quot;,&quot;name&quot;:&quot;Mon actu&quot;,&quot;type&quot;:&quot;cta&quot;}}\" target=\"_blank\">Mon Actu<\/a>.<\/p>\n","protected":false},"excerpt":{"rendered":"Par R\u00e9daction Eu Publi\u00e9 le 28 juin 2025 \u00e0 20h20 Permettre aux b\u00e9b\u00e9s de voter pour leur livre&hellip;\n","protected":false},"author":2,"featured_media":211669,"comment_status":"","ping_status":"","sticky":false,"template":"","format":"standard","meta":{"footnotes":""},"categories":[1357],"tags":[1379,58,59,1011,27,1380,1652,3587],"class_list":{"0":"post-211668","1":"post","2":"type-post","3":"status-publish","4":"format-standard","5":"has-post-thumbnail","7":"category-livres","8":"tag-books","9":"tag-divertissement","10":"tag-entertainment","11":"tag-fr","12":"tag-france","13":"tag-livres","14":"tag-loisirs-culture","15":"tag-villes-soeurs"},"share_on_mastodon":{"url":"https:\/\/pubeurope.com\/@fr\/114762756077481088","error":""},"_links":{"self":[{"href":"https:\/\/www.europesays.com\/fr\/wp-json\/wp\/v2\/posts\/211668","targetHints":{"allow":["GET"]}}],"collection":[{"href":"https:\/\/www.europesays.com\/fr\/wp-json\/wp\/v2\/posts"}],"about":[{"href":"https:\/\/www.europesays.com\/fr\/wp-json\/wp\/v2\/types\/post"}],"author":[{"embeddable":true,"href":"https:\/\/www.europesays.com\/fr\/wp-json\/wp\/v2\/users\/2"}],"replies":[{"embeddable":true,"href":"https:\/\/www.europesays.com\/fr\/wp-json\/wp\/v2\/comments?post=211668"}],"version-history":[{"count":0,"href":"https:\/\/www.europesays.com\/fr\/wp-json\/wp\/v2\/posts\/211668\/revisions"}],"wp:featuredmedia":[{"embeddable":true,"href":"https:\/\/www.europesays.com\/fr\/wp-json\/wp\/v2\/media\/211669"}],"wp:attachment":[{"href":"https:\/\/www.europesays.com\/fr\/wp-json\/wp\/v2\/media?parent=211668"}],"wp:term":[{"taxonomy":"category","embeddable":true,"href":"https:\/\/www.europesays.com\/fr\/wp-json\/wp\/v2\/categories?post=211668"},{"taxonomy":"post_tag","embeddable":true,"href":"https:\/\/www.europesays.com\/fr\/wp-json\/wp\/v2\/tags?post=211668"}],"curies":[{"name":"wp","href":"https:\/\/api.w.org\/{rel}","templated":true}]}}