{"id":211672,"date":"2025-06-28T19:58:10","date_gmt":"2025-06-28T19:58:10","guid":{"rendered":"https:\/\/www.europesays.com\/fr\/211672\/"},"modified":"2025-06-28T19:58:10","modified_gmt":"2025-06-28T19:58:10","slug":"une-ode-a-lexcitation-habituee-des-textes-poetiques-lorde-a-devoile-la-chanson-la-plus-torride-de-lete","status":"publish","type":"post","link":"https:\/\/www.europesays.com\/fr\/211672\/","title":{"rendered":"\u00ab\u00a0Une ode \u00e0 l&rsquo;excitation\u00a0\u00bb\u00a0: habitu\u00e9e des textes po\u00e9tiques, Lorde a d\u00e9voil\u00e9 la chanson la plus torride de l&rsquo;\u00e9t\u00e9"},"content":{"rendered":"<p class=\"ap-StoryElement ap-StoryElement--mb ap-StoryText\">L&rsquo;\u00e9t\u00e9 est arriv\u00e9, et les adeptes de musique cherchent la bande-son qui rythmera les trois mois \u00e0 venir. Certains ont d\u00e9j\u00e0 fait leur choix, d&rsquo;autres attendent la p\u00e9pite qui entrera dans leurs oreilles pour n&rsquo;en sortir qu&rsquo;une fois le soleil d\u00e9finitivement reparti. Qui dit \u00e9t\u00e9 dit <b>chaleur<\/b>, et \u00e7a, Lorde l&rsquo;a compris dans un sens bien particulier.<\/p>\n<p class=\"ap-StoryElement ap-StoryElement--mb ap-StoryText\">Quatre ans apr\u00e8s son dernier album Solar Power, la chanteuse n\u00e9o-z\u00e9landaise a d\u00e9voil\u00e9 ce mercredi un nouvel opus, intitul\u00e9 Virgin. Parmi les titres qui y figurent, il en est un dont les paroles attirent particuli\u00e8rement l&rsquo;attention, comme l&rsquo;a relev\u00e9 le m\u00e9dia Bustle. Le but compl\u00e8tement assum\u00e9 de Lorde ? \u00ab\u00a0<b>R\u00e9aliser la chanson la plus coquine<\/b>\u00ab\u00a0.<\/p>\n","protected":false},"excerpt":{"rendered":"L&rsquo;\u00e9t\u00e9 est arriv\u00e9, et les adeptes de musique cherchent la bande-son qui rythmera les trois mois \u00e0 venir.&hellip;\n","protected":false},"author":2,"featured_media":211673,"comment_status":"","ping_status":"","sticky":false,"template":"","format":"standard","meta":{"footnotes":""},"categories":[1355],"tags":[1695,58,59,1011,27,35140,12270,1361,873,35141],"class_list":{"0":"post-211672","1":"post","2":"type-post","3":"status-publish","4":"format-standard","5":"has-post-thumbnail","7":"category-musique","8":"tag-chanson","9":"tag-divertissement","10":"tag-entertainment","11":"tag-fr","12":"tag-france","13":"tag-hammer","14":"tag-lorde","15":"tag-music","16":"tag-musique","17":"tag-torride"},"share_on_mastodon":{"url":"https:\/\/pubeurope.com\/@fr\/114762764147837895","error":""},"_links":{"self":[{"href":"https:\/\/www.europesays.com\/fr\/wp-json\/wp\/v2\/posts\/211672","targetHints":{"allow":["GET"]}}],"collection":[{"href":"https:\/\/www.europesays.com\/fr\/wp-json\/wp\/v2\/posts"}],"about":[{"href":"https:\/\/www.europesays.com\/fr\/wp-json\/wp\/v2\/types\/post"}],"author":[{"embeddable":true,"href":"https:\/\/www.europesays.com\/fr\/wp-json\/wp\/v2\/users\/2"}],"replies":[{"embeddable":true,"href":"https:\/\/www.europesays.com\/fr\/wp-json\/wp\/v2\/comments?post=211672"}],"version-history":[{"count":0,"href":"https:\/\/www.europesays.com\/fr\/wp-json\/wp\/v2\/posts\/211672\/revisions"}],"wp:featuredmedia":[{"embeddable":true,"href":"https:\/\/www.europesays.com\/fr\/wp-json\/wp\/v2\/media\/211673"}],"wp:attachment":[{"href":"https:\/\/www.europesays.com\/fr\/wp-json\/wp\/v2\/media?parent=211672"}],"wp:term":[{"taxonomy":"category","embeddable":true,"href":"https:\/\/www.europesays.com\/fr\/wp-json\/wp\/v2\/categories?post=211672"},{"taxonomy":"post_tag","embeddable":true,"href":"https:\/\/www.europesays.com\/fr\/wp-json\/wp\/v2\/tags?post=211672"}],"curies":[{"name":"wp","href":"https:\/\/api.w.org\/{rel}","templated":true}]}}