{"id":211676,"date":"2025-06-28T20:00:12","date_gmt":"2025-06-28T20:00:12","guid":{"rendered":"https:\/\/www.europesays.com\/fr\/211676\/"},"modified":"2025-06-28T20:00:12","modified_gmt":"2025-06-28T20:00:12","slug":"la-ville-distribue-2-500-pieges-aux-habitants","status":"publish","type":"post","link":"https:\/\/www.europesays.com\/fr\/211676\/","title":{"rendered":"la Ville distribue 2\u00a0500 pi\u00e8ges aux habitants"},"content":{"rendered":"<p class=\"insetTitle\">Comment obtenir un pi\u00e8ge pondoir\u00a0?<\/p>\n<p>La distribution de pi\u00e8ges pondoirs contre les moustiques-tigres est une campagne gratuite de la Ville de Dijon, mais elle est soumise \u00e0 des conditions\u00a0:<\/p>\n<p> \u25b6 \u2002 r\u00e9sider dans les deux quartiers cibl\u00e9s\u00a0: Port du Canal \u2013 Bourroches et Chevreul \u2013 Parc<\/p>\n<p> \u25b6 \u2002 habiter une maison individuelle ou un appartement en rez-de-chauss\u00e9e avec jardin<\/p>\n<p> \u25b6 \u2002 remplir et valider un <a href=\"https:\/\/eservices.dijon.fr\/Pages\/MosquitoTrap\/inscription\" target=\"_blank\" rel=\"noopener\">formulaire d\u2019inscription en ligne<\/a> avec la charte d\u2019engagement, lien ci-dessous\u00a0:<\/p>\n<p>Concernant le retrait du pi\u00e8ge pondoir, il se fera du 30\u00a0juin au 4\u00a0juillet \u00e0 l\u2019accueil du CCAS, 11, rue de l\u2019H\u00f4pital, ou \u00e0 la mairie annexe des Bourroches, au 32, boulevard Eug\u00e8ne-Fyot, de 9 heures \u00e0 midi et de 13\u00a0h\u00a030 \u00e0 17 heures.<\/p>\n<p>Attention\u00a0: un seul pi\u00e8ge pondoir par foyer, dans la limite des kits disponibles. Les demandes seront trait\u00e9es par ordre d\u2019arriv\u00e9e.<\/p>\n","protected":false},"excerpt":{"rendered":"Comment obtenir un pi\u00e8ge pondoir\u00a0? La distribution de pi\u00e8ges pondoirs contre les moustiques-tigres est une campagne gratuite de&hellip;\n","protected":false},"author":2,"featured_media":211677,"comment_status":"","ping_status":"","sticky":false,"template":"","format":"standard","meta":{"footnotes":""},"categories":[10],"tags":[1867,1984,2930,8587,8588,436,107,1011,27,72,316,71,104],"class_list":{"0":"post-211676","1":"post","2":"type-post","3":"status-publish","4":"format-standard","5":"has-post-thumbnail","7":"category-sante","8":"tag-animaux","9":"tag-conseil-municipal","10":"tag-dijon","11":"tag-dijon-ville","12":"tag-edition-dijon-et-son-agglomeration","13":"tag-environnement","14":"tag-fil-info","15":"tag-fr","16":"tag-france","17":"tag-health","18":"tag-politique","19":"tag-sante","20":"tag-societe"},"share_on_mastodon":{"url":"https:\/\/pubeurope.com\/@fr\/114762771573422333","error":""},"_links":{"self":[{"href":"https:\/\/www.europesays.com\/fr\/wp-json\/wp\/v2\/posts\/211676","targetHints":{"allow":["GET"]}}],"collection":[{"href":"https:\/\/www.europesays.com\/fr\/wp-json\/wp\/v2\/posts"}],"about":[{"href":"https:\/\/www.europesays.com\/fr\/wp-json\/wp\/v2\/types\/post"}],"author":[{"embeddable":true,"href":"https:\/\/www.europesays.com\/fr\/wp-json\/wp\/v2\/users\/2"}],"replies":[{"embeddable":true,"href":"https:\/\/www.europesays.com\/fr\/wp-json\/wp\/v2\/comments?post=211676"}],"version-history":[{"count":0,"href":"https:\/\/www.europesays.com\/fr\/wp-json\/wp\/v2\/posts\/211676\/revisions"}],"wp:featuredmedia":[{"embeddable":true,"href":"https:\/\/www.europesays.com\/fr\/wp-json\/wp\/v2\/media\/211677"}],"wp:attachment":[{"href":"https:\/\/www.europesays.com\/fr\/wp-json\/wp\/v2\/media?parent=211676"}],"wp:term":[{"taxonomy":"category","embeddable":true,"href":"https:\/\/www.europesays.com\/fr\/wp-json\/wp\/v2\/categories?post=211676"},{"taxonomy":"post_tag","embeddable":true,"href":"https:\/\/www.europesays.com\/fr\/wp-json\/wp\/v2\/tags?post=211676"}],"curies":[{"name":"wp","href":"https:\/\/api.w.org\/{rel}","templated":true}]}}