{"id":211690,"date":"2025-06-28T20:07:09","date_gmt":"2025-06-28T20:07:09","guid":{"rendered":"https:\/\/www.europesays.com\/fr\/211690\/"},"modified":"2025-06-28T20:07:09","modified_gmt":"2025-06-28T20:07:09","slug":"francois-hollande-explique-pourquoi-il-votera-contre-le-gouvernement-bayrou","status":"publish","type":"post","link":"https:\/\/www.europesays.com\/fr\/211690\/","title":{"rendered":"Fran\u00e7ois Hollande explique pourquoi il votera contre le gouvernement Bayrou"},"content":{"rendered":"<p>Le d\u00e9put\u00e9 de Corr\u00e8ze pr\u00e9cise au Parisien qu\u2019il votera le texte \u00abd\u00e8s lors que le Rassemblement national ne s\u2019y associera pas\u00bb.<\/p>\n<p class=\"fig-paragraph\">L\u2019<a href=\"http:\/\/www.lefigaro.fr\/politique\/il-y-a-un-espace-qui-s-ouvre-en-ardeche-francois-hollande-rode-sa-future-campagne-20250523\" target=\"_blank\" data-fig-type=\"Article\" rel=\"noopener nofollow\" data-gtm-custom-categorie=\"navigation\" data-gtm-custom-action=\"crossclick\" data-gtm-custom-label=\"Contextuel\" data-gtm-event=\"customEventSPE\" data-fig-domain=\"LEFIGARO\">ancien pr\u00e9sident de la R\u00e9publique<\/a>, d\u2019abord d\u00e9favorable au d\u00e9p\u00f4t d\u2019une motion de\u00a0<a href=\"http:\/\/www.lefigaro.fr\/politique\/le-ps-opte-pour-la-censure-et-place-le-rn-en-arbitre-apres-l-echec-de-la-methode-bayrou-sur-les-retraites-20250624\" target=\"_blank\" data-fig-type=\"Article\" rel=\"noopener nofollow\" data-gtm-custom-categorie=\"navigation\" data-gtm-custom-action=\"crossclick\" data-gtm-custom-label=\"Contextuel\" data-gtm-event=\"customEventSPE\" data-fig-domain=\"LEFIGARO\">censure contre le gouvernement de Fran\u00e7ois Bayrou<\/a>, explique ce samedi 28 juin, dans un\u00a0<a href=\"https:\/\/www.leparisien.fr\/politique\/francois-hollande-je-voterai-la-motion-de-censure-28-06-2025-HRW6NFLJGJGIVPMFSAPBQ5IQVE.php?ts=1751133805937\" target=\"_blank\" rel=\"noopener nofollow\" data-gtm-custom-categorie=\"navigation\" data-gtm-custom-action=\"crossclick\" data-gtm-custom-label=\"Contextuel\" data-gtm-event=\"customEventSPE\">entretien accord\u00e9 au Parisien<\/a>, pourquoi il la votera finalement. Jeudi, le groupe Parti socialiste \u00e0 l\u2019Assembl\u00e9e nationale a effectivement d\u00e9pos\u00e9 sa motion de censure contre le maire de Pau, reprochant au premier ministre d\u2019avoir refus\u00e9 de d\u00e9poser un projet de loi sur les retraites permettant au Parlement de \u00abd\u00e9battre de tout\u00bb, y compris du retour \u00e0 un \u00e2ge de d\u00e9part fix\u00e9 \u00e0 62 ans.<\/p>\n<p class=\"fig-paragraph\">\u00abJ\u2019ai une position de principe\u00a0: ne pas ajouter de l\u2019instabilit\u00e9 \u00e0 l\u2019immobilisme. Je suis donc oppos\u00e9 \u00e0 toute pr\u00e9cipitation du calendrier \u00e9lectoral. Mais je comprends la d\u00e9marche du groupe socialiste d\u2019adresser un coup de semonce au gouvernement qui a manqu\u00e9 \u00e0 son engagement de d\u00e9poser un texte sur les retraites au lendemain du conclave\u00bb, explique Fran\u00e7ois Hollande.<\/p>\n<p>\u00abD\u00e8s lors que le RN ne s\u2019y associera pas\u00bb<\/p>\n<p class=\"fig-paragraph\">Toutefois, pr\u00e9cise le d\u00e9put\u00e9 de Corr\u00e8ze, ce dernier votera la motion \u00abd\u00e8s lors que le Rassemblement national ne s\u2019y associera pas\u00bb. \u00abPour la suite, je soutiendrai toutes mesures favorables pour\u00a0<a href=\"http:\/\/www.lefigaro.fr\/social\/depart-anticipe-revalorisation-des-pensions-les-propositions-du-conclave-pour-ameliorer-la-retraite-des-femmes-20250627\" data-fig-type=\"NewsFlash\" data-gtm-custom-categorie=\"navigation\" data-gtm-custom-action=\"crossclick\" data-gtm-custom-label=\"Contextuel\" data-gtm-event=\"customEventSPE\" data-fig-domain=\"LEFIGARO\" rel=\"nofollow noopener\" target=\"_blank\">les retraites des femmes<\/a> , pour l\u2019abaissement de l\u2019\u00e2ge de d\u00e9part sans d\u00e9cote, et surtout pour la reconnaissance de la p\u00e9nibilit\u00e9 si le gouvernement venait \u00e0 les reprendre malgr\u00e9 l\u2019obstruction du patronat\u00bb, conclut Fran\u00e7ois Hollande.<\/p>\n<p class=\"fig-paragraph\">Les socialistes reprochent \u00e0 Fran\u00e7ois Bayrou de ne pas avoir tenu parole au sujet des retraites, estimant qu\u2019il s\u2019\u00e9tait engag\u00e9 \u00e0 donner \u00able dernier mot\u00bb au Parlement et \u00e0 lui permettre de \u00abd\u00e9battre de tout, et en particulier de la mesure d\u2019\u00e2ge, c\u2019est-\u00e0-dire la retraite \u00e0 62 ans\u00bb, \u00e0 l\u2019issue du \u00abconclave\u00bb des partenaires sociaux install\u00e9 en f\u00e9vrier pour r\u00e9fl\u00e9chir de nouveau \u00e0 la question.<\/p>\n<p class=\"fig-paragraph\">Le PS s\u2019appuie sur un courrier du locataire de Matignon aux parlementaires socialistes en janvier 2025, lorsqu\u2019il cherchait un accord politique pour faire passer les budgets de l\u2019\u00c9tat et de la S\u00e9curit\u00e9 sociale. Le premier ministre plaidait pour une discussion entre partenaires sociaux \u00absans totem ni tabou, pas m\u00eame l\u2019\u00e2ge l\u00e9gal d\u2019ouverture des droits\u00bb. Il posait toutefois comme condition \u00abun accord politique et (un) \u00e9quilibre financier global maintenu\u00bb.<\/p>\n<p>LFI regrette le \u00absectarisme du PS\u00bb<\/p>\n<p class=\"fig-paragraph\">La France insoumise a regrett\u00e9 dans un communiqu\u00e9 le \u00absectarisme\u00bb du PS, qui a choisi de d\u00e9poser sa motion seul, refusant \u00abune motion de censure commune de toute la gauche\u00bb comme le souhaitaient LFI, le groupe GDR (communistes et ultra-marins) et le groupe \u00e9cologiste et social.<\/p>\n<p class=\"fig-paragraph\">Interrog\u00e9 par l\u2019AFP, le groupe PS a affirm\u00e9 avoir fait ce choix dans la mesure o\u00f9 c\u2019est vis-\u00e0-vis du PS que Fran\u00e7ois Bayrou avait pris un engagement. Pour la France insoumise, la motion \u00absera une heure de v\u00e9rit\u00e9\u00a0: tous ceux qui ne (la) voteront pas seront complices du maintien au pouvoir du macronisme et de la retraite \u00e0 64 ans\u00bb, a-t-elle \u00e9crit, visant le RN.<\/p>\n","protected":false},"excerpt":{"rendered":"Le d\u00e9put\u00e9 de Corr\u00e8ze pr\u00e9cise au Parisien qu\u2019il votera le texte \u00abd\u00e8s lors que le Rassemblement national ne&hellip;\n","protected":false},"author":2,"featured_media":211691,"comment_status":"","ping_status":"","sticky":false,"template":"","format":"standard","meta":{"footnotes":""},"categories":[2],"tags":[11,426,427,422,423,1011,27,3082,431,418,424,425,420,421,12,419,316,429,428],"class_list":{"0":"post-211690","1":"post","2":"type-post","3":"status-publish","4":"format-standard","5":"has-post-thumbnail","7":"category-actualites","8":"tag-actualites","9":"tag-candidat","10":"tag-candidats","11":"tag-depute","12":"tag-deputes","13":"tag-fr","14":"tag-france","15":"tag-francois-hollande","16":"tag-francois-bayrou","17":"tag-gouvernement","18":"tag-institution","19":"tag-institutions","20":"tag-loi","21":"tag-lois","22":"tag-news","23":"tag-opposition","24":"tag-politique","25":"tag-ps","26":"tag-ump"},"share_on_mastodon":{"url":"https:\/\/pubeurope.com\/@fr\/114762799135020285","error":""},"_links":{"self":[{"href":"https:\/\/www.europesays.com\/fr\/wp-json\/wp\/v2\/posts\/211690","targetHints":{"allow":["GET"]}}],"collection":[{"href":"https:\/\/www.europesays.com\/fr\/wp-json\/wp\/v2\/posts"}],"about":[{"href":"https:\/\/www.europesays.com\/fr\/wp-json\/wp\/v2\/types\/post"}],"author":[{"embeddable":true,"href":"https:\/\/www.europesays.com\/fr\/wp-json\/wp\/v2\/users\/2"}],"replies":[{"embeddable":true,"href":"https:\/\/www.europesays.com\/fr\/wp-json\/wp\/v2\/comments?post=211690"}],"version-history":[{"count":0,"href":"https:\/\/www.europesays.com\/fr\/wp-json\/wp\/v2\/posts\/211690\/revisions"}],"wp:featuredmedia":[{"embeddable":true,"href":"https:\/\/www.europesays.com\/fr\/wp-json\/wp\/v2\/media\/211691"}],"wp:attachment":[{"href":"https:\/\/www.europesays.com\/fr\/wp-json\/wp\/v2\/media?parent=211690"}],"wp:term":[{"taxonomy":"category","embeddable":true,"href":"https:\/\/www.europesays.com\/fr\/wp-json\/wp\/v2\/categories?post=211690"},{"taxonomy":"post_tag","embeddable":true,"href":"https:\/\/www.europesays.com\/fr\/wp-json\/wp\/v2\/tags?post=211690"}],"curies":[{"name":"wp","href":"https:\/\/api.w.org\/{rel}","templated":true}]}}