{"id":211694,"date":"2025-06-28T20:09:14","date_gmt":"2025-06-28T20:09:14","guid":{"rendered":"https:\/\/www.europesays.com\/fr\/211694\/"},"modified":"2025-06-28T20:09:14","modified_gmt":"2025-06-28T20:09:14","slug":"une-petition-pour-le-maintien-de-john-textor-lancee-a-saint-etienne-france-olympique-lyonnais","status":"publish","type":"post","link":"https:\/\/www.europesays.com\/fr\/211694\/","title":{"rendered":"Une p\u00e9tition pour le maintien de John Textor lanc\u00e9e \u00e0 Saint-\u00c9tienne &#8211; France &#8211; Olympique lyonnais"},"content":{"rendered":"<p>Comme quoi, tout est une question de perspective.<\/p>\n<p><a target=\"_blank\" href=\"https:\/\/www.sofoot.com\/breves\/john-textor-annonce-prendre-ses-distances-avec-lol\" rel=\"noopener nofollow\">Pendant que les supporters lyonnais manifestaient devant le Groupama Stadium pour r\u00e9clamer le d\u00e9part de John Textor<\/a> et que l\u2019int\u00e9ress\u00e9 annon\u00e7ait sa volont\u00e9 de prendre du recul, d\u2019autres affichent leur volont\u00e9 de voir l\u2019Am\u00e9ricain rester \u00e0 la t\u00eate de l\u2019OL. Du c\u00f4t\u00e9 de Saint-\u00c9tienne, plus pr\u00e9cis\u00e9ment,<strong> <a target=\"_blank\" href=\"https:\/\/www.change.org\/p\/pour-le-maintien-de-textor-%C3%A0-la-t%C3%AAte-de-l-ol?recruiter=1369475401&amp;recruited_by_id=b77539a0-09bc-11f0-a766-7f1c39ac7815&amp;utm_source=share_petition&amp;utm_campaign=petition_dashboard&amp;utm_medium=copylink\" rel=\"noopener nofollow\">o\u00f9 certains supporters ont lanc\u00e9 une p\u00e9tition pour le maintien \u00e0 son poste du cow-boy pr\u00e9f\u00e9r\u00e9 de la Ligue 1<\/a><\/strong>. Chez le voisin honni, Textor est d\u00e9sormais consid\u00e9r\u00e9 avec un brin d\u2019ironie comme un \u00ab\u202fenfant du Forez\u202f\u00bb. \u00ab\u202fJohn Textor fait un travail formidable : il faut le laisser continuer ! Serrons nous les coudes et encourageons le \u00e0 ne rien l\u00e2cher afin de retrouver les sommets europ\u00e9ens ! Vas y John, continue, acc\u00e9l\u00e8re, tout Rh\u00f4ne Alpes est derri\u00e8re toi !\u202f\u00bb, peut-on m\u00eame lire sur la page d\u2019accueil de la p\u00e9tition, <strong>qui a pour l\u2019heure recueilli une trentaine de signatures<\/strong>. Voil\u00e0 de quoi redonner un l\u00e9ger sourire aux St\u00e9phanois, qui ne s\u2019imaginaient pas vraiment retrouver la tension d\u2019un derby la saison prochaine en Ligue 2.<\/p>\n<p>On ne le r\u00e9p\u00e8tera jamais assez : il est important de se mobiliser pour faire bouger les choses dans ce monde de brutes.<\/p>\n<p>\t\t\t\t\t\t\t\t\t\t<a class=\"lien-connexe\" href=\"https:\/\/www.sofoot.com\/breves\/john-textor-annonce-prendre-ses-distances-avec-lol\" rel=\"nofollow noopener\" target=\"_blank\">John Textor annonce prendre ses distances avec l&rsquo;OL<\/a>\t\t\t\t\t<\/p>\n","protected":false},"excerpt":{"rendered":"Comme quoi, tout est une question de perspective. Pendant que les supporters lyonnais manifestaient devant le Groupama Stadium&hellip;\n","protected":false},"author":2,"featured_media":211695,"comment_status":"","ping_status":"","sticky":false,"template":"","format":"standard","meta":{"footnotes":""},"categories":[9653],"tags":[1111,47,11,61,2430,69,65,64,1777,674,63,1011,27,68,66,12,62,70,25,4001,67],"class_list":{"0":"post-211694","1":"post","2":"type-post","3":"status-publish","4":"format-standard","5":"has-post-thumbnail","7":"category-saint-etienne","8":"tag-actu","9":"tag-actualite","10":"tag-actualites","11":"tag-actus-football","12":"tag-auvergne-rhone-alpes","13":"tag-bundesliga","14":"tag-championnats-europeens","15":"tag-equipe-de-france","16":"tag-eu","17":"tag-europe","18":"tag-football","19":"tag-fr","20":"tag-france","21":"tag-ligua","22":"tag-ligue-1","23":"tag-news","24":"tag-news-foot","25":"tag-premier-league","26":"tag-republique-francaise","27":"tag-saint-etienne","28":"tag-serie-a"},"share_on_mastodon":{"url":"https:\/\/pubeurope.com\/@fr\/114762806925634667","error":""},"_links":{"self":[{"href":"https:\/\/www.europesays.com\/fr\/wp-json\/wp\/v2\/posts\/211694","targetHints":{"allow":["GET"]}}],"collection":[{"href":"https:\/\/www.europesays.com\/fr\/wp-json\/wp\/v2\/posts"}],"about":[{"href":"https:\/\/www.europesays.com\/fr\/wp-json\/wp\/v2\/types\/post"}],"author":[{"embeddable":true,"href":"https:\/\/www.europesays.com\/fr\/wp-json\/wp\/v2\/users\/2"}],"replies":[{"embeddable":true,"href":"https:\/\/www.europesays.com\/fr\/wp-json\/wp\/v2\/comments?post=211694"}],"version-history":[{"count":0,"href":"https:\/\/www.europesays.com\/fr\/wp-json\/wp\/v2\/posts\/211694\/revisions"}],"wp:featuredmedia":[{"embeddable":true,"href":"https:\/\/www.europesays.com\/fr\/wp-json\/wp\/v2\/media\/211695"}],"wp:attachment":[{"href":"https:\/\/www.europesays.com\/fr\/wp-json\/wp\/v2\/media?parent=211694"}],"wp:term":[{"taxonomy":"category","embeddable":true,"href":"https:\/\/www.europesays.com\/fr\/wp-json\/wp\/v2\/categories?post=211694"},{"taxonomy":"post_tag","embeddable":true,"href":"https:\/\/www.europesays.com\/fr\/wp-json\/wp\/v2\/tags?post=211694"}],"curies":[{"name":"wp","href":"https:\/\/api.w.org\/{rel}","templated":true}]}}