{"id":211706,"date":"2025-06-28T20:18:10","date_gmt":"2025-06-28T20:18:10","guid":{"rendered":"https:\/\/www.europesays.com\/fr\/211706\/"},"modified":"2025-06-28T20:18:10","modified_gmt":"2025-06-28T20:18:10","slug":"grenoble-un-homme-de-24-ans-legerement-blesse-dun-coup-de-couteau-lors-dune-rixe-en-centre-ville","status":"publish","type":"post","link":"https:\/\/www.europesays.com\/fr\/211706\/","title":{"rendered":"Grenoble. Un homme de 24 ans l\u00e9g\u00e8rement bless\u00e9 d&rsquo;un coup de couteau lors d&rsquo;une rixe en centre-ville"},"content":{"rendered":"<p>Un homme de 24 ans a \u00e9t\u00e9 bless\u00e9 d&rsquo;un coup de couteau lors d&rsquo;une bagarre qui a \u00e9clat\u00e9 pour une raison inconnue, ce samedi 27 juin vers 20h30, place Grenette dans le centre-ville de Grenoble.<\/p>\n<p>Touch\u00e9 au niveau du front, il a \u00e9t\u00e9 secouru par les sapeurs-pompiers et transport\u00e9 au CHU Grenoble Alpes tandis que les policiers proc\u00e9daient aux constatations pour \u00e9tablir les circonstances de l&rsquo;agression.<\/p>\n","protected":false},"excerpt":{"rendered":"Un homme de 24 ans a \u00e9t\u00e9 bless\u00e9 d&rsquo;un coup de couteau lors d&rsquo;une bagarre qui a \u00e9clat\u00e9&hellip;\n","protected":false},"author":2,"featured_media":211707,"comment_status":"","ping_status":"","sticky":false,"template":"","format":"standard","meta":{"footnotes":""},"categories":[9566],"tags":[1111,11,2430,271,272,112,1777,674,274,1011,27,2731,108,12,25],"class_list":{"0":"post-211706","1":"post","2":"type-post","3":"status-publish","4":"format-standard","5":"has-post-thumbnail","7":"category-grenoble","8":"tag-actu","9":"tag-actualites","10":"tag-auvergne-rhone-alpes","11":"tag-crime","12":"tag-delit-et-contravention","13":"tag-edition-grenoble-agglomeration","14":"tag-eu","15":"tag-europe","16":"tag-faits-divers-justice","17":"tag-fr","18":"tag-france","19":"tag-grenoble","20":"tag-isere","21":"tag-news","22":"tag-republique-francaise"},"share_on_mastodon":{"url":"https:\/\/pubeurope.com\/@fr\/114762842351090064","error":""},"_links":{"self":[{"href":"https:\/\/www.europesays.com\/fr\/wp-json\/wp\/v2\/posts\/211706","targetHints":{"allow":["GET"]}}],"collection":[{"href":"https:\/\/www.europesays.com\/fr\/wp-json\/wp\/v2\/posts"}],"about":[{"href":"https:\/\/www.europesays.com\/fr\/wp-json\/wp\/v2\/types\/post"}],"author":[{"embeddable":true,"href":"https:\/\/www.europesays.com\/fr\/wp-json\/wp\/v2\/users\/2"}],"replies":[{"embeddable":true,"href":"https:\/\/www.europesays.com\/fr\/wp-json\/wp\/v2\/comments?post=211706"}],"version-history":[{"count":0,"href":"https:\/\/www.europesays.com\/fr\/wp-json\/wp\/v2\/posts\/211706\/revisions"}],"wp:featuredmedia":[{"embeddable":true,"href":"https:\/\/www.europesays.com\/fr\/wp-json\/wp\/v2\/media\/211707"}],"wp:attachment":[{"href":"https:\/\/www.europesays.com\/fr\/wp-json\/wp\/v2\/media?parent=211706"}],"wp:term":[{"taxonomy":"category","embeddable":true,"href":"https:\/\/www.europesays.com\/fr\/wp-json\/wp\/v2\/categories?post=211706"},{"taxonomy":"post_tag","embeddable":true,"href":"https:\/\/www.europesays.com\/fr\/wp-json\/wp\/v2\/tags?post=211706"}],"curies":[{"name":"wp","href":"https:\/\/api.w.org\/{rel}","templated":true}]}}