{"id":211715,"date":"2025-06-28T20:23:10","date_gmt":"2025-06-28T20:23:10","guid":{"rendered":"https:\/\/www.europesays.com\/fr\/211715\/"},"modified":"2025-06-28T20:23:10","modified_gmt":"2025-06-28T20:23:10","slug":"de-belles-performances-mais-une-pointe-dinacheve","status":"publish","type":"post","link":"https:\/\/www.europesays.com\/fr\/211715\/","title":{"rendered":"de belles performances, mais une pointe d&rsquo;inachev\u00e9"},"content":{"rendered":"<p>Bien, mais peut mieux faire. La remarque qui noircit bien des bulletins en cette fin d\u2019ann\u00e9e scolaire sied parfaitement \u00e0 la plupart des comportements aper\u00e7us vendredi au stade de la Rotonde.<\/p>\n<p>Lazraq-Khlass comme chez elle<\/p>\n<p>La guest star du soir, la Messine Auriana Lazraq-Khlass la prend volontiers \u00e0 son compte, avec les circonstances att\u00e9nuantes pour sa part. La vice-championne d\u2019Europe de l\u2019heptathlon, victime en d\u00e9but d\u2019ann\u00e9e d\u2019une \u201cfracture de contrainte\u201d du talon, a sign\u00e9 son retour, apr\u00e8s avoir juste rendu service \u00e0 ses couleurs de Metz M\u00e9tropole, mi-mai, lors des interclubs.<\/p>\n<p>Entre la longueur \u00e0 Strasbourg, puis le 100\u00a0m haies, la hauteur et le poids ce dimanche \u00e0 \u00c9pinal lors des championnats du Grand Est, elle se remet dans le rythme, avant de prendre part le week-end prochains aux Nationaux des \u00e9preuves&#8230;<\/p>\n","protected":false},"excerpt":{"rendered":"Bien, mais peut mieux faire. La remarque qui noircit bien des bulletins en cette fin d\u2019ann\u00e9e scolaire sied&hellip;\n","protected":false},"author":2,"featured_media":211716,"comment_status":"","ping_status":"","sticky":false,"template":"","format":"standard","meta":{"footnotes":""},"categories":[2820],"tags":[1111,11,4132,2880,1777,674,1011,27,775,12,25,517,640,2879],"class_list":{"0":"post-211715","1":"post","2":"type-post","3":"status-publish","4":"format-standard","5":"has-post-thumbnail","7":"category-strasbourg","8":"tag-actu","9":"tag-actualites","10":"tag-athletisme","11":"tag-edition-strasbourg","12":"tag-eu","13":"tag-europe","14":"tag-fr","15":"tag-france","16":"tag-grand-est","17":"tag-news","18":"tag-republique-francaise","19":"tag-sport","20":"tag-strasbourg","21":"tag-strasbourg-ville"},"share_on_mastodon":{"url":"https:\/\/pubeurope.com\/@fr\/114762862026643603","error":""},"_links":{"self":[{"href":"https:\/\/www.europesays.com\/fr\/wp-json\/wp\/v2\/posts\/211715","targetHints":{"allow":["GET"]}}],"collection":[{"href":"https:\/\/www.europesays.com\/fr\/wp-json\/wp\/v2\/posts"}],"about":[{"href":"https:\/\/www.europesays.com\/fr\/wp-json\/wp\/v2\/types\/post"}],"author":[{"embeddable":true,"href":"https:\/\/www.europesays.com\/fr\/wp-json\/wp\/v2\/users\/2"}],"replies":[{"embeddable":true,"href":"https:\/\/www.europesays.com\/fr\/wp-json\/wp\/v2\/comments?post=211715"}],"version-history":[{"count":0,"href":"https:\/\/www.europesays.com\/fr\/wp-json\/wp\/v2\/posts\/211715\/revisions"}],"wp:featuredmedia":[{"embeddable":true,"href":"https:\/\/www.europesays.com\/fr\/wp-json\/wp\/v2\/media\/211716"}],"wp:attachment":[{"href":"https:\/\/www.europesays.com\/fr\/wp-json\/wp\/v2\/media?parent=211715"}],"wp:term":[{"taxonomy":"category","embeddable":true,"href":"https:\/\/www.europesays.com\/fr\/wp-json\/wp\/v2\/categories?post=211715"},{"taxonomy":"post_tag","embeddable":true,"href":"https:\/\/www.europesays.com\/fr\/wp-json\/wp\/v2\/tags?post=211715"}],"curies":[{"name":"wp","href":"https:\/\/api.w.org\/{rel}","templated":true}]}}