{"id":211717,"date":"2025-06-28T20:24:18","date_gmt":"2025-06-28T20:24:18","guid":{"rendered":"https:\/\/www.europesays.com\/fr\/211717\/"},"modified":"2025-06-28T20:24:18","modified_gmt":"2025-06-28T20:24:18","slug":"a-nice-ce-professeur-de-sport-a-eu-le-droit-a-une-emouvante-surprise-de-la-part-de-ses-eleves-pour-son-depart-a-la-retraite","status":"publish","type":"post","link":"https:\/\/www.europesays.com\/fr\/211717\/","title":{"rendered":"\u00c0 Nice, ce professeur de sport a eu le droit \u00e0 une \u00e9mouvante surprise de la part de ses \u00e9l\u00e8ves pour son d\u00e9part \u00e0 la retraite"},"content":{"rendered":"<p>Ah, l\u2019\u00e9cole ! Que l\u2019on ait \u00e9t\u00e9 plut\u00f4t bon ou mauvais \u00e9l\u00e8ve lors de notre scolarit\u00e9, on se souvient tous d\u2019un professeur qui aura marqu\u00e9 notre parcours. \u00c0 Nice, le coll\u00e8ge Maurice Jaubert, situ\u00e9 dans le quartier de l\u2019Ariane, a accueilli en 1998 un professeur de sport pas comme les autres. Ses coll\u00e8gues et les parents d\u2019\u00e9l\u00e8ves le qualifient de \u201cformateur de citoyens\u201d et saluent son engagement, notamment en faveur de l\u2019\u00e9galit\u00e9 filles-gar\u00e7ons. En effet, Jamel Jebabli avait \u0153uvr\u00e9 pour la cr\u00e9ation d\u2019une \u00e9quipe de football f\u00e9minine. \u00ab\u00a0C\u2019\u00e9tait la premi\u00e8re dans l\u2019acad\u00e9mie de Nice\u00a0\u00bb s\u2019est f\u00e9licit\u00e9 le professeur aupr\u00e8s de nos confr\u00e8res du journal local, Nice-Matin. Aujourd\u2019hui encore, la section f\u00e9minine continue de faire des \u00e9mules et une des anciennes \u00e9tudiantes de Jamel Jebabli a m\u00eame \u00e9t\u00e9 s\u00e9lectionn\u00e9e dans l\u2019\u00e9quipe du Maroc.<\/p>\n<p>Audrey Pons, l\u2019une de ses coll\u00e8gues, parle du professeur de sport comme d\u2019un \u201censeignant au grand c\u0153ur\u201d. Et pour le remercier, les \u00e9l\u00e8ves, enseignants et parents d\u2019\u00e9l\u00e8ves ont voulu faire les choses en grand. Alors qu\u2019il donnait son dernier cours d\u2019EPS (\u00e9ducation physique et sportive) le jeudi 19 juin 2025, avant son d\u00e9part \u00e0 la retraite, le personnel ainsi que les \u00e9l\u00e8ves ont r\u00e9serv\u00e9 une surprise tr\u00e8s \u00e9mouvante au professeur. \u00ab\u00a0C\u2019\u00e9tait beaucoup d\u2019\u00e9motions. Les \u00e9l\u00e8ves n\u2018ont rien dit, je n\u2019\u00e9tais pas au courant. J\u2019ai ouvert la porte du gymnase et l\u00e0, une grande haie d\u2019honneur avec tout un parcours. Il y avait des \u00e9l\u00e8ves, des coll\u00e8gues, des agents. C\u2019\u00e9tait \u00e9norme\u201d, a-t-il (&#8230;)<\/p>\n<p>(&#8230;) <a href=\"https:\/\/www.femmeactuelle.fr\/actu\/news-actu\/a-nice-ce-professeur-de-sport-a-eu-le-droit-a-une-emouvante-surprise-de-la-part-de-ses-eleves-pour-son-depart-a-la-retraite-2195086\" rel=\"nofollow noopener\" target=\"_blank\" data-ylk=\"slk:Cliquez ici pour voir la suite;elm:context_link;itc:0;sec:content-canvas\" class=\"link \">Cliquez ici pour voir la suite<\/a><\/p>\n<p><a href=\"https:\/\/www.femmeactuelle.fr\/actu\/news-actu\/jai-eu-une-mere-extraordinaire-sylvie-vartan-evoque-sa-relation-avec-sa-mere-dans-quotidien-et-lui-fait-une-belle-declaration-2189377\" rel=\"nofollow noopener\" target=\"_blank\" data-ylk=\"slk:&quot;J\u2019ai eu une m\u00e8re extraordinaire&quot; : l&#039;\u00e9mouvante d\u00e9claration d&#039;amour de Sylvie Vartan \u00e0 sa m\u00e8re;elm:context_link;itc:0;sec:content-canvas\" class=\"link \">\u00ab\u00a0J\u2019ai eu une m\u00e8re extraordinaire\u00a0\u00bb : l&rsquo;\u00e9mouvante d\u00e9claration d&rsquo;amour de Sylvie Vartan \u00e0 sa m\u00e8re<\/a><br \/><a href=\"https:\/\/www.femmeactuelle.fr\/actu\/news-actu\/cette-belle-surprise-de-jean-jacques-goldman-a-des-eleves-de-venissieux-2175547\" rel=\"nofollow noopener\" target=\"_blank\" data-ylk=\"slk:Cette belle surprise de Jean-Jacques Goldman \u00e0 des \u00e9l\u00e8ves de V\u00e9nissieux;elm:context_link;itc:0;sec:content-canvas\" class=\"link \">Cette belle surprise de Jean-Jacques Goldman \u00e0 des \u00e9l\u00e8ves de V\u00e9nissieux<\/a><br \/><a href=\"https:\/\/www.femmeactuelle.fr\/actu\/news-actu\/aurelie-casse-deja-partie-de-c-a-vous-patrick-cohen-reagit-a-ce-depart-surprise-quil-trouve-dommage-2170857\" rel=\"nofollow noopener\" target=\"_blank\" data-ylk=\"slk:Aur\u00e9lie Casse d\u00e9j\u00e0 partie de &quot;C \u00e0 vous&quot; : Patrick Cohen r\u00e9agit \u00e0 ce d\u00e9part surprise, qu&#039;il trouve &quot;dommage&quot;;elm:context_link;itc:0;sec:content-canvas\" class=\"link \">Aur\u00e9lie Casse d\u00e9j\u00e0 partie de \u00ab\u00a0C \u00e0 vous\u00a0\u00bb : Patrick Cohen r\u00e9agit \u00e0 ce d\u00e9part surprise, qu&rsquo;il trouve \u00ab\u00a0dommage\u00a0\u00bb<\/a><br \/><a href=\"https:\/\/www.femmeactuelle.fr\/actu\/news-actu\/il-y-a-eu-une-lumiere-laura-smet-devoile-le-signe-quelle-aurait-recu-de-la-part-de-johnny-hallyday-2183365\" rel=\"nofollow noopener\" target=\"_blank\" data-ylk=\"slk:&quot;Il y a eu une lumi\u00e8re&quot; : Laura Smet d\u00e9voile le signe qu\u2019elle aurait re\u00e7u de la part de Johnny Hallyday;elm:context_link;itc:0;sec:content-canvas\" class=\"link \">\u00ab\u00a0Il y a eu une lumi\u00e8re\u00a0\u00bb : Laura Smet d\u00e9voile le signe qu\u2019elle aurait re\u00e7u de la part de Johnny Hallyday<\/a><br \/><a href=\"https:\/\/www.femmeactuelle.fr\/actu\/news-actu\/marie-laure-augry-compare-le-montant-de-sa-retraite-a-celui-de-l-un-de-ses-confreres-ce-n-est-pas-la-retraite-de-jean-marc-sylvestre-2176349\" rel=\"nofollow noopener\" target=\"_blank\" data-ylk=\"slk:Marie-Laure Augry compare le montant de sa retraite \u00e0 celui de l&#039;un de ses confr\u00e8res, &quot;Ce n&#039;est pas la retraite de Jean-Marc Sylvestre !&quot;;elm:context_link;itc:0;sec:content-canvas\" class=\"link \">Marie-Laure Augry compare le montant de sa retraite \u00e0 celui de l&rsquo;un de ses confr\u00e8res, \u00ab\u00a0Ce n&rsquo;est pas la retraite de Jean-Marc Sylvestre !\u00a0\u00bb<\/a><\/p>\n","protected":false},"excerpt":{"rendered":"Ah, l\u2019\u00e9cole ! Que l\u2019on ait \u00e9t\u00e9 plut\u00f4t bon ou mauvais \u00e9l\u00e8ve lors de notre scolarit\u00e9, on se&hellip;\n","protected":false},"author":2,"featured_media":211718,"comment_status":"","ping_status":"","sticky":false,"template":"","format":"standard","meta":{"footnotes":""},"categories":[2819],"tags":[1111,11,32295,1777,674,1011,27,35146,12,2401,35145,882,25],"class_list":{"0":"post-211717","1":"post","2":"type-post","3":"status-publish","4":"format-standard","5":"has-post-thumbnail","7":"category-nice","8":"tag-actu","9":"tag-actualites","10":"tag-depart-a-la-retraite","11":"tag-eu","12":"tag-europe","13":"tag-fr","14":"tag-france","15":"tag-jamel-jebabli","16":"tag-news","17":"tag-nice","18":"tag-professeur-de-sport","19":"tag-provence-alpes-cote-dazur","20":"tag-republique-francaise"},"share_on_mastodon":{"url":"https:\/\/pubeurope.com\/@fr\/114762865921250908","error":""},"_links":{"self":[{"href":"https:\/\/www.europesays.com\/fr\/wp-json\/wp\/v2\/posts\/211717","targetHints":{"allow":["GET"]}}],"collection":[{"href":"https:\/\/www.europesays.com\/fr\/wp-json\/wp\/v2\/posts"}],"about":[{"href":"https:\/\/www.europesays.com\/fr\/wp-json\/wp\/v2\/types\/post"}],"author":[{"embeddable":true,"href":"https:\/\/www.europesays.com\/fr\/wp-json\/wp\/v2\/users\/2"}],"replies":[{"embeddable":true,"href":"https:\/\/www.europesays.com\/fr\/wp-json\/wp\/v2\/comments?post=211717"}],"version-history":[{"count":0,"href":"https:\/\/www.europesays.com\/fr\/wp-json\/wp\/v2\/posts\/211717\/revisions"}],"wp:featuredmedia":[{"embeddable":true,"href":"https:\/\/www.europesays.com\/fr\/wp-json\/wp\/v2\/media\/211718"}],"wp:attachment":[{"href":"https:\/\/www.europesays.com\/fr\/wp-json\/wp\/v2\/media?parent=211717"}],"wp:term":[{"taxonomy":"category","embeddable":true,"href":"https:\/\/www.europesays.com\/fr\/wp-json\/wp\/v2\/categories?post=211717"},{"taxonomy":"post_tag","embeddable":true,"href":"https:\/\/www.europesays.com\/fr\/wp-json\/wp\/v2\/tags?post=211717"}],"curies":[{"name":"wp","href":"https:\/\/api.w.org\/{rel}","templated":true}]}}