{"id":211738,"date":"2025-06-28T20:36:22","date_gmt":"2025-06-28T20:36:22","guid":{"rendered":"https:\/\/www.europesays.com\/fr\/211738\/"},"modified":"2025-06-28T20:36:22","modified_gmt":"2025-06-28T20:36:22","slug":"les-gendarmes-utilisent-une-technique-imparable-qui-surprend-des-dizaines-dautomobilistes","status":"publish","type":"post","link":"https:\/\/www.europesays.com\/fr\/211738\/","title":{"rendered":"les gendarmes utilisent une technique imparable qui surprend des dizaines d\u2019automobilistes"},"content":{"rendered":"<p itemprop=\"description\"><strong>En seulement deux heures, des dizaines d&rsquo;infractions ont \u00e9t\u00e9 relev\u00e9es lors d\u2019un contr\u00f4le routier \u00e0 Champagne-au-Mont-d&rsquo;Or, dans l\u2019ouest de Lyon.<\/strong><\/p>\n<p>Ce vendredi 27 juin, les gendarmes du Rh\u00f4ne ont men\u00e9 un contr\u00f4le routier sur la RN6 (RD306), \u00e0 hauteur de Champagne-au-Mont-d\u2019Or, un axe actuellement en travaux pour l\u2019am\u00e9nagement de la future Voie lyonnaise 4. L\u2019op\u00e9ration s\u2019est d\u00e9roul\u00e9e entre 9h15 et 11h15, sous r\u00e9quisition du parquet.<\/p>\n<p>Pour ce contr\u00f4le, les militaires de la brigade motoris\u00e9e de Dardilly ont d\u00e9ploy\u00e9 une strat\u00e9gie discr\u00e8te mais redoutable : un gendarme en civil, positionn\u00e9 200 m\u00e8tres en amont du point de contr\u00f4le, observait les comportements au volant. Ce dispositif a permis d\u2019identifier de nombreuses infractions en temps r\u00e9el.<\/p>\n<p>Au total, 43 infractions et trois d\u00e9lits ont \u00e9t\u00e9 constat\u00e9s en deux heures \u00e0 peine : conduite sous stup\u00e9fiants, un d\u00e9faut d\u2019assurance, 21 usages du t\u00e9l\u00e9phone au volant, 9 non-port de la ceinture, 2\u00a0absences de v\u00e9rification de hayon sur poids lourd, \u00e9galement\u00a02 infractions li\u00e9es au contr\u00f4le technique ou encore anomalies sur des v\u00e9hicules de transport routier.<\/p>\n<p>Les contr\u00f4les ont eu lieu au niveau du rond-point de la boulangerie Ange, avec le renfort de la compagnie cynotechnique du Rh\u00f4ne. Les gendarmes expliquent qu&rsquo; \u00ab\u00a0\u00e0 l\u2019approche des vacances estivales, cette op\u00e9ration s\u2019inscrit pleinement dans la strat\u00e9gie de lutte continue contre l\u2019ins\u00e9curit\u00e9 routi\u00e8re.\u00a0\u00bb<\/p>\n","protected":false},"excerpt":{"rendered":"En seulement deux heures, des dizaines d&rsquo;infractions ont \u00e9t\u00e9 relev\u00e9es lors d\u2019un contr\u00f4le routier \u00e0 Champagne-au-Mont-d&rsquo;Or, dans l\u2019ouest&hellip;\n","protected":false},"author":2,"featured_media":211739,"comment_status":"","ping_status":"","sticky":false,"template":"","format":"standard","meta":{"footnotes":""},"categories":[1889],"tags":[1111,11,2813,2190,2430,1109,251,1112,2811,1777,674,118,1011,27,1922,1110,1114,2428,2810,12,241,316,25,2812,517,800],"class_list":{"0":"post-211738","1":"post","2":"type-post","3":"status-publish","4":"format-standard","5":"has-post-thumbnail","7":"category-lyon","8":"tag-actu","9":"tag-actualites","10":"tag-article","11":"tag-asvel","12":"tag-auvergne-rhone-alpes","13":"tag-breves","14":"tag-culture","15":"tag-depeches","16":"tag-economique","17":"tag-eu","18":"tag-europe","19":"tag-faits-divers","20":"tag-fr","21":"tag-france","22":"tag-info","23":"tag-informations","24":"tag-infos","25":"tag-lyon","26":"tag-lyonmag","27":"tag-news","28":"tag-ol","29":"tag-politique","30":"tag-republique-francaise","31":"tag-sociale","32":"tag-sport","33":"tag-transports"},"share_on_mastodon":{"url":"","error":""},"_links":{"self":[{"href":"https:\/\/www.europesays.com\/fr\/wp-json\/wp\/v2\/posts\/211738","targetHints":{"allow":["GET"]}}],"collection":[{"href":"https:\/\/www.europesays.com\/fr\/wp-json\/wp\/v2\/posts"}],"about":[{"href":"https:\/\/www.europesays.com\/fr\/wp-json\/wp\/v2\/types\/post"}],"author":[{"embeddable":true,"href":"https:\/\/www.europesays.com\/fr\/wp-json\/wp\/v2\/users\/2"}],"replies":[{"embeddable":true,"href":"https:\/\/www.europesays.com\/fr\/wp-json\/wp\/v2\/comments?post=211738"}],"version-history":[{"count":0,"href":"https:\/\/www.europesays.com\/fr\/wp-json\/wp\/v2\/posts\/211738\/revisions"}],"wp:featuredmedia":[{"embeddable":true,"href":"https:\/\/www.europesays.com\/fr\/wp-json\/wp\/v2\/media\/211739"}],"wp:attachment":[{"href":"https:\/\/www.europesays.com\/fr\/wp-json\/wp\/v2\/media?parent=211738"}],"wp:term":[{"taxonomy":"category","embeddable":true,"href":"https:\/\/www.europesays.com\/fr\/wp-json\/wp\/v2\/categories?post=211738"},{"taxonomy":"post_tag","embeddable":true,"href":"https:\/\/www.europesays.com\/fr\/wp-json\/wp\/v2\/tags?post=211738"}],"curies":[{"name":"wp","href":"https:\/\/api.w.org\/{rel}","templated":true}]}}