{"id":211742,"date":"2025-06-28T20:39:27","date_gmt":"2025-06-28T20:39:27","guid":{"rendered":"https:\/\/www.europesays.com\/fr\/211742\/"},"modified":"2025-06-28T20:39:27","modified_gmt":"2025-06-28T20:39:27","slug":"les-meilleures-plages-a-paris-et-en-banlieue","status":"publish","type":"post","link":"https:\/\/www.europesays.com\/fr\/211742\/","title":{"rendered":"Les meilleures plages \u00e0 Paris et en banlieue"},"content":{"rendered":"<p>Un dossier sur <strong>les meilleures plages \u00e0 Paris<\/strong>\u2026 Vous n\u2019auriez pas trop pris le soleil chez Time Out ? Non. Car si la r\u00e9alit\u00e9 g\u00e9ographique fait que l\u2019Ile-de-France n\u2019est pas r\u00e9put\u00e9e pour ses eaux turquoise et sa barri\u00e8re de corail, on y d\u00e9gote tout de m\u00eame quelques bons plans (d\u2019eau) o\u00f9 se tremper les miches les beaux jours venus. Ce que vous trouverez dans cette m\u00e9t\u00e9o des plages franciliennes ? Aussi bien des bases de loisirs, des bassins sur la\u00a0Seine qu\u2019un espace am\u00e9nag\u00e9 le long du canal de l\u2019Ourcq. A la une, \u00e0 la deux, \u00e0 la baille !<\/p>\n<p><strong>Nouveaut\u00e9 2025<\/strong><\/p>\n<p>Miracle de l\u2019\u00e9pop\u00e9e olympique parisienne, des plages sont apparues en plein c\u0153ur de la capitale. Du 5 juillet au 31 ao\u00fbt, cent deux ans apr\u00e8s son interdiction, la baignade\u00a0sera \u00e0 nouveau autoris\u00e9e dans la Seine. Des ploufs parisiens qui auront lieu sur trois sites balis\u00e9s et surveill\u00e9s : Bras-Marie, Bercy et Grenelle. Bonne d\u00e9couverte !<\/p>\n<p><strong>Du c\u00f4t\u00e9 des piscines<\/strong><strong><br \/><\/strong><\/p>\n<p>Et si vous \u00eates plut\u00f4t longueurs et chlore, sachez que vous \u00eates de vrais petits veinards \u00e0 Paname. Entre les <a href=\"https:\/\/www.timeout.fr\/paris\/sport\/meilleures-piscines-paris\" target=\"_blank\" rel=\"noopener\">bassins classiques<\/a> \u2013 dont beaucoup ont une sacr\u00e9e gueule,\u00a0<a href=\"https:\/\/www.timeout.fr\/paris\/hotels\/piscines\" target=\"_blank\" rel=\"noopener\">les piscines d\u2019h\u00f4tels<\/a>\u00a0ou les <a href=\"https:\/\/www.timeout.fr\/paris\/actualites\/10-piscines-trop-belles-en-exterieur-pour-faire-un-plouf-a-paris-et-en-banlieue-cet-ete-062724\" target=\"_blank\" rel=\"noopener\">bacs\u00a0\u00e0 l&rsquo;air libre<\/a>, le choix est pl\u00e9thorique. On vous laisse choisir votre ligne d\u2019eau.<\/p>\n<p><a href=\"https:\/\/www.timeout.fr\/paris\/que-faire-a-paris\" target=\"_blank\" rel=\"noopener\">Et pour tout savoir sur les choses \u00e0 faire \u00e0 Paris, c&rsquo;est ici que \u00e7a se passe.<\/a><\/p>\n","protected":false},"excerpt":{"rendered":"Un dossier sur les meilleures plages \u00e0 Paris\u2026 Vous n\u2019auriez pas trop pris le soleil chez Time Out&hellip;\n","protected":false},"author":2,"featured_media":211743,"comment_status":"","ping_status":"","sticky":false,"template":"","format":"standard","meta":{"footnotes":""},"categories":[1592],"tags":[1111,11,1777,674,1011,27,662,12,626,3907,35148,25],"class_list":{"0":"post-211742","1":"post","2":"type-post","3":"status-publish","4":"format-standard","5":"has-post-thumbnail","7":"category-ile-de-france","8":"tag-actu","9":"tag-actualites","10":"tag-eu","11":"tag-europe","12":"tag-fr","13":"tag-france","14":"tag-ile-de-france","15":"tag-news","16":"tag-paris","17":"tag-que-faire","18":"tag-que-faire-balades-et-excursions","19":"tag-republique-francaise"},"share_on_mastodon":{"url":"","error":""},"_links":{"self":[{"href":"https:\/\/www.europesays.com\/fr\/wp-json\/wp\/v2\/posts\/211742","targetHints":{"allow":["GET"]}}],"collection":[{"href":"https:\/\/www.europesays.com\/fr\/wp-json\/wp\/v2\/posts"}],"about":[{"href":"https:\/\/www.europesays.com\/fr\/wp-json\/wp\/v2\/types\/post"}],"author":[{"embeddable":true,"href":"https:\/\/www.europesays.com\/fr\/wp-json\/wp\/v2\/users\/2"}],"replies":[{"embeddable":true,"href":"https:\/\/www.europesays.com\/fr\/wp-json\/wp\/v2\/comments?post=211742"}],"version-history":[{"count":0,"href":"https:\/\/www.europesays.com\/fr\/wp-json\/wp\/v2\/posts\/211742\/revisions"}],"wp:featuredmedia":[{"embeddable":true,"href":"https:\/\/www.europesays.com\/fr\/wp-json\/wp\/v2\/media\/211743"}],"wp:attachment":[{"href":"https:\/\/www.europesays.com\/fr\/wp-json\/wp\/v2\/media?parent=211742"}],"wp:term":[{"taxonomy":"category","embeddable":true,"href":"https:\/\/www.europesays.com\/fr\/wp-json\/wp\/v2\/categories?post=211742"},{"taxonomy":"post_tag","embeddable":true,"href":"https:\/\/www.europesays.com\/fr\/wp-json\/wp\/v2\/tags?post=211742"}],"curies":[{"name":"wp","href":"https:\/\/api.w.org\/{rel}","templated":true}]}}