{"id":211753,"date":"2025-06-28T20:45:10","date_gmt":"2025-06-28T20:45:10","guid":{"rendered":"https:\/\/www.europesays.com\/fr\/211753\/"},"modified":"2025-06-28T20:45:10","modified_gmt":"2025-06-28T20:45:10","slug":"michel-hazanavicius-est-venu-parler-dukraine-pres-de-nantes","status":"publish","type":"post","link":"https:\/\/www.europesays.com\/fr\/211753\/","title":{"rendered":"Michel Hazanavicius est venu parler d&rsquo;Ukraine pr\u00e8s de Nantes"},"content":{"rendered":"<p>            Par<br \/>\n        <strong><br \/>\n            <a href=\"https:\/\/actu.fr\/auteur\/journaliste-sm\" title=\"Consulter tous les articles de R\u00e9daction Clisson\" target=\"_blank\" rel=\"noopener\">R\u00e9daction Clisson<\/a><br \/>\n        <\/strong><\/p>\n<p>        Publi\u00e9 le<\/p>\n<p>            28 juin 2025 \u00e0 13h30        <\/p>\n<p>Fait inattendu, c\u2019est Pierre Laury, le propri\u00e9taire du centre commercial P\u00f4le sud \u00e0<b> <a href=\"https:\/\/actu.fr\/pays-de-la-loire\/basse-goulaine_44009\" target=\"_blank\" rel=\"noopener\">Basse-Goulaine<\/a> q<\/b>ui a interview\u00e9 <a href=\"https:\/\/fr.wikipedia.org\/wiki\/Michel_Hazanavicius\" target=\"_blank\" rel=\"noopener\">Michel Hazanavicius<\/a>, dans le cadre du<a href=\"https:\/\/www.e.leclerc\/e\/festival-culturissimo?srsltid=AfmBOoq4IdtAFVttN31JMXiLL65Xwa8vpMS69L7K-7X5ve8H6zpSeCwX\" target=\"_blank\" rel=\"noopener\"> festival Culturissimo <\/a>dans les espaces culturels du<b> groupe Leclerc<\/b>, qui propose plus d\u2019une centaine <b>d\u2019\u00e9v\u00e9nements gratuits dans toute la France <\/b>(lectures, concerts, cin\u00e9-concerts, et rencontres avec des artistes de renom tels que Denis Podalyd\u00e8s, Julie Depardieu, Guillaume de Tonqu\u00e9dec, Laurent Stocker, Ga\u00ebl Faye\u2026).<\/p>\n<p class=\" wall-content\">Il a remplac\u00e9 au pied lev\u00e9 le pr\u00e9sentateur pr\u00e9vu pour ce r\u00f4le. Ce n\u2019est pas le r\u00e9alisateur qu\u2019il a questionn\u00e9 mais l\u2019\u00e9crivain.<\/p>\n<blockquote class=\"ac-article-quote wall-content\">\n<p>Il y a trois ans lors du d\u00e9but de la Guerre en Ukraine, j\u2019ai d\u00e9cid\u00e9 de lancer une vente aux ench\u00e8res. Gr\u00e2ce \u00e0 mes sollicitations, j\u2019ai, ainsi, r\u00e9colt\u00e9 250 000 \u20ac qui ont \u00e9t\u00e9 int\u00e9gralement vers\u00e9s \u00e0 l\u2019association United 24, qui a \u00e9t\u00e9 cr\u00e9\u00e9e par le pr\u00e9sident Vladimir Zelensky pour la d\u00e9fense et \u00e0 la reconstruction de l\u2019Ukraine. \u00c0 la suite de cette action, j\u2019ai \u00e9t\u00e9 nomm\u00e9 ambassadeur fran\u00e7ais de cette association, avec pour mission la r\u00e9habilitation d\u2019un immeuble de Kiev. Ce qui m\u2019a occasionn\u00e9 plusieurs d\u00e9placements vers cette ville. Et c\u2019est au cours de l\u2019un d\u2019eux que j\u2019ai fait la connaissance de Kolya, chanteur tr\u00e8s c\u00e9l\u00e8bre qui s\u2019est engag\u00e9 dans l\u2019arm\u00e9e. Il y a fond\u00e9 Les Forces Culturelles, une unit\u00e9 qui se d\u00e9place sur le front pour y produire des spectacles. Un jour, ce dernier est venu \u00e0 me demander si cela m\u2019int\u00e9resserait d\u2019aller rencontrer ceux qui se battent, l\u00e0 o\u00f9 ils se battent ; et, j\u2019ai accept\u00e9.\u00a0<\/p>\n<p>Michel Hazanavicius pour expliquer la gen\u00e8se du projet<\/p><\/blockquote>\n<p class=\" wall-content\">C\u2019est ainsi qu\u2019en <b>novembre\u00a02023,<\/b> Michel Hazanavicius est parti dans le <a href=\"https:\/\/fr.wikipedia.org\/wiki\/Donbass\" target=\"_blank\" rel=\"noopener\">Donbass<\/a>, aux environs de <a href=\"https:\/\/fr.wikipedia.org\/wiki\/Kramatorsk\" target=\"_blank\" rel=\"noopener\">Kramatorsk<\/a>, avec des carnets moleskine, des crayons et un t\u00e9l\u00e9phone portable. C\u2019est, environ<b>, une trentaine de soldats qu\u2019il a rencontr\u00e9s<\/b> et pour lesquels il a \u00e9crit \u00e0 chacun un paragraphe du livre.<\/p>\n<p>Vid\u00e9os : en ce moment sur Actu<\/p>\n<blockquote class=\"ac-article-quote wall-content\">\n<p>Si chacun \u00e0 son histoire, ils ont des points communs, notamment cette ferveur en la victoire finale. Notamment l\u2019abn\u00e9gation pour ne pas finir sous le joug des Russes : ils sont surnomm\u00e9s les Orques.<\/p>\n<p>Michel Hazanavicius<\/p><\/blockquote>\n<p>De pr\u00e9cieux t\u00e9moignages<\/p>\n<p class=\" wall-content\">Parmi eux, Olga 24\u00a0ans. Cette <b>ceinture noire en karat\u00e9, pratiquante en boxe et kick-boxing <\/b>est aussi cheffe d\u2019orchestre et violoniste \u00e9m\u00e9rite.\u00a0<\/p>\n<blockquote class=\"ac-article-quote wall-content\">\n<p>Elle n\u2019a pas h\u00e9sit\u00e9 \u00e0 s\u2019engager, le 24 janvier 2022, quand elle a entendu les premi\u00e8res bombes, commente Michel Hazanavicius. Elle n\u2019a rien dit \u00e0 sa m\u00e8re et sa grand-m\u00e8re. Depuis, elle a \u00e9t\u00e9 bless\u00e9e cinq fois. Elle parle avec une esp\u00e8ce de sourire int\u00e9rieur, elle n\u2019a aucun regret ni aucun \u00e9tat d\u2019\u00e2me.<\/p>\n<\/blockquote>\n<p class=\" wall-content\">D\u2019ailleurs, <b>on a pu la voir <a href=\"https:\/\/www.brut.media\/fr\/videos\/culture-lifestyle\/festival-de-cannes\/des-soldats-ukrainiens-sur-le-tapis-rouge\" target=\"_blank\" rel=\"noopener\">sur les marches de Cannes avec d\u2019autres soldats<\/a><\/b>, tous en treillis : des membres des forces culturelles de Kyola que l\u2019auteur a accompagn\u00e9es.<\/p>\n<p class=\" wall-content\">Il a \u00e9galement pu \u00e9changer avec le maire d\u2019Irpine.<\/p>\n<blockquote class=\"ac-article-quote wall-content\">\n<p>C\u2019est quand m\u00eame un truc bizarre dans une vie de devoir faire la guerre. Jamais je n\u2019aurais pens\u00e9 que \u00e7a pouvait m\u2019arriver.<\/p>\n<p>Confia le maire \u00e0 l\u2019\u00e9crivain<\/p><\/blockquote>\n<p class=\" wall-content\">Mais aussi Isotope, commandant d\u2019une brigade qui lui a expliqu\u00e9 :<\/p>\n<blockquote class=\"ac-article-quote wall-content\">\n<p>Tous les jours il y a des morts dans la brigade. Du coup, j\u2019ai parfois un peu de mal \u00e0 comprendre les probl\u00e8mes des civils.<\/p>\n<\/blockquote>\n<p class=\" wall-content\">Michel Hazanavicius estime avoir \u00e9t\u00e9 bien per\u00e7u par ces soldats, car<b> il venait en tant que t\u00e9moin, sans cam\u00e9ra. <\/b>En revanche, il a pu prendre photos \u00e0 partir desquels il a dessin\u00e9 des visages. Une acceptation des soldats par les cadeaux offerts, tels que leurs insignes d\u2019\u00e9paule et autres objets aux couleurs et dessins correspondants \u00e0 leurs unit\u00e9s.<b> Le livre en est un autre en retour.<\/b><\/p>\n<p class=\" wall-content\">Suivez toute l\u2019actualit\u00e9 de vos villes et m\u00e9dias favoris en vous inscrivant \u00e0 <a href=\"https:\/\/moncompte.actu.fr\" title=\"D\u00e9couvez Mon Actu\" rel=\"nofollow noopener\" data-trk=\"{&quot;cta&quot;:{&quot;action&quot;:&quot;https:\\\/\\\/moncompte.actu.fr&quot;,&quot;category&quot;:&quot;mon compte&quot;,&quot;from&quot;:&quot;article footer&quot;,&quot;name&quot;:&quot;Mon actu&quot;,&quot;type&quot;:&quot;cta&quot;}}\" target=\"_blank\">Mon Actu<\/a>.<\/p>\n","protected":false},"excerpt":{"rendered":"Par R\u00e9daction Clisson Publi\u00e9 le 28 juin 2025 \u00e0 13h30 Fait inattendu, c\u2019est Pierre Laury, le propri\u00e9taire du&hellip;\n","protected":false},"author":2,"featured_media":211754,"comment_status":"","ping_status":"","sticky":false,"template":"","format":"standard","meta":{"footnotes":""},"categories":[1590],"tags":[11,650,1777,674,131,1652,12,220,2900],"class_list":{"0":"post-211753","1":"post","2":"type-post","3":"status-publish","4":"format-standard","5":"has-post-thumbnail","7":"category-ukraine","8":"tag-actualites","9":"tag-cinema","10":"tag-eu","11":"tag-europe","12":"tag-guerre-en-ukraine","13":"tag-loisirs-culture","14":"tag-news","15":"tag-ukraine","16":"tag-vignoble-nantais"},"share_on_mastodon":{"url":"","error":""},"_links":{"self":[{"href":"https:\/\/www.europesays.com\/fr\/wp-json\/wp\/v2\/posts\/211753","targetHints":{"allow":["GET"]}}],"collection":[{"href":"https:\/\/www.europesays.com\/fr\/wp-json\/wp\/v2\/posts"}],"about":[{"href":"https:\/\/www.europesays.com\/fr\/wp-json\/wp\/v2\/types\/post"}],"author":[{"embeddable":true,"href":"https:\/\/www.europesays.com\/fr\/wp-json\/wp\/v2\/users\/2"}],"replies":[{"embeddable":true,"href":"https:\/\/www.europesays.com\/fr\/wp-json\/wp\/v2\/comments?post=211753"}],"version-history":[{"count":0,"href":"https:\/\/www.europesays.com\/fr\/wp-json\/wp\/v2\/posts\/211753\/revisions"}],"wp:featuredmedia":[{"embeddable":true,"href":"https:\/\/www.europesays.com\/fr\/wp-json\/wp\/v2\/media\/211754"}],"wp:attachment":[{"href":"https:\/\/www.europesays.com\/fr\/wp-json\/wp\/v2\/media?parent=211753"}],"wp:term":[{"taxonomy":"category","embeddable":true,"href":"https:\/\/www.europesays.com\/fr\/wp-json\/wp\/v2\/categories?post=211753"},{"taxonomy":"post_tag","embeddable":true,"href":"https:\/\/www.europesays.com\/fr\/wp-json\/wp\/v2\/tags?post=211753"}],"curies":[{"name":"wp","href":"https:\/\/api.w.org\/{rel}","templated":true}]}}