{"id":211759,"date":"2025-06-28T20:48:12","date_gmt":"2025-06-28T20:48:12","guid":{"rendered":"https:\/\/www.europesays.com\/fr\/211759\/"},"modified":"2025-06-28T20:48:12","modified_gmt":"2025-06-28T20:48:12","slug":"en-allemagne-le-salaire-minimum-mensuel-va-passer-a-2-500-euros-brut-en-2027-lexpress","status":"publish","type":"post","link":"https:\/\/www.europesays.com\/fr\/211759\/","title":{"rendered":"En Allemagne, le salaire minimum mensuel va passer \u00e0 2\u00a0500\u00a0euros brut en 2027 \u2013 L&rsquo;Express"},"content":{"rendered":"<p class=\"paragraph article-body-paragraph article__item   article-body-paragraph--first \">La mesure \u00e9tait tr\u00e8s attendue des travailleurs allemands. Le gouvernement a fait savoir ce vendredi 27 juin qu\u2019il y proc\u00e9derait d\u00e8s l\u2019ann\u00e9e prochaine. Le salaire minimum allemand va \u00eatre <a href=\"https:\/\/www.lexpress.fr\/monde\/europe\/allemagne-le-chancelier-friedrich-merz-fait-sauter-le-verrou-budgetaire-2K3WMJFSGJCOFKLJNPF4FP36XU\/\" target=\"_self\" rel=\"noopener\" title=\"https:\/\/www.lexpress.fr\/monde\/europe\/allemagne-le-chancelier-friedrich-merz-fait-sauter-le-verrou-budgetaire-2K3WMJFSGJCOFKLJNPF4FP36XU\/\">revu \u00e0 la hausse<\/a>, une premi\u00e8re fois en 2026, puis une deuxi\u00e8me fois en 2027, conform\u00e9ment aux recommandations \u00e9mises par une commission ind\u00e9pendante. Si la mesure est salu\u00e9e par les syndicats, elle reste toutefois en dessous des ambitions port\u00e9es par les <a href=\"https:\/\/www.lexpress.fr\/monde\/europe\/allemagne-ce-que-contient-laccord-de-gouvernement-entre-les-conservateurs-et-le-centre-gauche-ZC7KAPPRDBFFVMQQMSMJXYKAGU\/\" target=\"_self\" rel=\"noopener\" title=\"https:\/\/www.lexpress.fr\/monde\/europe\/allemagne-ce-que-contient-laccord-de-gouvernement-entre-les-conservateurs-et-le-centre-gauche-ZC7KAPPRDBFFVMQQMSMJXYKAGU\/\">sociaux-d\u00e9mocrates<\/a>, qui souhaitaient rehausser le salaire minimum \u00e0 15 euros de l\u2019heure.<\/p>\n<p><strong class=\"article-body-link-list__item text-gray-800 article-body-link-list__item--one-item\">LIRE AUSSI : <a class=\"article-body-link-list__item-link\" href=\"https:\/\/www.lexpress.fr\/economie\/dette-allemande-si-les-regles-navaient-pas-ete-modifiees-une-cure-dausterite-massive-etait-imminente-SMUXYCHF3JGCPOJBIGBQSBITTI\/\" target=\"_blank\" rel=\"noreferrer noopener\">Dette allemande : \u00ab\u00a0Si les r\u00e8gles n\u2019avaient pas \u00e9t\u00e9 modifi\u00e9es, une cure d\u2019aust\u00e9rit\u00e9 massive \u00e9tait imminente\u00a0\u00bb<\/a><\/strong><\/p>\n<p class=\"paragraph article-body-paragraph article__item   \">Actuellement \u00e0 12,82 euros brut par heure, le salaire minimum doit \u00eatre port\u00e9 \u00e0 13,79 euros en 2026, puis \u00e0 14,60 euros en 2027, ont recommand\u00e9 les rapporteurs de cette commission lors d\u2019une conf\u00e9rence de presse. La <a href=\"https:\/\/www.lexpress.fr\/monde\/europe\/en-allemagne-cette-revolution-economique-qui-se-prepare-par-eric-chol-CWZPTMNLYVA55IEOHHKIMAM5ZY\/\" target=\"_self\" rel=\"noopener\" title=\"https:\/\/www.lexpress.fr\/monde\/europe\/en-allemagne-cette-revolution-economique-qui-se-prepare-par-eric-chol-CWZPTMNLYVA55IEOHHKIMAM5ZY\/\">d\u00e9cision<\/a> a \u00e9t\u00e9 prise \u00ab\u00a0\u00e0 l\u2019unanimit\u00e9\u00a0\u00bb par les repr\u00e9sentants des employeurs et des salari\u00e9s, a d\u00e9clar\u00e9 la pr\u00e9sidente de l\u2019organe, Christiane Sch\u00f6nefeld, \u00ab\u00a0malgr\u00e9 des pressions politiques et des conditions tr\u00e8s difficiles, compte tenu de la stagnation de la conjoncture et des pr\u00e9visions incertaines\u00a0\u00bb.<\/p>\n<p>Deuxi\u00e8me salaire minimum le plus \u00e9lev\u00e9 d\u2019Europe<\/p>\n<p class=\"paragraph article-body-paragraph article__item   \">Cette augmentation fera de l\u2019Allemagne le pays avec le deuxi\u00e8me salaire minimum le plus \u00e9lev\u00e9 dans l\u2019Union Europ\u00e9enne, juste derri\u00e8re le Luxembourg. Un travailleur allemand pay\u00e9 au salaire minimum percevra ainsi pr\u00e8s de <a href=\"https:\/\/www.reuters.com\/business\/world-at-work\/german-commission-recommends-raising-minimum-wage-1460-euros-2025-06-27\/#:~:text=BERLIN%2C%20June%2027%20(Reuters),at%20the%20beginning%20of%202026.\" target=\"_self\" rel=\"noopener\" title=\"https:\/\/www.reuters.com\/business\/world-at-work\/german-commission-recommends-raising-minimum-wage-1460-euros-2025-06-27\/#:~:text=BERLIN%2C%20June%2027%20(Reuters),at%20the%20beginning%20of%202026.\">2 500 euros brut mensuels en 2027<\/a>, soit un peu moins qu\u2019un Luxembourgeois dans la m\u00eame situation, qui per\u00e7oit aujourd\u2019hui 2 638 \u20ac. Aujourd\u2019hui, trois autres pays europ\u00e9ens ont \u00e9galement un salaire minimum sup\u00e9rieur \u00e0 2000 \u20ac, \u00e0 savoir la Belgique, les Pays-Bas et l\u2019Irlande. En France, le Smic mensuel est actuellement \u00e0 1 800 \u20ac brut.<\/p>\n<p><strong class=\"article-body-link-list__item text-gray-800 article-body-link-list__item--one-item\">LIRE AUSSI : <a class=\"article-body-link-list__item-link\" href=\"https:\/\/www.lexpress.fr\/economie\/politique-economique\/notre-situation-est-plus-inquietante-que-celle-de-la-france-le-constat-sans-appel-dun-economiste-SNECZPHBEZGZNBVKSBZQMJGVTM\/\" target=\"_blank\" rel=\"noreferrer noopener\">\u00ab\u00a0Notre situation est plus inqui\u00e9tante que celle de la France\u00a0\u00bb : le constat sans appel d\u2019un \u00e9conomiste allemand<\/a><\/strong><\/p>\n<p class=\"paragraph article-body-paragraph article__item   \">L\u2019augmentation du salaire minimum sera appliqu\u00e9e d\u00e8s le 1er janvier 2026, a indiqu\u00e9 dans la foul\u00e9e la ministre social-d\u00e9mocrate (SPD) du travail B\u00e4rbel Bas dans un communiqu\u00e9. \u00ab\u00a0Cet accord d\u00e9montre que le dialogue social fonctionne dans ce pays\u00a0\u00bb, a-t-elle d\u00e9clar\u00e9. D\u00e8s janvier prochain, environ 6 millions d\u2019<a href=\"https:\/\/www.lexpress.fr\/economie\/emploi\/pouvoir-dachat-la-hausse-des-salaires-de-base-a-ete-nettement-superieure-a-linflation-en-2024-V7JNVZBX2VFS7FWT4BWXTKFTDY\/\" target=\"_self\" rel=\"noopener\" title=\"https:\/\/www.lexpress.fr\/economie\/emploi\/pouvoir-dachat-la-hausse-des-salaires-de-base-a-ete-nettement-superieure-a-linflation-en-2024-V7JNVZBX2VFS7FWT4BWXTKFTDY\/\">employ\u00e9s<\/a> toucheront environ 190 euros brut en plus par mois, puis 120 euros brut suppl\u00e9mentaires \u00e0 partir de 2027. Cette hausse repr\u00e9sente sur deux ans une augmentation brute de 13,9 % pour les employ\u00e9s au salaire minimum. La CDU, le parti de droite allemand, a aussi salu\u00e9 cette mesure : \u00ab\u00a0C\u2019est une bonne chose que la commission sur le salaire minimum soit parvenue \u00e0 un consensus\u00a0\u00bb, a <a href=\"https:\/\/www.dw.com\/en\/germany-to-raise-minimum-wage-to-1460-by-2027\/a-73058477\" target=\"_self\" rel=\"noopener\" title=\"https:\/\/www.dw.com\/en\/germany-to-raise-minimum-wage-to-1460-by-2027\/a-73058477\">d\u00e9clar\u00e9<\/a> Carsten Linnemann, secr\u00e9taire g\u00e9n\u00e9ral du parti, \u00e0 l\u2019agence de presse allemande DPA.<\/p>\n<p>Soutenir la consommation en p\u00e9riode de r\u00e9cession<\/p>\n<p class=\"paragraph article-body-paragraph article__item   \">\u00ab\u00a0Vous pouvez supposer que cet argent ira directement et int\u00e9gralement dans la consommation, soutenant durablement la conjoncture\u00a0\u00bb, a assur\u00e9 Steffen Kampeter, pr\u00e9sident de la f\u00e9d\u00e9ration des associations patronales allemandes (BDA). \u00ab\u00a0M\u00eame si cela n\u2019a pas abouti \u00e0 15 euros, il s\u2019agit d\u2019une am\u00e9lioration financi\u00e8re consid\u00e9rable pour les travailleurs du secteur des bas salaires\u00a0\u00bb, a de son c\u00f4t\u00e9 salu\u00e9 dans un communiqu\u00e9 le syndicat des services ver.di, repr\u00e9sent\u00e9 dans la commission du salaire minimum.<\/p>\n<p><strong class=\"article-body-link-list__item text-gray-800 article-body-link-list__item--one-item\">LIRE AUSSI : <a class=\"article-body-link-list__item-link\" href=\"https:\/\/www.lexpress.fr\/monde\/europe\/friedrich-merz-elu-chancelier-mais-tiendra-t-il-pourquoi-il-va-sentir-le-souffle-de-lafd-dans-sa-4ZH64U4JEVD2VJ734YZNZJEJ4E\/\" target=\"_blank\" rel=\"noreferrer noopener\">Friedrich Merz \u00e9lu chancelier, mais tiendra-t-il ? Pourquoi il va sentir le souffle de l&rsquo;AfD dans sa nuque<\/a><\/strong><\/p>\n<p class=\"paragraph article-body-paragraph article__item   \">Cette proposition intervient dans une conjoncture \u00e9conomique compliqu\u00e9e, marqu\u00e9e par deux ann\u00e9es cons\u00e9cutives de <a href=\"https:\/\/www.lexpress.fr\/economie\/bientot-une-recession-aux-etats-unis-un-scenario-risque-pour-leurope-SHQPT5YT35CVJCN65YX3D5QPRQ\/\" target=\"_self\" rel=\"noopener\" title=\"https:\/\/www.lexpress.fr\/economie\/bientot-une-recession-aux-etats-unis-un-scenario-risque-pour-leurope-SHQPT5YT35CVJCN65YX3D5QPRQ\/\">r\u00e9cession<\/a> en Allemagne. Plusieurs instituts \u00e9conomiques tablent sur un retour timide \u00e0 la croissance en 2025, alors que le nombre de ch\u00f4meurs a augment\u00e9 de pr\u00e8s d\u2019un tiers depuis 2022, en particulier dans les professions d\u2019aide. L\u2019\u00e9volution du PIB d\u00e9pendra entre autres de l\u2019\u00e9volution de la consommation priv\u00e9e, qui peine \u00e0 d\u00e9coller, tandis que la tendance \u00e0 l\u2019\u00e9pargne des m\u00e9nages reste tenace. En 2022, l\u2019ex-chancelier social-d\u00e9mocrate Olaf Scholz \u00e9tait pass\u00e9 outre cette commission, relevant le salaire minimum au-del\u00e0 de ses pr\u00e9conisations.<\/p>\n","protected":false},"excerpt":{"rendered":"La mesure \u00e9tait tr\u00e8s attendue des travailleurs allemands. Le gouvernement a fait savoir ce vendredi 27 juin qu\u2019il&hellip;\n","protected":false},"author":2,"featured_media":211760,"comment_status":"","ping_status":"","sticky":false,"template":"","format":"standard","meta":{"footnotes":""},"categories":[1587],"tags":[11,672,1804,1805,1803,15059,33,35151,1777,674,1801,12,9130,1802],"class_list":{"0":"post-211759","1":"post","2":"type-post","3":"status-publish","4":"format-standard","5":"has-post-thumbnail","7":"category-allemagne","8":"tag-actualites","9":"tag-allemagne","10":"tag-bundesrepublik-deutschland","11":"tag-de","12":"tag-deutschland","13":"tag-droit-du-travail","14":"tag-economie","15":"tag-emploi-management","16":"tag-eu","17":"tag-europe","18":"tag-germany","19":"tag-news","20":"tag-politique-economique","21":"tag-republique-federale-dallemagne"},"share_on_mastodon":{"url":"","error":""},"_links":{"self":[{"href":"https:\/\/www.europesays.com\/fr\/wp-json\/wp\/v2\/posts\/211759","targetHints":{"allow":["GET"]}}],"collection":[{"href":"https:\/\/www.europesays.com\/fr\/wp-json\/wp\/v2\/posts"}],"about":[{"href":"https:\/\/www.europesays.com\/fr\/wp-json\/wp\/v2\/types\/post"}],"author":[{"embeddable":true,"href":"https:\/\/www.europesays.com\/fr\/wp-json\/wp\/v2\/users\/2"}],"replies":[{"embeddable":true,"href":"https:\/\/www.europesays.com\/fr\/wp-json\/wp\/v2\/comments?post=211759"}],"version-history":[{"count":0,"href":"https:\/\/www.europesays.com\/fr\/wp-json\/wp\/v2\/posts\/211759\/revisions"}],"wp:featuredmedia":[{"embeddable":true,"href":"https:\/\/www.europesays.com\/fr\/wp-json\/wp\/v2\/media\/211760"}],"wp:attachment":[{"href":"https:\/\/www.europesays.com\/fr\/wp-json\/wp\/v2\/media?parent=211759"}],"wp:term":[{"taxonomy":"category","embeddable":true,"href":"https:\/\/www.europesays.com\/fr\/wp-json\/wp\/v2\/categories?post=211759"},{"taxonomy":"post_tag","embeddable":true,"href":"https:\/\/www.europesays.com\/fr\/wp-json\/wp\/v2\/tags?post=211759"}],"curies":[{"name":"wp","href":"https:\/\/api.w.org\/{rel}","templated":true}]}}