{"id":211761,"date":"2025-06-28T20:49:14","date_gmt":"2025-06-28T20:49:14","guid":{"rendered":"https:\/\/www.europesays.com\/fr\/211761\/"},"modified":"2025-06-28T20:49:14","modified_gmt":"2025-06-28T20:49:14","slug":"merci-a-donald-trump-davoir-reveille-leurope","status":"publish","type":"post","link":"https:\/\/www.europesays.com\/fr\/211761\/","title":{"rendered":"\u00ab\u2009Merci \u00e0 Donald Trump d&rsquo;avoir r\u00e9veill\u00e9 l&rsquo;Europe !\u2009\u00bb"},"content":{"rendered":"<p><strong>LA TRIBUNE DIMANCHE &#8211; Sur fond de tensions g\u00e9opolitiques et commerciales in\u00e9dites, le monde subit des chocs multiples depuis le d\u00e9but de l&rsquo;ann\u00e9e. Comment l&rsquo;\u00e9conomie fran\u00e7aise traverse-t-elle cette p\u00e9riode d&rsquo;incertitudes ?<br \/>\u00c9RIC LOMBARD &#8211;<\/strong> Dans\u00a0un\u00a0monde\u00a0hostile,\u00a0la France r\u00e9siste. Les entreprises\u00a0continuent d&rsquo;investir,\u00a0l&#8217;emploi se maintient, notre pays demeure attractif pour les <a href=\"https:\/\/www.latribune.fr\/economie\/union-europeenne\/investissements-etrangers-l-europe-decroche-face-aux-etats-unis-1025035.html\" target=\"_blank\" rel=\"noopener\">investissements \u00e9trangers<\/a>,\u00a0comme\u00a0on l&rsquo;a vu autour du Pr\u00e9sident de la R\u00e9publique \u00e0 <a href=\"https:\/\/www.latribune.fr\/economie\/france\/dossier-investissements-projets-tendances-le-vrai-bilan-de-choose-france-1025390.html\" target=\"_blank\" rel=\"noopener\">Choose France<\/a> et lors du Sommet pour l&rsquo;Intelligence artificielle.\u00a0Dans ce monde de chocs\u00a0et malgr\u00e9 l&rsquo;instabilit\u00e9 politique, la croissance fran\u00e7aise peut rebondir, j&rsquo;en suis convaincu. Car ce contexte\u00a0de pr\u00e9dation est\u00a0paradoxalement\u00a0propice pour l&rsquo;Europe.\u00a0\u00c0 condition de faire les bons choix maintenant\u00a0: la comp\u00e9titivit\u00e9, la stabilit\u00e9 fiscale et l&rsquo;investissement dans l&rsquo;innovation.<\/p>\n","protected":false},"excerpt":{"rendered":"LA TRIBUNE DIMANCHE &#8211; Sur fond de tensions g\u00e9opolitiques et commerciales in\u00e9dites, le monde subit des chocs multiples&hellip;\n","protected":false},"author":2,"featured_media":211762,"comment_status":"","ping_status":"","sticky":false,"template":"","format":"standard","meta":{"footnotes":""},"categories":[1586],"tags":[17,11,15016,11792,1777,674,1011,27,30481,3102,8236,23020,3784,12,25,467],"class_list":{"0":"post-211761","1":"post","2":"type-post","3":"status-publish","4":"format-standard","5":"has-post-thumbnail","7":"category-europe","8":"tag-17","9":"tag-actualites","10":"tag-donald","11":"tag-eric","12":"tag-eu","13":"tag-europe","14":"tag-fr","15":"tag-france","16":"tag-leconomie","17":"tag-la-tribune-dimanche","18":"tag-lombard","19":"tag-merci","20":"tag-ministre","21":"tag-news","22":"tag-republique-francaise","23":"tag-trump"},"share_on_mastodon":{"url":"","error":""},"_links":{"self":[{"href":"https:\/\/www.europesays.com\/fr\/wp-json\/wp\/v2\/posts\/211761","targetHints":{"allow":["GET"]}}],"collection":[{"href":"https:\/\/www.europesays.com\/fr\/wp-json\/wp\/v2\/posts"}],"about":[{"href":"https:\/\/www.europesays.com\/fr\/wp-json\/wp\/v2\/types\/post"}],"author":[{"embeddable":true,"href":"https:\/\/www.europesays.com\/fr\/wp-json\/wp\/v2\/users\/2"}],"replies":[{"embeddable":true,"href":"https:\/\/www.europesays.com\/fr\/wp-json\/wp\/v2\/comments?post=211761"}],"version-history":[{"count":0,"href":"https:\/\/www.europesays.com\/fr\/wp-json\/wp\/v2\/posts\/211761\/revisions"}],"wp:featuredmedia":[{"embeddable":true,"href":"https:\/\/www.europesays.com\/fr\/wp-json\/wp\/v2\/media\/211762"}],"wp:attachment":[{"href":"https:\/\/www.europesays.com\/fr\/wp-json\/wp\/v2\/media?parent=211761"}],"wp:term":[{"taxonomy":"category","embeddable":true,"href":"https:\/\/www.europesays.com\/fr\/wp-json\/wp\/v2\/categories?post=211761"},{"taxonomy":"post_tag","embeddable":true,"href":"https:\/\/www.europesays.com\/fr\/wp-json\/wp\/v2\/tags?post=211761"}],"curies":[{"name":"wp","href":"https:\/\/api.w.org\/{rel}","templated":true}]}}