{"id":21177,"date":"2025-04-13T02:43:19","date_gmt":"2025-04-13T02:43:19","guid":{"rendered":"https:\/\/www.europesays.com\/fr\/21177\/"},"modified":"2025-04-13T02:43:19","modified_gmt":"2025-04-13T02:43:19","slug":"certaines-marques-apparaissent-intouchables-au-quotidien-pas-facile-de-boycotter-les-produits-americains","status":"publish","type":"post","link":"https:\/\/www.europesays.com\/fr\/21177\/","title":{"rendered":"\u00ab\u00a0Certaines marques apparaissent intouchables\u00a0\u00bb\u00a0: au quotidien, pas facile de boycotter les produits am\u00e9ricains"},"content":{"rendered":"<p class=\"paragraph text_align_left\">Alors que <a href=\"https:\/\/www.leparisien.fr\/international\/jean-pierre-raffarin-sur-la-guerre-commerciale-etats-unis-chine-il-faut-solidariser-le-front-des-decus-10-04-2025-B4TALZROUFG53OBH5WJAKK74C4.php\" target=\"_blank\" rel=\"nofollow noopener\">la guerre commerciale mondiale<\/a> se nourrit, jour apr\u00e8s jour, de nouveaux rebondissements, beaucoup de Fran\u00e7ais sont pris dans les affres d\u2019un sacr\u00e9 d\u00e9bat int\u00e9rieur. D\u2019un c\u00f4t\u00e9, afficher leur opposition aux d\u00e9cisions unilat\u00e9ralement prises par <a href=\"https:\/\/www.leparisien.fr\/international\/etats-unis\/donald-trump\/\" target=\"_blank\" rel=\"nofollow noopener\">Donald Trump<\/a>, en disant \u00ab no \u00bb aux articles made in USA. De l\u2019autre, ne pas \u00eatre priv\u00e9s de ces produits du quotidien (<a href=\"https:\/\/www.leparisien.fr\/economie\/consommation\/produits-coca-cola-retires-de-la-vente-en-france-des-quantites-minimes-sont-concernees-27-01-2025-JB2PGTVMJFBSPMZZCEASEOJMOA.php\" target=\"_blank\" rel=\"nofollow noopener\">Coca-Cola<\/a>, ketchup Heinz, McDonald\u2019s, Sodastream, etc.) ou services (Amazon, <a href=\"https:\/\/www.leparisien.fr\/culture-loisirs\/netflix\/\" target=\"_blank\" rel=\"nofollow noopener\">Netflix<\/a>, WhatsApp, Facebook, etc.), qui occupent d\u00e9sormais une place pr\u00e9dominante dans leur vie.<\/p>\n","protected":false},"excerpt":{"rendered":"Alors que la guerre commerciale mondiale se nourrit, jour apr\u00e8s jour, de nouveaux rebondissements, beaucoup de Fran\u00e7ais sont&hellip;\n","protected":false},"author":2,"featured_media":21178,"comment_status":"","ping_status":"","sticky":false,"template":"","format":"standard","meta":{"footnotes":""},"categories":[4],"tags":[11,130,33,1011,27,12,25],"class_list":{"0":"post-21177","1":"post","2":"type-post","3":"status-publish","4":"format-standard","5":"has-post-thumbnail","7":"category-france","8":"tag-actualites","9":"tag-consommation","10":"tag-economie","11":"tag-fr","12":"tag-france","13":"tag-news","14":"tag-republique-francaise"},"share_on_mastodon":{"url":"https:\/\/pubeurope.com\/@fr\/114328358357779193","error":""},"_links":{"self":[{"href":"https:\/\/www.europesays.com\/fr\/wp-json\/wp\/v2\/posts\/21177","targetHints":{"allow":["GET"]}}],"collection":[{"href":"https:\/\/www.europesays.com\/fr\/wp-json\/wp\/v2\/posts"}],"about":[{"href":"https:\/\/www.europesays.com\/fr\/wp-json\/wp\/v2\/types\/post"}],"author":[{"embeddable":true,"href":"https:\/\/www.europesays.com\/fr\/wp-json\/wp\/v2\/users\/2"}],"replies":[{"embeddable":true,"href":"https:\/\/www.europesays.com\/fr\/wp-json\/wp\/v2\/comments?post=21177"}],"version-history":[{"count":0,"href":"https:\/\/www.europesays.com\/fr\/wp-json\/wp\/v2\/posts\/21177\/revisions"}],"wp:featuredmedia":[{"embeddable":true,"href":"https:\/\/www.europesays.com\/fr\/wp-json\/wp\/v2\/media\/21178"}],"wp:attachment":[{"href":"https:\/\/www.europesays.com\/fr\/wp-json\/wp\/v2\/media?parent=21177"}],"wp:term":[{"taxonomy":"category","embeddable":true,"href":"https:\/\/www.europesays.com\/fr\/wp-json\/wp\/v2\/categories?post=21177"},{"taxonomy":"post_tag","embeddable":true,"href":"https:\/\/www.europesays.com\/fr\/wp-json\/wp\/v2\/tags?post=21177"}],"curies":[{"name":"wp","href":"https:\/\/api.w.org\/{rel}","templated":true}]}}