{"id":211771,"date":"2025-06-28T20:54:10","date_gmt":"2025-06-28T20:54:10","guid":{"rendered":"https:\/\/www.europesays.com\/fr\/211771\/"},"modified":"2025-06-28T20:54:10","modified_gmt":"2025-06-28T20:54:10","slug":"explosion-de-la-pratique-du-golf-dans-laude-et-les-p-o-une-addiction-de-plus-en-plus-populaire-chez-les-seniors","status":"publish","type":"post","link":"https:\/\/www.europesays.com\/fr\/211771\/","title":{"rendered":"Explosion de la pratique du golf dans l\u2019Aude et les P.-O.\u00a0: une addiction de plus en plus populaire chez les s\u00e9niors"},"content":{"rendered":"<p>\n                                                                90\u00a0millions de licenci\u00e9s \u00ab\u00a0accros\u00a0\u00bb \u00e0 la petite balle blanche. Premier sport individuel au monde, son nombre de pratiquants, le golf n\u2019est pas la discipline pr\u00e9f\u00e9r\u00e9e des Fran\u00e7ais. Mais bien celle des pr\u00e9-retrait\u00e9s et s\u00e9niors de l\u2019Hexagone. Longtemps r\u00e9serv\u00e9e aux\u00a0riches, elle s\u2019est popularis\u00e9e rendant les greens accessibles. Dans l\u2019Aude et les Pyr\u00e9n\u00e9es-Orientales, les cheveux grisonnants\u00a0r\u00e9alisent des parcours \u00e0 c\u0153ur joie.<\/p>\n<p>Casquette viss\u00e9e sur la t\u00eate. R\u00e9gine, Serge, Bernard, St\u00e9phane, Thibault\u2026 Ils ne jurent plus que par golf. D\u00e9crit comme \u00ab\u00a0un plaisir sensuel\u00a0\u00bb par\u00a0le chanteur des Daltons, Joe Dassin venu participer \u00e0 un tournoi \u00e0 Saint-Cyprien en ao\u00fbt\u00a01977, ou comme \u00ab\u00a0un sport complet qui me permet de me sentir en comp\u00e9tition\u00a0\u00bb, abonde Rafa\u00ebl Nadal en 2022, le golf est devenu l\u2019addiction du quinquag\u00e9naire\u00a0au\u00a0centenaire. L\u2019Occitanie, forte de 32\u00a0000 joueurs en 2025 sur les 443\u00a0000 licenci\u00e9s de la f\u00e9d\u00e9ration fran\u00e7aise, compte plus de 2\u00a0000 golfeurs dans le Pyr\u00e9n\u00e9es-Orientales et 1\u00a0500 dans l\u2019Aude. \u00ab\u00a0On touche tout le monde de toutes les cat\u00e9gories sociales\u00a0\u00bb, se targue le vice-pr\u00e9sident de la Ligue et pr\u00e9sident du comit\u00e9 audois Serge Clavel. Sur le parking du golf de Saint-Cyprien, 27 trous ouverts sur 200\u00a0ha en 1976, propri\u00e9t\u00e9 de Thibault Lormand depuis 16 ans, les SUV remplacent les Ferrari et Bentley.<\/p>\n<p class=\"std-elt__inline\">\n        <strong>\u00c0 lire aussi :<\/strong><br \/>\n        <a href=\"https:\/\/www.lindependant.fr\/2025\/06\/10\/dossier-le-golf-se-democratise-on-peut-jouer-jusqua-100-ans-sans-coup-ferir-il-rallonge-lesperance-de-vie-cest-un-remede-a-la-societe-prone-laudois-12738284.php\" rel=\"nofollow noopener\" target=\"_blank\">Explosion de la pratique du golf dans l&rsquo;Aude et les P.-O.\u00a0: \u00ab\u00a0On peut jouer jusqu\u2019\u00e0 100 ans sans coup f\u00e9rir, il rallonge l\u2019esp\u00e9rance de vie, c\u2019est un rem\u00e8de \u00e0 la soci\u00e9t\u00e9\u00a0\u00bb, pr\u00f4ne l\u2019Audois Serge Clavel<\/a>\n    <\/p>\n<p>\u00a0<\/p>\n<p>Le club, qui f\u00eatera ses 50 ans l\u2019an prochain, regroupe 950 membres, et une centaine de d\u00e9butants, enfants et adultes. Dans ce complexe embl\u00e9matique cr\u00e9\u00e9 par des \u00c9cossais, aur\u00e9ol\u00e9 d\u2019une belle renomm\u00e9e, la moyenne d\u2019\u00e2ge tourne\u00a0\u00e0 67 ans. Sans lien avec la crise sanitaire du Covid puis les ann\u00e9es de s\u00e9cheresse encore d\u2019actualit\u00e9. La tendance est nationale. Au golf, les s\u00e9niors, soit les plus de 50 ans, sont les plus nombreux. Conjugu\u00e9s au masculin. En pays catalan, \u00ab\u00a0on en a 1\u00a0650 dont \u00e0 peine\u00a0500 femmes.\u00a0Et, 350 golfeurs \u00e2g\u00e9s de 20 \u00e0 50 ans. On a un gros souci avec le recrutement des dames. Si le mari ne joue pas, l\u2019\u00e9pouse ne joue pas non plus\u00a0\u00bb, interpr\u00e8te\u00a0R\u00e9gine Galy, pr\u00e9sidente du comit\u00e9 catalan et capitaine de l\u2019\u00e9quipe de France de golf de Font-Romeu. En septembre, elle tente des \u00a0\u00bb journ\u00e9es d\u00e9couvertes 100\u00a0% f\u00e9minines\u00a0\u00bb.<\/p>\n<p class=\"std-elt__inline\">\n        <strong>\u00c0 lire aussi :<\/strong><br \/>\n        <a href=\"https:\/\/www.lindependant.fr\/2025\/06\/28\/explosion-de-la-pratique-du-golf-dans-laude-et-les-p-o-je-me-suis-remarie-et-jai-epouse-le-green-pour-la-vie-12743418.php\" rel=\"nofollow noopener\" target=\"_blank\">Explosion de la pratique du golf dans l&rsquo;Aude et les P.-O.\u00a0: \u00ab\u00a0Je me suis remari\u00e9 et j\u2019ai \u00e9pous\u00e9 le green pour la vie\u00a0\u00bb<\/a>\n    <\/p>\n<p>En vain. \u00ab\u00a0C\u2019est dommage, on a une telle sensation de bien-\u00eatre, on ne pense qu\u2019\u00e0 jouer, c\u2019est une relaxation profonde. On se retrouve avec soi-m\u00eame pour un bonus sant\u00e9. Le\u00a0golf fait baisser les pulsations cardiaques\u00a0\u00bb, plaide-t-elle. Au nom des 6\u00a0structures des deux d\u00e9partements.\u00a0Saint-Cyprien, Montescot, Falgos et Font-Romeu dans le 66, Marcevol et Am\u00e9lie ayant ferm\u00e9, Villeneuve-de-la-Raho faisant\u00a0pol\u00e9mique, et Auriac et Narbonne dans le 11.<\/p>\n","protected":false},"excerpt":{"rendered":"90\u00a0millions de licenci\u00e9s \u00ab\u00a0accros\u00a0\u00bb \u00e0 la petite balle blanche. Premier sport individuel au monde, son nombre de pratiquants,&hellip;\n","protected":false},"author":2,"featured_media":211772,"comment_status":"","ping_status":"","sticky":false,"template":"","format":"standard","meta":{"footnotes":""},"categories":[1418],"tags":[1011,27,1472,60],"class_list":{"0":"post-211771","1":"post","2":"type-post","3":"status-publish","4":"format-standard","5":"has-post-thumbnail","7":"category-golf","8":"tag-fr","9":"tag-france","10":"tag-golf","11":"tag-sports"},"share_on_mastodon":{"url":"","error":""},"_links":{"self":[{"href":"https:\/\/www.europesays.com\/fr\/wp-json\/wp\/v2\/posts\/211771","targetHints":{"allow":["GET"]}}],"collection":[{"href":"https:\/\/www.europesays.com\/fr\/wp-json\/wp\/v2\/posts"}],"about":[{"href":"https:\/\/www.europesays.com\/fr\/wp-json\/wp\/v2\/types\/post"}],"author":[{"embeddable":true,"href":"https:\/\/www.europesays.com\/fr\/wp-json\/wp\/v2\/users\/2"}],"replies":[{"embeddable":true,"href":"https:\/\/www.europesays.com\/fr\/wp-json\/wp\/v2\/comments?post=211771"}],"version-history":[{"count":0,"href":"https:\/\/www.europesays.com\/fr\/wp-json\/wp\/v2\/posts\/211771\/revisions"}],"wp:featuredmedia":[{"embeddable":true,"href":"https:\/\/www.europesays.com\/fr\/wp-json\/wp\/v2\/media\/211772"}],"wp:attachment":[{"href":"https:\/\/www.europesays.com\/fr\/wp-json\/wp\/v2\/media?parent=211771"}],"wp:term":[{"taxonomy":"category","embeddable":true,"href":"https:\/\/www.europesays.com\/fr\/wp-json\/wp\/v2\/categories?post=211771"},{"taxonomy":"post_tag","embeddable":true,"href":"https:\/\/www.europesays.com\/fr\/wp-json\/wp\/v2\/tags?post=211771"}],"curies":[{"name":"wp","href":"https:\/\/api.w.org\/{rel}","templated":true}]}}