{"id":211773,"date":"2025-06-28T20:55:10","date_gmt":"2025-06-28T20:55:10","guid":{"rendered":"https:\/\/www.europesays.com\/fr\/211773\/"},"modified":"2025-06-28T20:55:10","modified_gmt":"2025-06-28T20:55:10","slug":"beach-volley-continental-cup-u-21-filles-le-senegal-remporte-son-deuxieme-match-et-passe-en-quarts","status":"publish","type":"post","link":"https:\/\/www.europesays.com\/fr\/211773\/","title":{"rendered":"Beach-volley &#8211; Continental Cup U-21 (Filles) : Le S\u00e9n\u00e9gal remporte son deuxi\u00e8me match et passe en quarts"},"content":{"rendered":"<p>Apr\u00e8s une entr\u00e9e en lice r\u00e9ussie ce vendredi, le S\u00e9n\u00e9gal a remport\u00e9 son deuxi\u00e8me match dans la Continental Cup de Beach-volley U-21. Les Filles ont domin\u00e9 la Namibie sur le score de 2 \u00e0 0.<\/p>\n<p>Les Lionnes Espoirs sont en train de faire un bon d\u00e9but de comp\u00e9tition \u00e0 la Continental Cup de Beach-volley. Apr\u00e8s un succ\u00e8s (2-1) contre le Maroc en ouverture de tournoi, les S\u00e9n\u00e9galaises ont enchain\u00e9 avec une seconde victoire contre la Namibie (2-0) ce samedi.<\/p>\n<p>Une victoire qui propulse le S\u00e9n\u00e9gal en quart de finale avant m\u00eame de d\u00e9fier l\u2019Egypte, le troisi\u00e8me adversaire des Lionnes dans ce groupe C.<\/p>\n<p>\u00a0<\/p>\n<p>wiwsport.com<\/p>\n","protected":false},"excerpt":{"rendered":"Apr\u00e8s une entr\u00e9e en lice r\u00e9ussie ce vendredi, le S\u00e9n\u00e9gal a remport\u00e9 son deuxi\u00e8me match dans la Continental&hellip;\n","protected":false},"author":2,"featured_media":211774,"comment_status":"","ping_status":"","sticky":false,"template":"","format":"standard","meta":{"footnotes":""},"categories":[1417],"tags":[1011,27,60,1470,1469],"class_list":{"0":"post-211773","1":"post","2":"type-post","3":"status-publish","4":"format-standard","5":"has-post-thumbnail","7":"category-volley","8":"tag-fr","9":"tag-france","10":"tag-sports","11":"tag-volley","12":"tag-volleyball"},"share_on_mastodon":{"url":"","error":""},"_links":{"self":[{"href":"https:\/\/www.europesays.com\/fr\/wp-json\/wp\/v2\/posts\/211773","targetHints":{"allow":["GET"]}}],"collection":[{"href":"https:\/\/www.europesays.com\/fr\/wp-json\/wp\/v2\/posts"}],"about":[{"href":"https:\/\/www.europesays.com\/fr\/wp-json\/wp\/v2\/types\/post"}],"author":[{"embeddable":true,"href":"https:\/\/www.europesays.com\/fr\/wp-json\/wp\/v2\/users\/2"}],"replies":[{"embeddable":true,"href":"https:\/\/www.europesays.com\/fr\/wp-json\/wp\/v2\/comments?post=211773"}],"version-history":[{"count":0,"href":"https:\/\/www.europesays.com\/fr\/wp-json\/wp\/v2\/posts\/211773\/revisions"}],"wp:featuredmedia":[{"embeddable":true,"href":"https:\/\/www.europesays.com\/fr\/wp-json\/wp\/v2\/media\/211774"}],"wp:attachment":[{"href":"https:\/\/www.europesays.com\/fr\/wp-json\/wp\/v2\/media?parent=211773"}],"wp:term":[{"taxonomy":"category","embeddable":true,"href":"https:\/\/www.europesays.com\/fr\/wp-json\/wp\/v2\/categories?post=211773"},{"taxonomy":"post_tag","embeddable":true,"href":"https:\/\/www.europesays.com\/fr\/wp-json\/wp\/v2\/tags?post=211773"}],"curies":[{"name":"wp","href":"https:\/\/api.w.org\/{rel}","templated":true}]}}