{"id":211785,"date":"2025-06-28T21:02:10","date_gmt":"2025-06-28T21:02:10","guid":{"rendered":"https:\/\/www.europesays.com\/fr\/211785\/"},"modified":"2025-06-28T21:02:10","modified_gmt":"2025-06-28T21:02:10","slug":"cristiano-ronaldo-en-remet-une-couche-sur-le-championnat-saoudien-arabie-saoudite-al-nassr","status":"publish","type":"post","link":"https:\/\/www.europesays.com\/fr\/211785\/","title":{"rendered":"Cristiano Ronaldo en remet une couche sur le championnat saoudien &#8211; Arabie saoudite &#8211; Al-Nassr"},"content":{"rendered":"<p>La s\u00e9nilit\u00e9 guette.<\/p>\n<p><a target=\"_blank\" href=\"https:\/\/www.sofoot.com\/breves\/mercato-a-40-ans-cristiano-ronaldo-prolonge-a-al-nassr-pour-deux-saisons\" rel=\"noopener nofollow\">Tout juste prolong\u00e9 de deux ans par Al-Nassr<\/a>, <strong>Cristiano Ronaldo s\u2019est une nouvelle fois exprim\u00e9 sur la qualit\u00e9 du championnat saoudien, ainsi que son bonheur de faire partie d\u2019un projet national allant jusqu\u2019\u00e0 la Coupe du monde<\/strong>, dans neuf ans. \u00ab\u202fJe pense que nous sommes d\u00e9j\u00e0 dans le top 5 des championnats. Nous continuons de progresser, a affirm\u00e9 le quintuple Ballon d\u2019Or dans une interview publi\u00e9e sur les r\u00e9seaux sociaux de son club. Nous avons le temps, mais nous avons d\u00e9j\u00e0 montr\u00e9 depuis deux ans et demi que nous allons constamment vers le haut.\u202f\u00bb\u00a0Et gare aux mauvaises langues qui oseraient dire le contraire. \u00ab\u00a0Ceux qui disent que la Saudi Pro League ne fait pas partie des cinq meilleurs championnats ne comprennent rien au foot.\u00a0Je me donne \u00e0 100\u00a0% dans mon m\u00e9tier, et ceux qui jouent ici savent de quoi je parle.\u00a0\u00bb<\/p>\n<blockquote class=\"twitter-tweet\">\n<p lang=\"ar\" dir=\"rtl\">\u0641\u064a \u0627\u0644\u0644\u0642\u0627\u0621 \u0627\u0644\u062e\u0627\u0635 \u0644\u0642\u0627\u0626\u062f <a target=\"_blank\" href=\"https:\/\/twitter.com\/hashtag\/%D8%A7%D9%84%D9%86%D8%B5%D8%B1?src=hash&amp;ref_src=twsrc%5Etfw\" rel=\"nofollow noopener\">#\u0627\u0644\u0646\u0635\u0631<\/a> \u0643\u0631\u064a\u0633\u062a\u064a\u0627\u0646\u0648 \u0631\u0648\u0646\u0627\u0644\u062f\u0648 \u0628\u0639\u062f \u062a\u062c\u062f\u064a\u062f \u0639\u0642\u062f\u0647 \ud83c\udf99\ufe0f<br \/>\n\u0645\u0624\u0645\u0646 \u0628\u0623\u0646 \u0643\u0623\u0633 \u0627\u0644\u0639\u0627\u0644\u0645 \u0641\u064a \u0627\u0644\u0633\u0639\u0648\u062f\u064a\u0629 \u0633\u064a\u0643\u0648\u0646 \u0623\u062c\u0645\u0644 \u0643\u0623\u0633 \u0639\u0627\u0644\u0645 \u0641\u064a \u0627\u0644\u062a\u0627\u0631\u064a\u062e \ud83c\uddf8\ud83c\udde6<br \/>\n\u0648\u0645\u0624\u0645\u0646 \u0623\u0646\u0646\u0627 \u062d\u0627\u0644\u064a\u064b\u0627 \u0636\u0645\u0646 \u0623\u0641\u0636\u0644 5 \u062f\u0648\u0631\u064a\u0627\u062a \u0641\u064a \u0627\u0644\u0639\u0627\u0644\u0645 \ud83c\udf0f <a target=\"_blank\" href=\"https:\/\/t.co\/6rrBddlDJi\" rel=\"nofollow\">pic.twitter.com\/6rrBddlDJi<\/a><\/p>\n<p>\u2014 \u0646\u0627\u062f\u064a \u0627\u0644\u0646\u0635\u0631 \u0627\u0644\u0633\u0639\u0648\u062f\u064a (@AlNassrFC) <a target=\"_blank\" href=\"https:\/\/twitter.com\/AlNassrFC\/status\/1939024749990211956?ref_src=twsrc%5Etfw\" rel=\"nofollow noopener\">June 28, 2025<\/a><\/p><\/blockquote>\n<p>L\u2019occasion \u00e9galement pour <strong>CR7 de se justifier sur son choix de prolonger l\u2019aventure dans le d\u00e9sert<\/strong>. \u00ab\u202fJe veux rester parce que je crois en ce projet trac\u00e9 jusqu\u2019en 2034, avec la Coupe du monde.\u00a0Je pense que ce sera la plus belle de tous les temps\u202f\u00bb, affirme-t-il encore, tout en retenue. Et celui qui n\u2019a toujours pas remport\u00e9 le moindre titre collectif depuis son arriv\u00e9e \u00e0 Al-Nassr d\u2019afficher son envie de se \u00ab\u202fbattre avec les meilleures \u00e9quipes d\u2019Arabie saoudite et de remporter le championnat\u202f\u00bb.<\/p>\n<p>Nul doute qu\u2019un titre de champion d\u2019Arabie saoudite serait le plus grand accomplissement de sa carri\u00e8re.<\/p>\n<p>\t\t\t\t\t\t\t\t\t\t<a class=\"lien-connexe\" href=\"https:\/\/www.sofoot.com\/breves\/mercato-a-40-ans-cristiano-ronaldo-prolonge-a-al-nassr-pour-deux-saisons\" rel=\"nofollow noopener\" target=\"_blank\">\u00c0 40 ans, Cristiano Ronaldo rempile pour deux saisons<\/a>\t\t\t\t\t<script async src=\"https:\/\/platform.twitter.com\/widgets.js\" charset=\"utf-8\"><\/script><\/p>\n","protected":false},"excerpt":{"rendered":"La s\u00e9nilit\u00e9 guette. Tout juste prolong\u00e9 de deux ans par Al-Nassr, Cristiano Ronaldo s\u2019est une nouvelle fois exprim\u00e9&hellip;\n","protected":false},"author":2,"featured_media":211786,"comment_status":"","ping_status":"","sticky":false,"template":"","format":"standard","meta":{"footnotes":""},"categories":[1410],"tags":[47,61,69,65,64,63,1011,27,68,66,62,70,67,60],"class_list":{"0":"post-211785","1":"post","2":"type-post","3":"status-publish","4":"format-standard","5":"has-post-thumbnail","7":"category-football","8":"tag-actualite","9":"tag-actus-football","10":"tag-bundesliga","11":"tag-championnats-europeens","12":"tag-equipe-de-france","13":"tag-football","14":"tag-fr","15":"tag-france","16":"tag-ligua","17":"tag-ligue-1","18":"tag-news-foot","19":"tag-premier-league","20":"tag-serie-a","21":"tag-sports"},"share_on_mastodon":{"url":"","error":""},"_links":{"self":[{"href":"https:\/\/www.europesays.com\/fr\/wp-json\/wp\/v2\/posts\/211785","targetHints":{"allow":["GET"]}}],"collection":[{"href":"https:\/\/www.europesays.com\/fr\/wp-json\/wp\/v2\/posts"}],"about":[{"href":"https:\/\/www.europesays.com\/fr\/wp-json\/wp\/v2\/types\/post"}],"author":[{"embeddable":true,"href":"https:\/\/www.europesays.com\/fr\/wp-json\/wp\/v2\/users\/2"}],"replies":[{"embeddable":true,"href":"https:\/\/www.europesays.com\/fr\/wp-json\/wp\/v2\/comments?post=211785"}],"version-history":[{"count":0,"href":"https:\/\/www.europesays.com\/fr\/wp-json\/wp\/v2\/posts\/211785\/revisions"}],"wp:featuredmedia":[{"embeddable":true,"href":"https:\/\/www.europesays.com\/fr\/wp-json\/wp\/v2\/media\/211786"}],"wp:attachment":[{"href":"https:\/\/www.europesays.com\/fr\/wp-json\/wp\/v2\/media?parent=211785"}],"wp:term":[{"taxonomy":"category","embeddable":true,"href":"https:\/\/www.europesays.com\/fr\/wp-json\/wp\/v2\/categories?post=211785"},{"taxonomy":"post_tag","embeddable":true,"href":"https:\/\/www.europesays.com\/fr\/wp-json\/wp\/v2\/tags?post=211785"}],"curies":[{"name":"wp","href":"https:\/\/api.w.org\/{rel}","templated":true}]}}