{"id":211787,"date":"2025-06-28T21:03:10","date_gmt":"2025-06-28T21:03:10","guid":{"rendered":"https:\/\/www.europesays.com\/fr\/211787\/"},"modified":"2025-06-28T21:03:10","modified_gmt":"2025-06-28T21:03:10","slug":"laury-thilleman-maman-je-vous-avais-cache-ca-elle-donne-le-biberon-a-un-joli-bebe-et-ca-lui-va-tres-bien","status":"publish","type":"post","link":"https:\/\/www.europesays.com\/fr\/211787\/","title":{"rendered":"Laury Thilleman maman ? \u201cJe vous avais cach\u00e9 \u00e7a\u201d, elle donne le biberon \u00e0 un joli b\u00e9b\u00e9 et \u00e7a lui va tr\u00e8s bien"},"content":{"rendered":"<p data-start=\"228\" data-end=\"615\">Sur Instagram, <a href=\"https:\/\/www.closermag.fr\/people\/laury-thilleman-denigree-par-cyril-hanouna-lex-miss-france-lui-repond-de-maniere-desopilante-3531293\" target=\"_blank\" rel=\"noopener\"><br \/>\nLaury Thilleman<\/a> a sem\u00e9 le <strong>trouble<\/strong> aupr\u00e8s de<br \/>\nses abonn\u00e9s. Dans une story du 28 juin 2025, l\u2019ex-Miss France<br \/>\nappara\u00eet en train de donner le <strong>biberon \u00e0 un adorable<br \/>\nb\u00e9b\u00e9.<\/strong> \u201c<strong>Je vous avais cach\u00e9 \u00e7a.<\/strong>\u2019\u2019<br \/>\nDe quoi imm\u00e9diatement affoler ses fans, qui se demandent : <a href=\"https:\/\/www.closermag.fr\/people\/laury-thilleman-tres-violent-ces-rumeurs-qui-ont-entache-sa-relation-avec-juan-arbelaez-3454071\" target=\"_blank\" rel=\"noopener\"><br \/>\nMiss France 2011 Laury Thilleman<\/a> a-t-elle eu un <strong>enfant<br \/>\nen secret ?<\/strong><\/p>\n<p data-start=\"617\" data-end=\"942\">Depuis plusieurs ann\u00e9es, la<br \/>\njeune femme cultive un rapport apais\u00e9 \u00e0 <strong>sa vie priv\u00e9e.<br \/>\nR\u00e9serv\u00e9e mais authentique<\/strong>, elle partage des moments de<br \/>\n<strong>bonheur<\/strong>, de <strong>sport<\/strong> et de<br \/>\n<strong>bien-\u00eatre<\/strong> sans jamais trop en dire sur sa<br \/>\n<strong>vie sentimentale actuelle<\/strong>. Alors forc\u00e9ment, cette<br \/>\nimage tendre et maternelle n\u2019a pas manqu\u00e9 d\u2019alimenter les<br \/>\n<strong>sp\u00e9culations<\/strong>.<\/p>\n<p>Laury Thilleman maman en secret<br \/>\n? Ce clich\u00e9 \u00e9tonnant post\u00e9<\/p>\n<p data-start=\"997\" data-end=\"1352\">La v\u00e9rit\u00e9 derri\u00e8re ce moment<br \/>\nattendrissant est plus simple qu\u2019il n\u2019y para\u00eet. <strong>Le b\u00e9b\u00e9 que<br \/>\nLaury Thilleman tient dans ses bras<\/strong> n\u2019est autre que celui<br \/>\nd\u2019Estelle Sabathier, une amie proche et membre de l\u2019\u00e9quipe Miss<br \/>\nFrance. <strong>Complices<\/strong>, les deux femmes ont partag\u00e9 ce<br \/>\nmoment sur les r\u00e9seaux sociaux ce 28 juin, immortalisant l\u2019ancienne<br \/>\nMiss en \u201c<strong>tata de c\u0153ur<\/strong>\u2019\u2019 le temps d\u2019un<br \/>\nbiberon.<\/p>\n<p data-start=\"1354\" data-end=\"1727\">Si elle n\u2019est donc pas devenue<br \/>\nmaman, cette parenth\u00e8se touchante soul\u00e8ve n\u00e9anmoins une<br \/>\n<strong>\u00e9motion particuli\u00e8re<\/strong> chez l\u2019ancienne reine de<br \/>\nbeaut\u00e9. Laury Thilleman n\u2019a<br \/>\n<strong>jamais<\/strong>\u00a0<strong>cach\u00e9 son d\u00e9sir de<br \/>\nmaternit\u00e9.<\/strong><\/p>\n<p><img loading=\"lazy\" decoding=\"async\" aria-describedby=\"caption-attachment-3559204\" itemprop=\"thumbnailUrl\" class=\"size-full wp-image-3559204 img-responsive\" src=\"https:\/\/www.europesays.com\/fr\/wp-content\/uploads\/2025\/06\/img_0174.jpeg\" alt=\"Laury Thilleman maman ? \u201cJe vous avais cach\u00e9 \u00e7a\u201d, elle donne le biberon \u00e0 un joli b\u00e9b\u00e9 et \u00e7a lui va tr\u00e8s bien\" width=\"887\" height=\"1601\"\/> \u00a9 Instagram<\/p>\n<p id=\"caption-attachment-3559204\" class=\"wp-caption-text\">Laury<br \/>\nThilleman maman ? \u201cJe vous avais cach\u00e9 \u00e7a\u201d, elle donne le biberon \u00e0<br \/>\nun joli b\u00e9b\u00e9 et \u00e7a lui va tr\u00e8s bien<\/p>\n<p>Devenir m\u00e8re ? Un r\u00eave contrari\u00e9<\/p>\n<p data-start=\"1770\" data-end=\"2197\">Devenir m\u00e8re ? Un <strong>r\u00eave<br \/>\ndifficile \u00e0 r\u00e9aliser pour Laury Thilleman.<\/strong> Elle s\u2019est<br \/>\nconfi\u00e9e \u00e0 ce sujet dans Corps<br \/>\n\u00e0 c\u0153urs, le livre de Laurie Darmon paru d\u00e9but 2024. \u201cJe te<br \/>\npasse les moments o\u00f9 l\u2019on <strong>m\u2019annon\u00e7ait ma propre grossesse,<br \/>\nalors que \u00e7a faisait deux ans que j\u2019essayais d\u2019avoir un enfant et<br \/>\nque \u00e7a ne marchait pas.<\/strong>\u2019\u2019 confie-t-elle dans<br \/>\nl\u2019ouvrage. \u00c0 l\u2019\u00e9poque mari\u00e9e \u00e0 <a href=\"https:\/\/www.closermag.fr\/people\/juan-arbelaez-lex-de-laury-thilleman-revele-depuis-quand-il-est-avec-sa-cherie-et-ce-nest-pas-tout-frais-3463719\" target=\"_blank\" rel=\"noopener\"><br \/>\nJuan Arbelaez<\/a>, elle vivait <strong>douloureusement<\/strong> les<br \/>\nsp\u00e9culations sur son <strong>ventre<\/strong>, sur ses choix, sur ce<br \/>\nqu\u2019elle \u201cdevait\u201d \u00eatre. Les rumeurs d\u2019une<br \/>\n<strong>grossesse<\/strong> avaient d\u2019autant plus heurt\u00e9 qu\u2019elles<br \/>\ntouchaient une blessure intime.<\/p>\n<p data-start=\"2199\" data-end=\"2656\">\u201cBien s\u00fbr que <strong>je<br \/>\nn\u2019allais pas en parler, mais c\u2019est tr\u00e8s violent<\/strong>.\u2019\u2019<br \/>\nUne phrase qui en dit long sur ce que vivent de nombreuses femmes.<br \/>\nAu fil des ann\u00e9es, la maternit\u00e9 devient une <strong>pression<br \/>\nsociale.<\/strong> Laury Thilleman esp\u00e9rait que <strong>Juan<br \/>\nArbelaez serait un jour le p\u00e8re de ses enfants.<\/strong> Elle avait<br \/>\nm\u00eame d\u00e9clar\u00e9 en 2018 : \u201c<strong>J\u2019en suis intimement<br \/>\nconvaincue<\/strong>.\u2019\u2019 Leur <strong>s\u00e9paration en<br \/>\n2022<\/strong> a marqu\u00e9 un tournant mais pas la fin de ses<br \/>\naspirations.<\/p>\n","protected":false},"excerpt":{"rendered":"Sur Instagram, Laury Thilleman a sem\u00e9 le trouble aupr\u00e8s de ses abonn\u00e9s. Dans une story du 28 juin&hellip;\n","protected":false},"author":2,"featured_media":211788,"comment_status":"","ping_status":"","sticky":false,"template":"","format":"standard","meta":{"footnotes":""},"categories":[1359],"tags":[548,58,59,1011,27,35154,973],"class_list":{"0":"post-211787","1":"post","2":"type-post","3":"status-publish","4":"format-standard","5":"has-post-thumbnail","7":"category-people","8":"tag-article-simple","9":"tag-divertissement","10":"tag-entertainment","11":"tag-fr","12":"tag-france","13":"tag-laury-thilleman","14":"tag-people"},"share_on_mastodon":{"url":"","error":""},"_links":{"self":[{"href":"https:\/\/www.europesays.com\/fr\/wp-json\/wp\/v2\/posts\/211787","targetHints":{"allow":["GET"]}}],"collection":[{"href":"https:\/\/www.europesays.com\/fr\/wp-json\/wp\/v2\/posts"}],"about":[{"href":"https:\/\/www.europesays.com\/fr\/wp-json\/wp\/v2\/types\/post"}],"author":[{"embeddable":true,"href":"https:\/\/www.europesays.com\/fr\/wp-json\/wp\/v2\/users\/2"}],"replies":[{"embeddable":true,"href":"https:\/\/www.europesays.com\/fr\/wp-json\/wp\/v2\/comments?post=211787"}],"version-history":[{"count":0,"href":"https:\/\/www.europesays.com\/fr\/wp-json\/wp\/v2\/posts\/211787\/revisions"}],"wp:featuredmedia":[{"embeddable":true,"href":"https:\/\/www.europesays.com\/fr\/wp-json\/wp\/v2\/media\/211788"}],"wp:attachment":[{"href":"https:\/\/www.europesays.com\/fr\/wp-json\/wp\/v2\/media?parent=211787"}],"wp:term":[{"taxonomy":"category","embeddable":true,"href":"https:\/\/www.europesays.com\/fr\/wp-json\/wp\/v2\/categories?post=211787"},{"taxonomy":"post_tag","embeddable":true,"href":"https:\/\/www.europesays.com\/fr\/wp-json\/wp\/v2\/tags?post=211787"}],"curies":[{"name":"wp","href":"https:\/\/api.w.org\/{rel}","templated":true}]}}