{"id":211789,"date":"2025-06-28T21:04:25","date_gmt":"2025-06-28T21:04:25","guid":{"rendered":"https:\/\/www.europesays.com\/fr\/211789\/"},"modified":"2025-06-28T21:04:25","modified_gmt":"2025-06-28T21:04:25","slug":"les-peintres-de-royan-exposent-a-la-galerie-louis-simon","status":"publish","type":"post","link":"https:\/\/www.europesays.com\/fr\/211789\/","title":{"rendered":"Les Peintres de Royan exposent \u00e0 la galerie Louis-Simon"},"content":{"rendered":"<p>Neuf artistes de<a href=\"https:\/\/www.facebook.com\/peintresderoyan\/?locale=fr_FR\" target=\"_blank\" rel=\"nofollow noopener\"> l\u2019association Les Peintres de Royan<\/a>, pr\u00e9sid\u00e9e par Catherine Delcan, pr\u00e9sentent une cinquantaine de leurs cr\u00e9ations \u00e0 la galerie Louis-Simon. Les quatre \u00e9l\u00e9ments, eau, terre, feu, air, habillent les toiles contemporaines en acrylique, pastel, huile, gravure, encre, fusain, collage, r\u00e9cup\u00e9ration de petits mat\u00e9riaux de fer qui ornent les grilles de la galerie.<\/p>\n<p>Toute une palette de couleurs, froides ou chaudes, jouant sur l\u2019ombre et la lumi\u00e8re, s\u2019offre au regard du visiteur qui peut laisser voguer son imaginaire. Le bleu de la mer, le vert des arbres, le rouge des volcans, l\u2019orang\u00e9 des feuilles se c\u00f4toient pour habiller et illuminer les murs. L\u2019humain, figuratif ou abstrait, et la nature y sont omnipr\u00e9sents.<\/p>\n<p>Un collectif dynamique<\/p>\n<p>Cr\u00e9\u00e9 en 2015, le collectif Les Peintres de Royan r\u00e9unissant une vingtaine d\u2019artistes se distingue par son dynamisme, sa passion pour l\u2019art et une belle connivence humaine. \u00ab\u00a0Nous sommes dans une perp\u00e9tuelle recherche de salles, de nouveaux lieux d\u2019exposition, des espaces atypiques \u00e0 Royan et en Pays royannais, hangar, cave, garage, pour renforcer l\u2019acc\u00e8s \u00e0 l\u2019art \u00e0 tous\u00a0\u00bb, souligne Martine Cavalec, en charge de la communication. Les artistes peignent ensemble une fois par semaine \u00e0 la Maison des associations. \u00ab\u00a0On se r\u00e9unit r\u00e9guli\u00e8rement les uns chez les autres car on a plaisir \u00e0 se rencontrer, on a cr\u00e9\u00e9 un r\u00e9el terreau humain.\u00a0\u00bb<\/p>\n<p>Le collectif organise aussi r\u00e9guli\u00e8rement une exposition aux Jardins de la Mer, \u00e0 Royan, \u00ab\u00a0afin d\u2019amener l\u2019art dans la rue, pour les personnes qui n\u2019osent pas pousser la porte d\u2019une galerie\u00a0\u00bb, ajoute Catherine Delcan. Parall\u00e8lement \u00e0 cette exposition, une autre partie des peintres de l\u2019association pr\u00e9sente ses \u0153uvres au phare de la Coubre, \u00e0 La Tremblade.<\/p>\n<p>Exposition Les Peintres de Royan, galerie Louis-Simon, cours de l\u2019Europe \u00e0 Royan, visible jusqu\u2019au 6\u00a0juillet, de 10 heures \u00e0 12\u00a0h\u00a030 et de 15 \u00e0 19 heures. Entr\u00e9e gratuite. <\/p>\n","protected":false},"excerpt":{"rendered":"Neuf artistes de l\u2019association Les Peintres de Royan, pr\u00e9sid\u00e9e par Catherine Delcan, pr\u00e9sentent une cinquantaine de leurs cr\u00e9ations&hellip;\n","protected":false},"author":2,"featured_media":211790,"comment_status":"","ping_status":"","sticky":false,"template":"","format":"standard","meta":{"footnotes":""},"categories":[1358],"tags":[1348,1384,1385,1386,58,59,1011,27],"class_list":{"0":"post-211789","1":"post","2":"type-post","3":"status-publish","4":"format-standard","5":"has-post-thumbnail","7":"category-arts-et-design","8":"tag-arts","9":"tag-arts-and-design","10":"tag-arts-et-design","11":"tag-design","12":"tag-divertissement","13":"tag-entertainment","14":"tag-fr","15":"tag-france"},"share_on_mastodon":{"url":"","error":""},"_links":{"self":[{"href":"https:\/\/www.europesays.com\/fr\/wp-json\/wp\/v2\/posts\/211789","targetHints":{"allow":["GET"]}}],"collection":[{"href":"https:\/\/www.europesays.com\/fr\/wp-json\/wp\/v2\/posts"}],"about":[{"href":"https:\/\/www.europesays.com\/fr\/wp-json\/wp\/v2\/types\/post"}],"author":[{"embeddable":true,"href":"https:\/\/www.europesays.com\/fr\/wp-json\/wp\/v2\/users\/2"}],"replies":[{"embeddable":true,"href":"https:\/\/www.europesays.com\/fr\/wp-json\/wp\/v2\/comments?post=211789"}],"version-history":[{"count":0,"href":"https:\/\/www.europesays.com\/fr\/wp-json\/wp\/v2\/posts\/211789\/revisions"}],"wp:featuredmedia":[{"embeddable":true,"href":"https:\/\/www.europesays.com\/fr\/wp-json\/wp\/v2\/media\/211790"}],"wp:attachment":[{"href":"https:\/\/www.europesays.com\/fr\/wp-json\/wp\/v2\/media?parent=211789"}],"wp:term":[{"taxonomy":"category","embeddable":true,"href":"https:\/\/www.europesays.com\/fr\/wp-json\/wp\/v2\/categories?post=211789"},{"taxonomy":"post_tag","embeddable":true,"href":"https:\/\/www.europesays.com\/fr\/wp-json\/wp\/v2\/tags?post=211789"}],"curies":[{"name":"wp","href":"https:\/\/api.w.org\/{rel}","templated":true}]}}