{"id":211791,"date":"2025-06-28T21:05:11","date_gmt":"2025-06-28T21:05:11","guid":{"rendered":"https:\/\/www.europesays.com\/fr\/211791\/"},"modified":"2025-06-28T21:05:11","modified_gmt":"2025-06-28T21:05:11","slug":"hareville-un-livre-et-un-bon-dachat-remis-aux-futurs-collegiens","status":"publish","type":"post","link":"https:\/\/www.europesays.com\/fr\/211791\/","title":{"rendered":"Har\u00e9ville. Un livre et un bon d\u2019achat remis aux futurs coll\u00e9giens"},"content":{"rendered":"<p>Le maire, Maurice Grosse et la municipalit\u00e9 ont donn\u00e9 rendez-vous aux CM2 pour la fin de l\u2019ann\u00e9e scolaire. En septembre prochain, seize \u00e9l\u00e8ves prendront le chemin du coll\u00e8ge. Le maire a remis \u00e0 chacun d\u2019entre eux un bon d\u2019achat pour des fournitures scolaires. Madame Fatet, enseignante, a remis \u00e0 chacun le livre L\u2019odyss\u00e9e d\u2019Hom\u00e8re offert par l\u2019\u00c9ducation nationale. Un rafra\u00eechissement a \u00e9t\u00e9 propos\u00e9 pour cl\u00f4turer cette r\u00e9ception.<\/p>\n","protected":false},"excerpt":{"rendered":"Le maire, Maurice Grosse et la municipalit\u00e9 ont donn\u00e9 rendez-vous aux CM2 pour la fin de l\u2019ann\u00e9e scolaire.&hellip;\n","protected":false},"author":2,"featured_media":211792,"comment_status":"","ping_status":"","sticky":false,"template":"","format":"standard","meta":{"footnotes":""},"categories":[1357],"tags":[1379,35156,58,1797,1057,59,1011,27,35155,1380,10425],"class_list":{"0":"post-211791","1":"post","2":"type-post","3":"status-publish","4":"format-standard","5":"has-post-thumbnail","7":"category-livres","8":"tag-books","9":"tag-cc-terre-deau-88a","10":"tag-divertissement","11":"tag-edition-la-plaine","12":"tag-education","13":"tag-entertainment","14":"tag-fr","15":"tag-france","16":"tag-hareville","17":"tag-livres","18":"tag-maternelle-elementaire"},"share_on_mastodon":{"url":"","error":""},"_links":{"self":[{"href":"https:\/\/www.europesays.com\/fr\/wp-json\/wp\/v2\/posts\/211791","targetHints":{"allow":["GET"]}}],"collection":[{"href":"https:\/\/www.europesays.com\/fr\/wp-json\/wp\/v2\/posts"}],"about":[{"href":"https:\/\/www.europesays.com\/fr\/wp-json\/wp\/v2\/types\/post"}],"author":[{"embeddable":true,"href":"https:\/\/www.europesays.com\/fr\/wp-json\/wp\/v2\/users\/2"}],"replies":[{"embeddable":true,"href":"https:\/\/www.europesays.com\/fr\/wp-json\/wp\/v2\/comments?post=211791"}],"version-history":[{"count":0,"href":"https:\/\/www.europesays.com\/fr\/wp-json\/wp\/v2\/posts\/211791\/revisions"}],"wp:featuredmedia":[{"embeddable":true,"href":"https:\/\/www.europesays.com\/fr\/wp-json\/wp\/v2\/media\/211792"}],"wp:attachment":[{"href":"https:\/\/www.europesays.com\/fr\/wp-json\/wp\/v2\/media?parent=211791"}],"wp:term":[{"taxonomy":"category","embeddable":true,"href":"https:\/\/www.europesays.com\/fr\/wp-json\/wp\/v2\/categories?post=211791"},{"taxonomy":"post_tag","embeddable":true,"href":"https:\/\/www.europesays.com\/fr\/wp-json\/wp\/v2\/tags?post=211791"}],"curies":[{"name":"wp","href":"https:\/\/api.w.org\/{rel}","templated":true}]}}