{"id":211808,"date":"2025-06-28T21:15:17","date_gmt":"2025-06-28T21:15:17","guid":{"rendered":"https:\/\/www.europesays.com\/fr\/211808\/"},"modified":"2025-06-28T21:15:17","modified_gmt":"2025-06-28T21:15:17","slug":"document-rtl-intoxications-dans-laisne-je-nai-jamais-vu-autant-de-sang-de-ma-vie-raconte-la-mere-dun-enfant-contamine","status":"publish","type":"post","link":"https:\/\/www.europesays.com\/fr\/211808\/","title":{"rendered":"DOCUMENT RTL &#8211; Intoxications dans l&rsquo;Aisne : \u00ab\u00a0Je n&rsquo;ai jamais vu autant de sang de ma vie\u00a0\u00bb, raconte la m\u00e8re d&rsquo;un enfant contamin\u00e9"},"content":{"rendered":"<p class=\"article-p mdl\">Le myst\u00e8re subsiste toujours \u00e0 Saint-Quentin, dans l&rsquo;Aisne. Une dizaine de personnes ont \u00e9t\u00e9 hospitalis\u00e9es apr\u00e8s avoir \u00e9t\u00e9 contamin\u00e9es \u00e0 la bact\u00e9rie E. Coli. <strong>Une petite fille de 11 ans est m\u00eame d\u00e9c\u00e9d\u00e9e<\/strong>, le mercredi 18 juin. En cause, la viande qu&rsquo;ils ont mang\u00e9e.\u00a0Par mesure de pr\u00e9vention, cinq boucheries ont \u00e9t\u00e9 ferm\u00e9es.<\/p>\n<p class=\"article-p mdl\">\u00c0 l&rsquo;instar de<strong> Wendy, m\u00e8re de L\u00e9o<\/strong>, beaucoup de parents sont toujours tr\u00e8s inquiets, car ils sont, pour le moment, laiss\u00e9s sans r\u00e9ponse. Son fils de 7 ans vient de passer trois jours \u00e0 l&rsquo;h\u00f4pital. S&rsquo;il a \u00e9t\u00e9 autoris\u00e9 \u00e0 sortir, ce samedi 28 juin, il est encore tr\u00e8s p\u00e2le et <strong>devra passer une semaine en quarantaine<\/strong>.\u00a0<\/p>\n<p class=\"article-p mdl\">\u00ab\u00a0Il ne faisait plus pipi. <strong>Il y avait \u00e9norm\u00e9ment de sang. Je n&rsquo;ai jamais vu autant de sang de ma vie<\/strong>\u00ab\u00a0, souffle sa m\u00e8re. \u00ab\u00a0Mais rien n&rsquo;est bon. Les prises de sang ne sont pas bonnes. Il doit rester enferm\u00e9 pendant une semaine.\u00a0\u00bb<\/p>\n<p class=\"article-p mdl\">Le manque d&rsquo;informations ne la rassure pas. Wendy se pose toujours beaucoup de questions.\u00a0\u00ab\u00a0Je ne fais que \u00e7a. Comme autour de moi, ma famille&#8230; <strong>Tout le monde veut conna\u00eetre la cause. <\/strong>Mais le truc, c&rsquo;est que, pour l&rsquo;instant, ils ne peuvent pas \u00eatre s\u00fbrs. C&rsquo;est long\u00a0\u00bb, assure-t-elle.<\/p>\n<p>            Vers un d\u00e9p\u00f4t de plainte ?<\/p>\n<p class=\"article-p mdl\">Si la marchandise de sa boucherie habituelle contenait bien la bact\u00e9rie et E. Coli, Wendy aimerait avoir plus de pr\u00e9cisions sur\u00a0<a class=\"link\" href=\"https:\/\/www.rtl.fr\/actu\/justice-faits-divers\/intoxications-dans-l-aisne-des-contaminations-a-e-coli-confirmees-dans-certaines-boucheries-7900519919\" target=\"_blank\" rel=\"noopener\">l&rsquo;origine de la contamination<\/a>. \u00ab\u00a0Je lui ai tout donn\u00e9 sans avoir peur. L\u00e0, d\u00e9j\u00e0, <strong>je vous avouerais que j&rsquo;ai tout jet\u00e9, tout ce que j&rsquo;avais dans mon frigo.<\/strong>\u00ab\u00a0<\/p>\n<p class=\"article-p mdl\">La m\u00e8re de famille n&rsquo;avait pas le choix. \u00ab\u00a0Parce que est-ce que c&rsquo;\u00e9tait les saucisses . Est-ce que c&rsquo;\u00e9tait \u00e7a ? Est-ce que ce c&rsquo;\u00e9tait \u00e7a ?\u00a0\u00bb, \u00e9num\u00e8re-t-elle, en montrant plusieurs produits. <strong>\u00ab\u00a0On ne peut pas savoir tant qu&rsquo;ils n&rsquo;ont pas fait les vraies analyses.\u00a0\u00bb<\/strong><\/p>\n<p class=\"article-p mdl\">Surtout, elle veut avoir des r\u00e9ponses qui permettra de r\u00e9tablir la confiance. \u00ab\u00a0Franchement, moi, ce qui m&rsquo;\u00e9tonne beaucoup, c&rsquo;est pourquoi il n&rsquo;y a que Saint-Quentin ? <strong>Il y a quelque chose qui ne va pas derri\u00e8re<\/strong>, ce n&rsquo;est pas possible\u00a0\u00bb, poursuit Wendy.<\/p>\n<p class=\"article-p mdl\"><strong>L\u00e9o devra d\u00e9sormais passer tous les jours \u00e0 l&rsquo;h\u00f4pital pour suivre son \u00e9tat de sant\u00e9.<\/strong> Puis, en fonction de l&rsquo;enqu\u00eate, Wendy n&rsquo;\u00e9carte pas la possibilit\u00e9 de porter plainte.<\/p>\n<p>    L&rsquo;\u00e9quipe de l&rsquo;\u00e9mission vous recommande<\/p>\n<p class=\"s-newsletter__title\">\n                L\u2019actualit\u00e9 par la r\u00e9daction de RTL dans votre bo\u00eete mail.\n            <\/p>\n<p class=\"s-newsletter__subtitle\">\n                Gr\u00e2ce \u00e0 votre compte RTL abonnez-vous \u00e0 la newsletter RTL info pour suivre toute l&rsquo;actualit\u00e9 au quotidien\n            <\/p>\n<p>\n                                    Lire la suite\n                                <\/p>\n","protected":false},"excerpt":{"rendered":"Le myst\u00e8re subsiste toujours \u00e0 Saint-Quentin, dans l&rsquo;Aisne. Une dizaine de personnes ont \u00e9t\u00e9 hospitalis\u00e9es apr\u00e8s avoir \u00e9t\u00e9&hellip;\n","protected":false},"author":2,"featured_media":204872,"comment_status":"","ping_status":"","sticky":false,"template":"","format":"standard","meta":{"footnotes":""},"categories":[4],"tags":[11,26788,35157,107,1011,27,226,12,362,361,360,25,71],"class_list":{"0":"post-211808","1":"post","2":"type-post","3":"status-publish","4":"format-standard","5":"has-post-thumbnail","7":"category-france","8":"tag-actualites","9":"tag-aisne","10":"tag-bacterie-toxique","11":"tag-fil-info","12":"tag-fr","13":"tag-france","14":"tag-maladie","15":"tag-news","16":"tag-replay","17":"tag-replay-a-la-une","18":"tag-replay-integral","19":"tag-republique-francaise","20":"tag-sante"},"share_on_mastodon":{"url":"","error":""},"_links":{"self":[{"href":"https:\/\/www.europesays.com\/fr\/wp-json\/wp\/v2\/posts\/211808","targetHints":{"allow":["GET"]}}],"collection":[{"href":"https:\/\/www.europesays.com\/fr\/wp-json\/wp\/v2\/posts"}],"about":[{"href":"https:\/\/www.europesays.com\/fr\/wp-json\/wp\/v2\/types\/post"}],"author":[{"embeddable":true,"href":"https:\/\/www.europesays.com\/fr\/wp-json\/wp\/v2\/users\/2"}],"replies":[{"embeddable":true,"href":"https:\/\/www.europesays.com\/fr\/wp-json\/wp\/v2\/comments?post=211808"}],"version-history":[{"count":0,"href":"https:\/\/www.europesays.com\/fr\/wp-json\/wp\/v2\/posts\/211808\/revisions"}],"wp:featuredmedia":[{"embeddable":true,"href":"https:\/\/www.europesays.com\/fr\/wp-json\/wp\/v2\/media\/204872"}],"wp:attachment":[{"href":"https:\/\/www.europesays.com\/fr\/wp-json\/wp\/v2\/media?parent=211808"}],"wp:term":[{"taxonomy":"category","embeddable":true,"href":"https:\/\/www.europesays.com\/fr\/wp-json\/wp\/v2\/categories?post=211808"},{"taxonomy":"post_tag","embeddable":true,"href":"https:\/\/www.europesays.com\/fr\/wp-json\/wp\/v2\/tags?post=211808"}],"curies":[{"name":"wp","href":"https:\/\/api.w.org\/{rel}","templated":true}]}}