{"id":211811,"date":"2025-06-28T21:17:09","date_gmt":"2025-06-28T21:17:09","guid":{"rendered":"https:\/\/www.europesays.com\/fr\/211811\/"},"modified":"2025-06-28T21:17:09","modified_gmt":"2025-06-28T21:17:09","slug":"de-firminy-a-venise-cedric-grolet-sublime-le-mariage-de-jeff-bezos-le-patron-de-amazon","status":"publish","type":"post","link":"https:\/\/www.europesays.com\/fr\/211811\/","title":{"rendered":"DE FIRMINY \u00c0 VENISE : C\u00c9DRIC GROLET SUBLIME LE MARIAGE DE JEFF BEZOS, LE PATRON DE AMAZON"},"content":{"rendered":"<p>Cette cons\u00e9cration internationale couronne un parcours exemplaire initi\u00e9 par un CAP au Puy-en-Velay en 2002, puis enrichi par un passage \u00e0 l\u2019\u00c9cole nationale sup\u00e9rieure de la p\u00e2tisserie d\u2019Yssingeaux.<\/p>\n<p>Rapidement attir\u00e9 par les lumi\u00e8res de la capitale, le jeune prodige lig\u00e9rien a conquis les \u00e9tablissements les plus prestigieux de Paris. Cette progression m\u00e9t\u00e9orique l\u2019a men\u00e9 jusqu\u2019aux distinctions les plus envi\u00e9es, notamment le titre de meilleur chef p\u00e2tissier mondial d\u00e9croch\u00e9 \u00e0 deux reprises.<\/p>\n<p>Sa r\u00e9putation d\u00e9passe d\u00e9sormais largement les fronti\u00e8res hexagonales, comme en t\u00e9moigne cette commande prestigieuse pour l\u2019une des personnalit\u00e9s les plus fortun\u00e9es de la plan\u00e8te.<\/p>\n<p>Une r\u00e9v\u00e9lation lors d\u2019un enterrement de vie de jeune fille<\/p>\n<p>Selon les r\u00e9v\u00e9lations du Corriere della Sera et du Daily Mail, cette collaboration exceptionnelle trouve son origine dans une visite de Lauren Sanchez au Meurice, palace parisien o\u00f9 Grolet officie depuis 2012. Accompagn\u00e9e de ses amies, dont Kim Kardashian et Katy Perry, la future \u00e9pouse de Bezos aurait litt\u00e9ralement succomb\u00e9 au charme des cr\u00e9ations du ma\u00eetre p\u00e2tissier fran\u00e7ais.<\/p>\n<p>Ce coup de foudre gustatif lors de son enterrement de vie de jeune fille a directement influenc\u00e9 le choix pour cette commande d\u2019exception.<\/p>\n<p>Collaboration d\u2019exception pour un \u00e9v\u00e9nement grandiose<\/p>\n<p>La somptueuse c\u00e9r\u00e9monie v\u00e9nitienne a r\u00e9uni 200 invit\u00e9s tri\u00e9s sur le volet, avec un banquet orchestr\u00e9 par le chef triplement \u00e9toil\u00e9 Fabrizio Mellino. Ce dernier a propos\u00e9 ses spaghettis alla Nerano, recette familiale transmise de g\u00e9n\u00e9ration en g\u00e9n\u00e9ration \u00e0 base de courgettes frites et de provolone.<\/p>\n<p>Mais l\u2019apoth\u00e9ose de cette soir\u00e9e d\u2019exception fut ind\u00e9niablement le moment de la d\u00e9coupe du g\u00e2teau sign\u00e9 Grolet, cr\u00e9ant un instant d\u2019\u00e9motion partag\u00e9e par les nouveaux mari\u00e9s.<\/p>\n<p>Pr\u00e9paration minutieuse pour un r\u00e9sultat inoubliable<\/p>\n<p>Le p\u00e2tissier lig\u00e9rien aurait consacr\u00e9 plusieurs semaines \u00e0 l\u2019\u00e9laboration de cette pi\u00e8ce d\u2019exception, qualifi\u00e9e par les m\u00e9dias anglo-saxons comme \u00ab\u00a0l\u2019un des g\u00e2teaux de mariage les plus chers jamais r\u00e9alis\u00e9s\u00a0\u00bb. Cette p\u00e9riode de cr\u00e9ation intensive t\u00e9moigne du perfectionnisme l\u00e9gendaire de l\u2019artisan.<\/p>\n<p>La composition exacte de cette \u0153uvre sucr\u00e9e demeure secr\u00e8te, ajoutant une aura myst\u00e9rieuse \u00e0 cette r\u00e9alisation d\u00e9j\u00e0 l\u00e9gendaire.<\/p>\n<p>Star des r\u00e9seaux et ambassadeur de son art<\/p>\n<p>Cette nouvelle performance m\u00e9diatique enrichit le palmar\u00e8s d\u2019un chef qui a r\u00e9volutionn\u00e9 l\u2019image de la p\u00e2tisserie gr\u00e2ce \u00e0 une ma\u00eetrise parfaite des codes num\u00e9riques. Habitu\u00e9 des plateaux t\u00e9l\u00e9 et des publications virales, Grolet a su moderniser la perception de son m\u00e9tier aupr\u00e8s du grand public.<\/p>\n<p>\u00c0 l\u2019approche de ses quarante ans, cette reconnaissance internationale confirme son statut de r\u00e9f\u00e9rence absolue dans l\u2019univers sucr\u00e9 mondial.<\/p>\n<p>Fid\u00e9lit\u00e9 aux racines et projets d\u2019avenir<\/p>\n<p>Malgr\u00e9 sa notori\u00e9t\u00e9 plan\u00e9taire, l\u2019enfant de Firminy cultive un attachement sinc\u00e8re \u00e0 ses origines. Ses retours r\u00e9guliers dans sa r\u00e9gion natale, immortalis\u00e9s par les cam\u00e9ras de TF1, t\u00e9moignent de cette authenticit\u00e9 pr\u00e9serv\u00e9e.<\/p>\n<p>Cette fid\u00e9lit\u00e9 se concr\u00e9tise par son projet d\u2019implantation d\u2019un atelier \u00e0 Yssingeaux en 2026, avec l\u2019ambition affich\u00e9e de transformer cette ville altilig\u00e9rienne en \u00ab\u00a0capitale de la gastronomie\u00a0\u00bb, selon les mots du maire Pierre Liogier.<\/p>\n","protected":false},"excerpt":{"rendered":"Cette cons\u00e9cration internationale couronne un parcours exemplaire initi\u00e9 par un CAP au Puy-en-Velay en 2002, puis enrichi par&hellip;\n","protected":false},"author":2,"featured_media":211812,"comment_status":"","ping_status":"","sticky":false,"template":"","format":"standard","meta":{"footnotes":""},"categories":[9653],"tags":[1111,11,4239,2430,35158,1777,674,1011,27,697,3367,1930,12,25,4001],"class_list":{"0":"post-211811","1":"post","2":"type-post","3":"status-publish","4":"format-standard","5":"has-post-thumbnail","7":"category-saint-etienne","8":"tag-actu","9":"tag-actualites","10":"tag-amazon","11":"tag-auvergne-rhone-alpes","12":"tag-cedric-grolet","13":"tag-eu","14":"tag-europe","15":"tag-fr","16":"tag-france","17":"tag-jeff-bezos","18":"tag-loire","19":"tag-mariage","20":"tag-news","21":"tag-republique-francaise","22":"tag-saint-etienne"},"share_on_mastodon":{"url":"","error":""},"_links":{"self":[{"href":"https:\/\/www.europesays.com\/fr\/wp-json\/wp\/v2\/posts\/211811","targetHints":{"allow":["GET"]}}],"collection":[{"href":"https:\/\/www.europesays.com\/fr\/wp-json\/wp\/v2\/posts"}],"about":[{"href":"https:\/\/www.europesays.com\/fr\/wp-json\/wp\/v2\/types\/post"}],"author":[{"embeddable":true,"href":"https:\/\/www.europesays.com\/fr\/wp-json\/wp\/v2\/users\/2"}],"replies":[{"embeddable":true,"href":"https:\/\/www.europesays.com\/fr\/wp-json\/wp\/v2\/comments?post=211811"}],"version-history":[{"count":0,"href":"https:\/\/www.europesays.com\/fr\/wp-json\/wp\/v2\/posts\/211811\/revisions"}],"wp:featuredmedia":[{"embeddable":true,"href":"https:\/\/www.europesays.com\/fr\/wp-json\/wp\/v2\/media\/211812"}],"wp:attachment":[{"href":"https:\/\/www.europesays.com\/fr\/wp-json\/wp\/v2\/media?parent=211811"}],"wp:term":[{"taxonomy":"category","embeddable":true,"href":"https:\/\/www.europesays.com\/fr\/wp-json\/wp\/v2\/categories?post=211811"},{"taxonomy":"post_tag","embeddable":true,"href":"https:\/\/www.europesays.com\/fr\/wp-json\/wp\/v2\/tags?post=211811"}],"curies":[{"name":"wp","href":"https:\/\/api.w.org\/{rel}","templated":true}]}}