{"id":211829,"date":"2025-06-28T21:31:45","date_gmt":"2025-06-28T21:31:45","guid":{"rendered":"https:\/\/www.europesays.com\/fr\/211829\/"},"modified":"2025-06-28T21:31:45","modified_gmt":"2025-06-28T21:31:45","slug":"a-strasbourg-une-nouvelle-fresque-de-200-m2-se-devoile","status":"publish","type":"post","link":"https:\/\/www.europesays.com\/fr\/211829\/","title":{"rendered":"\u00e0 Strasbourg, une nouvelle fresque de 200 m2 se d\u00e9voile"},"content":{"rendered":"<p>    <img loading=\"lazy\" width=\"1800\" height=\"900\" src=\"https:\/\/www.europesays.com\/fr\/wp-content\/uploads\/2025\/04\/jeanne-callthepolice.jpg\" class=\"attachment-full size-full\" alt=\"\" id=\"imageLove\" decoding=\"async\"  \/><\/p>\n<p id=\"breadcrumbs\"><a href=\"https:\/\/pokaa.fr\/\" target=\"_blank\" rel=\"noopener\">Accueil<\/a> \/ <a href=\"https:\/\/pokaa.fr\/categories\/actu\/\" target=\"_blank\" rel=\"noopener\">Info locale<\/a> \/ Visible depuis l\u2019autoroute : \u00e0 Strasbourg, une nouvelle fresque de 200 m2 se d\u00e9voile<\/p>\n<p>                    Info locale<\/p>\n<p class=\"p2\"><b>Cinq ans apr\u00e8s L\u2019arbre \u00e0 coeurs, et deux ans et demi apr\u00e8s Artemis, la fa\u00e7ade de 200 m2 dans le quartier Gare visible depuis l\u2019autoroute accueille une nouvelle oeuvre. Du nom de Passerelle, elle pr\u00e9sente deux oiseaux enlac\u00e9s, qui incarnent les valeurs d\u2019\u00e9galit\u00e9, de libert\u00e9 et de fraternit\u00e9.<\/b><\/p>\n<p class=\"p2\">Une nouvelle oeuvre impressionnante visible via l\u2019autoroute. Depuis 2020 et le dispositif de m\u00e9c\u00e9nat ARTMUR lanc\u00e9 par Vivialys, <strong>la fa\u00e7ade de la rue de Molsheim au quartier Gare est devenue un canevas pour l\u2019imagination des artistes<\/strong>.<\/p>\n<p class=\"p2\">Il y a d\u2019abord eu L\u2019arbre \u00e0 coeurs dans ses tons noirs, blancs et rouges, puis Artemis, petite fille rebelle symbolisant l\u2019adolescence et l\u2019\u00e2ge adulte \u00e0 venir. D\u00e9sormais, la fa\u00e7ade de 200 m2 accueille La Passerelle, de l\u2019ancienne \u00e9l\u00e8ve de la HEAR No\u00e9mie Chust, sur le th\u00e8me de la devise fran\u00e7aise : \u00ab Libert\u00e9, \u00c9galit\u00e9, Fraternit\u00e9 \u00bb.<\/p>\n<p>                <a href=\"https:\/\/pokaa.fr\/2022\/10\/20\/a-strasbourg-une-fresque-urbaine-de-plus-de-200m2-visible-depuis-lautoroute-change-de-visage\/\" target=\"_blank\" rel=\"noopener\"><br \/>\n                    <img width=\"450\" height=\"270\" src=\"https:\/\/www.europesays.com\/fr\/wp-content\/uploads\/2025\/06\/img-6372-450x270.jpg\" class=\"attachment-card-horizontal--same-subject size-card-horizontal--same-subject wp-post-image\" alt=\"\" decoding=\"async\" loading=\"lazy\"\/>                <\/a><\/p>\n<p>    <img width=\"800\" height=\"450\" src=\"https:\/\/www.europesays.com\/fr\/wp-content\/uploads\/2025\/06\/artmur-3-1-yvideo-800x450.jpg\" class=\"attachment-image-size-L size-image-size-L\" alt=\"fresque fa\u00e7ade quartier gare\" decoding=\"async\" loading=\"lazy\"  \/>         \u00a9 Yvideo \/ Document remis <\/p>\n<p>\u00ab Une r\u00e9sistance artistique et politique pour d\u00e9fendre les libert\u00e9s fondamentales \u00bb<\/p>\n<p class=\"p2\">Choisie parmi 31 candidatures, <b>l\u2019\u0153uvre de No\u00e9mie Chust tient son origine dans un travail de l\u2019artiste avec des enfants sur le cadavre exquis, un jeu invent\u00e9 par les surr\u00e9alistes<\/b>. Un proc\u00e9d\u00e9 qui fonctionne en trois temps, comme la devise fran\u00e7aise.<\/p>\n<p class=\"p2\">En haut, <b>on retrouve ainsi les t\u00eates des oiseaux qui se font face, comme symboles de l\u2019\u00e9galit\u00e9 et de la paix<\/b>. Ensuite, au niveau du buste, les mains s\u2019entrem\u00ealent, dans un \u00e9lan de solidarit\u00e9 et de fraternit\u00e9. En bas de l\u2019\u0153uvre, les jambes sont en mouvement comme une \u00e9mancipation et une prise de libert\u00e9. Enfin, on y remarque \u00e9galement une germe de plante, comme \u00ab\u00a0un espoir de changement et de transformation\u00a0\u00bb selon l\u2019artiste.<\/p>\n<p>    <img width=\"800\" height=\"600\" src=\"https:\/\/www.europesays.com\/fr\/wp-content\/uploads\/2025\/06\/img-9716-grande-800x600.jpeg\" class=\"attachment-image-size-L size-image-size-L\" alt=\"fa\u00e7ade fresque quartier gare\" decoding=\"async\" loading=\"lazy\"  \/>         \u00a9 Nicolas Kaspar \/ Pokaa <\/p>\n<p class=\"p2\">Surtout, La Passerelle est une \u0153uvre politique ; le jeu du cadavre exquis a \u00e9t\u00e9 invent\u00e9 il y a 100 ans, dans une p\u00e9riode marqu\u00e9e par la mont\u00e9e des r\u00e9gimes autoritaires. <b>En 2025, on assiste \u00e0 \u00ab\u00a0un b\u00e9gaiement de l\u2019histoire\u00a0\u00bb selon No\u00e9mie Chust<\/b>, qui voit dans son \u0153uvre un c\u00f4t\u00e9 tr\u00e8s actuel : \u00ab\u00a0C\u2019est une r\u00e9sistance artistique et politique pour d\u00e9fendre les libert\u00e9s fondamentales.\u00a0\u00bb<\/p>\n<p class=\"p2\">D\u00e9sormais bien hiss\u00e9e sur la fa\u00e7ade de la rue de Molsheim, <b>La Passerelle veillera de mani\u00e8re bienveillante sur le quartier Laiterie, et plus g\u00e9n\u00e9ralement sur celui de la Gare<\/b>. Comme une sorte de rep\u00e8re de douceur pour les Strasbourgeois(es) et celles et ceux passant sur l\u2019autoroute.<\/p>\n<p>    <img width=\"800\" height=\"600\" src=\"https:\/\/www.europesays.com\/fr\/wp-content\/uploads\/2025\/06\/img-9709-grande-800x600.jpeg\" class=\"attachment-image-size-L size-image-size-L\" alt=\"fa\u00e7ade fresque quartier gare\" decoding=\"async\" loading=\"lazy\"  \/>         \u00a9 Nicolas Kaspar \/ Pokaa <\/p>\n","protected":false},"excerpt":{"rendered":"Accueil \/ Info locale \/ Visible depuis l\u2019autoroute : \u00e0 Strasbourg, une nouvelle fresque de 200 m2 se&hellip;\n","protected":false},"author":2,"featured_media":211830,"comment_status":"","ping_status":"","sticky":false,"template":"","format":"standard","meta":{"footnotes":""},"categories":[2820],"tags":[1111,11,3734,1777,674,1011,27,775,12,9737,35159,25,640],"class_list":{"0":"post-211829","1":"post","2":"type-post","3":"status-publish","4":"format-standard","5":"has-post-thumbnail","7":"category-strasbourg","8":"tag-actu","9":"tag-actualites","10":"tag-art","11":"tag-eu","12":"tag-europe","13":"tag-fr","14":"tag-france","15":"tag-grand-est","16":"tag-news","17":"tag-quartier-gare","18":"tag-quartier-laiterie","19":"tag-republique-francaise","20":"tag-strasbourg"},"share_on_mastodon":{"url":"","error":""},"_links":{"self":[{"href":"https:\/\/www.europesays.com\/fr\/wp-json\/wp\/v2\/posts\/211829","targetHints":{"allow":["GET"]}}],"collection":[{"href":"https:\/\/www.europesays.com\/fr\/wp-json\/wp\/v2\/posts"}],"about":[{"href":"https:\/\/www.europesays.com\/fr\/wp-json\/wp\/v2\/types\/post"}],"author":[{"embeddable":true,"href":"https:\/\/www.europesays.com\/fr\/wp-json\/wp\/v2\/users\/2"}],"replies":[{"embeddable":true,"href":"https:\/\/www.europesays.com\/fr\/wp-json\/wp\/v2\/comments?post=211829"}],"version-history":[{"count":0,"href":"https:\/\/www.europesays.com\/fr\/wp-json\/wp\/v2\/posts\/211829\/revisions"}],"wp:featuredmedia":[{"embeddable":true,"href":"https:\/\/www.europesays.com\/fr\/wp-json\/wp\/v2\/media\/211830"}],"wp:attachment":[{"href":"https:\/\/www.europesays.com\/fr\/wp-json\/wp\/v2\/media?parent=211829"}],"wp:term":[{"taxonomy":"category","embeddable":true,"href":"https:\/\/www.europesays.com\/fr\/wp-json\/wp\/v2\/categories?post=211829"},{"taxonomy":"post_tag","embeddable":true,"href":"https:\/\/www.europesays.com\/fr\/wp-json\/wp\/v2\/tags?post=211829"}],"curies":[{"name":"wp","href":"https:\/\/api.w.org\/{rel}","templated":true}]}}