{"id":211851,"date":"2025-06-28T21:43:15","date_gmt":"2025-06-28T21:43:15","guid":{"rendered":"https:\/\/www.europesays.com\/fr\/211851\/"},"modified":"2025-06-28T21:43:15","modified_gmt":"2025-06-28T21:43:15","slug":"marseille-la-gare-saint-charles-evacuee-durgence-ce-quil-se-passe","status":"publish","type":"post","link":"https:\/\/www.europesays.com\/fr\/211851\/","title":{"rendered":"Marseille. La gare Saint-Charles \u00e9vacu\u00e9e d&rsquo;urgence, ce qu&rsquo;il se passe"},"content":{"rendered":"<p>            Par<br \/>\n        <strong><br \/>\n            <a href=\"https:\/\/actu.fr\/auteur\/thibault-nadal-actu-fr\" title=\"Consulter tous les articles de Thibault Nadal\" target=\"_blank\" rel=\"noopener\">Thibault Nadal<\/a><br \/>\n        <\/strong><\/p>\n<p>        Publi\u00e9 le<\/p>\n<p>            27 juin 2025 \u00e0 9h11<br \/>\n        ; mis \u00e0 jour le 27 juin 2025 \u00e0 11h04    <\/p>\n<p>MAJ \u00e0 11h\u2009: le service de TER Zou annonce une \u00ab\u2009r\u00e9ouverture de la gare de Marseille Saint Charles\u2009\u00bb. \u00ab\u2009La circulation va reprendre progressivement\u2009\u00bb indique-t-il, pr\u00e9cisant que \u00ab\u2009des retards et suppressions sont toujours \u00e0 pr\u00e9voir\u2009\u00bb.<\/p>\n<p class=\" wall-content\">Matin\u00e9e gal\u00e8re \u00e0 pr\u00e9voir. Ce vendredi 27\u00a0juin 2025, <a href=\"https:\/\/actu.fr\/tag\/gare-saint-charles\" target=\"_blank\" rel=\"noopener\">la gare Saint-Charles<\/a> \u00e0 <a href=\"https:\/\/actu.fr\/marseille\/\" target=\"_blank\" rel=\"noopener\">Marseille<\/a> (1er) a \u00e9t\u00e9 \u00e9vacu\u00e9e peu apr\u00e8s 8h, peut-on lire sur <a href=\"https:\/\/www.garesetconnexions.sncf\/fr\/gares-services\/marseille-saint-charles\" target=\"_blank\" rel=\"noopener\">le site de la gare<\/a>.<\/p>\n<p class=\" wall-content\">\u00ab\u2009\u00c9vacuation de la gare Marseille Saint Charles. Aucune arriv\u00e9e et d\u00e9part depuis cette gare. <strong>Des retards et des suppressions sont \u00e0 pr\u00e9voir<\/strong>\u2009\u00bb, indique le compte X.<\/p>\n<p class=\" wall-content\">\n<p>Un bagage oubli\u00e9<\/p>\n<p class=\" wall-content\">En pleine <a href=\"https:\/\/actu.fr\/provence-alpes-cote-d-azur\/marseille_13055\/canicule-a-marseille-et-dans-les-bouches-du-rhone-jusqu-a-41-c-voici-ou-il-va-faire-le-plus-chaud_62828134.html\" target=\"_blank\" rel=\"noopener\">canicule<\/a> et heure de pointe, c\u2019est un \u00e9pisode que les usagers auraient pr\u00e9f\u00e9r\u00e9 \u00e9viter.<\/p>\n<p class=\" wall-content\">Ce vendredi matin, vers 8h30, la gare Saint-Charles a \u00e9t\u00e9 \u00e9vacu\u00e9e d\u2019urgence <strong>en raison \u00ab\u2009d\u2019un bagage oubli\u00e9<\/strong>\u2009\u00bb, r\u00e9v\u00e8le le compte Frecciarossa, qui g\u00e8re les trains op\u00e9r\u00e9s par <a href=\"https:\/\/actu.fr\/tag\/trenitalia\" target=\"_blank\" rel=\"noopener\">Trenitalia<\/a>.<\/p>\n<p class=\" wall-content\">\n<p>Des trains retard\u00e9s voire supprim\u00e9s<\/p>\n<p class=\" wall-content\">Par cons\u00e9quent, le trafic a \u00e9t\u00e9 totalement interrompu. Pour le moment, <strong>aucune heure de reprise n\u2019a \u00e9t\u00e9 annonc\u00e9e<\/strong>.<\/p>\n<p>Vid\u00e9os : en ce moment sur Actu<\/p>\n<blockquote class=\"ac-article-quote wall-content\">\n<p>Aucune arriv\u00e9e et d\u00e9part depuis cette gare. Des retards et des suppressions sont \u00e0 pr\u00e9voir.<\/p>\n<p>    <strong>SNCF<\/strong>\n            <\/p><\/blockquote>\n<p class=\" wall-content\">Mais la SNCF a fait le choix de <strong>supprimer certains trains<\/strong> \u00e0 destination de villes des Bouches-du-Rh\u00f4ne, comme Miramas ou Aix-en-Provence.<\/p>\n<p class=\" wall-content\">Les trains nationaux, eux, sont immobilis\u00e9s et <strong>affichent des retards importants<\/strong>\u2009: pr\u00e8s de deux heures pour Paris et 30\u00a0minutes (pour l\u2019instant) vers Bordeaux.<\/p>\n<p class=\" wall-content\">Suivez toute l\u2019actualit\u00e9 de vos villes et m\u00e9dias favoris en vous inscrivant \u00e0 <a href=\"https:\/\/moncompte.actu.fr\" title=\"D\u00e9couvez Mon Actu\" rel=\"nofollow noopener\" data-trk=\"{&quot;cta&quot;:{&quot;action&quot;:&quot;https:\\\/\\\/moncompte.actu.fr&quot;,&quot;category&quot;:&quot;mon compte&quot;,&quot;from&quot;:&quot;article footer&quot;,&quot;name&quot;:&quot;Mon actu&quot;,&quot;type&quot;:&quot;cta&quot;}}\" target=\"_blank\">Mon Actu<\/a>.<\/p>\n","protected":false},"excerpt":{"rendered":"Par Thibault Nadal Publi\u00e9 le 27 juin 2025 \u00e0 9h11 ; mis \u00e0 jour le 27 juin 2025&hellip;\n","protected":false},"author":2,"featured_media":16595,"comment_status":"","ping_status":"","sticky":false,"template":"","format":"standard","meta":{"footnotes":""},"categories":[2814],"tags":[1111,11,1777,674,1011,27,6305,884,12,882,25,104],"class_list":{"0":"post-211851","1":"post","2":"type-post","3":"status-publish","4":"format-standard","5":"has-post-thumbnail","7":"category-marseille","8":"tag-actu","9":"tag-actualites","10":"tag-eu","11":"tag-europe","12":"tag-fr","13":"tag-france","14":"tag-gare-saint-charles","15":"tag-marseille","16":"tag-news","17":"tag-provence-alpes-cote-dazur","18":"tag-republique-francaise","19":"tag-societe"},"share_on_mastodon":{"url":"","error":""},"_links":{"self":[{"href":"https:\/\/www.europesays.com\/fr\/wp-json\/wp\/v2\/posts\/211851","targetHints":{"allow":["GET"]}}],"collection":[{"href":"https:\/\/www.europesays.com\/fr\/wp-json\/wp\/v2\/posts"}],"about":[{"href":"https:\/\/www.europesays.com\/fr\/wp-json\/wp\/v2\/types\/post"}],"author":[{"embeddable":true,"href":"https:\/\/www.europesays.com\/fr\/wp-json\/wp\/v2\/users\/2"}],"replies":[{"embeddable":true,"href":"https:\/\/www.europesays.com\/fr\/wp-json\/wp\/v2\/comments?post=211851"}],"version-history":[{"count":0,"href":"https:\/\/www.europesays.com\/fr\/wp-json\/wp\/v2\/posts\/211851\/revisions"}],"wp:featuredmedia":[{"embeddable":true,"href":"https:\/\/www.europesays.com\/fr\/wp-json\/wp\/v2\/media\/16595"}],"wp:attachment":[{"href":"https:\/\/www.europesays.com\/fr\/wp-json\/wp\/v2\/media?parent=211851"}],"wp:term":[{"taxonomy":"category","embeddable":true,"href":"https:\/\/www.europesays.com\/fr\/wp-json\/wp\/v2\/categories?post=211851"},{"taxonomy":"post_tag","embeddable":true,"href":"https:\/\/www.europesays.com\/fr\/wp-json\/wp\/v2\/tags?post=211851"}],"curies":[{"name":"wp","href":"https:\/\/api.w.org\/{rel}","templated":true}]}}