{"id":211854,"date":"2025-06-28T21:45:16","date_gmt":"2025-06-28T21:45:16","guid":{"rendered":"https:\/\/www.europesays.com\/fr\/211854\/"},"modified":"2025-06-28T21:45:16","modified_gmt":"2025-06-28T21:45:16","slug":"une-etrange-campagne-thomas-dossus-sinterroge-sur-les-methodes-de-jean-michel-aulas","status":"publish","type":"post","link":"https:\/\/www.europesays.com\/fr\/211854\/","title":{"rendered":"\u00ab\u00a0une \u00e9trange campagne\u00a0\u00bb, Thomas Dossus s&rsquo;interroge sur les m\u00e9thodes de Jean-Michel Aulas"},"content":{"rendered":"<p>Ce samedi apr\u00e8s-midi, le s\u00e9nateur \u00e9cologiste du Rh\u00f4ne Thomas Dossus a publi\u00e9 sur X un \u00ab\u00a0petit fil de r\u00e9action sur une \u00e9trange campagne\u00a0\u00bb, pointant du doigt le financement de sondages politiques par la holding personnelle de l\u2019ancien pr\u00e9sident de l\u2019OL.<\/p>\n<p>Dans sa publication, le vice-pr\u00e9sident de la commission des finances d\u00e9clare que \u00ab\u00a0la vente de l\u2019OL devait servir officiellement \u00e0 Holnest pour investir dans la tech\u00a0\u00bb. Or, selon lui,\u00a0\u00ab\u00a0une partie de ces fonds priv\u00e9s sert d\u00e9sormais \u00e0 financer des sondages pour une campagne \u00e9lectorale via Holnest\u00a0\u00bb.<\/p>\n<p>Sans jamais nommer Jean-Michel Aulas, Thomas Dossus soul\u00e8ve des questions sur la r\u00e9gularit\u00e9 de ce mode de financement :\u00a0\u00ab\u00a0Contrairement aux USA, il y a des r\u00e8gles en France de financement des campagnes \u00e9lectorales, ou encore de s\u00e9paration des biens d\u2019une entreprise avec ceux de ses dirigeants.\u00a0\u00bb<\/p>\n<p><strong>\u00ab\u00a0Nos r\u00e8gles doivent nous prot\u00e9ger\u00a0\u00bb<\/strong><\/p>\n<p>Le s\u00e9nateur poursuit en invoquant le d\u00e9bat sur la taxe sur les grandes fortunes, \u00e9voqu\u00e9 en d\u00e9but de mois au S\u00e9nat, et les travaux de la chercheuse Julia Cag\u00e9 sur les liens entre argent priv\u00e9 et d\u00e9mocratie.\u00a0<\/p>\n<p>Sans d\u00e9tour, Thomas Dossus estime que de telles pratiques doivent \u00eatre emp\u00each\u00e9es :\u00a0\u00ab\u00a0Un multimillionnaire peut-il s\u2019acheter une campagne \u00e9lectorale ? Je suis persuad\u00e9 que nos r\u00e8gles doivent nous prot\u00e9ger d\u2019un syst\u00e8me \u00e0 l\u2019am\u00e9ricaine.\u00a0\u00bb<\/p>\n<p>Cette prise de parole s\u2019inscrit dans un contexte de tension croissante autour de l\u2019\u00e9ventuelle candidature de Jean-Michel Aulas aux municipales de 2026. Si l\u2019ancien dirigeant de l\u2019OL ne s\u2019est pas encore officiellement d\u00e9clar\u00e9, il a en effet r\u00e9cemment command\u00e9 deux sondages via\u00a0la holding familiale des Aulas, dont le dernier, paru\u00a0ce vendredi, <a href=\"https:\/\/www.lyonmag.com\/article\/145008\/municipales-a-lyon-jean-michel-aulas-encore-en-tete-d-un-sondage-qu-il-a-commande\" target=\"_blank\" rel=\"noopener\">le donne vainqueur<\/a>.\u00a0<\/p>\n<p>Est-ce le r\u00e9sultat de ce sondage favorable \u00e0 Jean-Michel Aulas qui pousse aujourd\u2019hui le s\u00e9nateur \u00e0 hausser le ton ?<\/p>\n<blockquote class=\"twitter-tweet\"><p>&#13;<\/p>\n<p dir=\"ltr\" lang=\"fr\">\ud83e\uddf6 Petit fil de r\u00e9action sur une \u00e9trange campagne&#8230;<\/p>\n<p>La vente de l&rsquo;OL devait servir officiellement \u00e0 Holnest pour investir dans la tech. <\/p>\n<p>Une partie de ces fonds priv\u00e9s sert d\u00e9sormais \u00e0 financer des sondages pour une campagne \u00e9lectorale via Holnest <a href=\"https:\/\/t.co\/fWP2eWmOHG\">pic.twitter.com\/fWP2eWmOHG<\/a><\/p>\n<p>&#13;<br \/>\n\u2014 Thomas Dossus \ud83c\uddea\ud83c\uddfa (@tomdoss) <a href=\"https:\/\/twitter.com\/tomdoss\/status\/1938917881791549731?ref_src=twsrc%5Etfw\" target=\"_blank\" rel=\"noopener\">June 28, 2025<\/a><\/p><\/blockquote>\n<p>  \t\t\t\t\t<script async src=\"https:\/\/platform.twitter.com\/widgets.js\" charset=\"utf-8\"><\/script><\/p>\n","protected":false},"excerpt":{"rendered":"Ce samedi apr\u00e8s-midi, le s\u00e9nateur \u00e9cologiste du Rh\u00f4ne Thomas Dossus a publi\u00e9 sur X un \u00ab\u00a0petit fil de&hellip;\n","protected":false},"author":2,"featured_media":211855,"comment_status":"","ping_status":"","sticky":false,"template":"","format":"standard","meta":{"footnotes":""},"categories":[1889],"tags":[1111,11,2813,2190,2430,1109,251,1112,2811,1777,674,118,1011,27,1922,1110,1114,2428,2810,12,241,316,25,2812,517,800],"class_list":{"0":"post-211854","1":"post","2":"type-post","3":"status-publish","4":"format-standard","5":"has-post-thumbnail","7":"category-lyon","8":"tag-actu","9":"tag-actualites","10":"tag-article","11":"tag-asvel","12":"tag-auvergne-rhone-alpes","13":"tag-breves","14":"tag-culture","15":"tag-depeches","16":"tag-economique","17":"tag-eu","18":"tag-europe","19":"tag-faits-divers","20":"tag-fr","21":"tag-france","22":"tag-info","23":"tag-informations","24":"tag-infos","25":"tag-lyon","26":"tag-lyonmag","27":"tag-news","28":"tag-ol","29":"tag-politique","30":"tag-republique-francaise","31":"tag-sociale","32":"tag-sport","33":"tag-transports"},"share_on_mastodon":{"url":"","error":""},"_links":{"self":[{"href":"https:\/\/www.europesays.com\/fr\/wp-json\/wp\/v2\/posts\/211854","targetHints":{"allow":["GET"]}}],"collection":[{"href":"https:\/\/www.europesays.com\/fr\/wp-json\/wp\/v2\/posts"}],"about":[{"href":"https:\/\/www.europesays.com\/fr\/wp-json\/wp\/v2\/types\/post"}],"author":[{"embeddable":true,"href":"https:\/\/www.europesays.com\/fr\/wp-json\/wp\/v2\/users\/2"}],"replies":[{"embeddable":true,"href":"https:\/\/www.europesays.com\/fr\/wp-json\/wp\/v2\/comments?post=211854"}],"version-history":[{"count":0,"href":"https:\/\/www.europesays.com\/fr\/wp-json\/wp\/v2\/posts\/211854\/revisions"}],"wp:featuredmedia":[{"embeddable":true,"href":"https:\/\/www.europesays.com\/fr\/wp-json\/wp\/v2\/media\/211855"}],"wp:attachment":[{"href":"https:\/\/www.europesays.com\/fr\/wp-json\/wp\/v2\/media?parent=211854"}],"wp:term":[{"taxonomy":"category","embeddable":true,"href":"https:\/\/www.europesays.com\/fr\/wp-json\/wp\/v2\/categories?post=211854"},{"taxonomy":"post_tag","embeddable":true,"href":"https:\/\/www.europesays.com\/fr\/wp-json\/wp\/v2\/tags?post=211854"}],"curies":[{"name":"wp","href":"https:\/\/api.w.org\/{rel}","templated":true}]}}