{"id":211856,"date":"2025-06-28T21:46:15","date_gmt":"2025-06-28T21:46:15","guid":{"rendered":"https:\/\/www.europesays.com\/fr\/211856\/"},"modified":"2025-06-28T21:46:15","modified_gmt":"2025-06-28T21:46:15","slug":"un-accident-fait-un-blesse-leger-a-corbas","status":"publish","type":"post","link":"https:\/\/www.europesays.com\/fr\/211856\/","title":{"rendered":"un accident fait un bless\u00e9 l\u00e9ger \u00e0 Corbas"},"content":{"rendered":"<p>Un accident de la circulation s\u2019est produit peu apr\u00e8s 18 heures, ce samedi, sur l\u2019autoroute A46, dans le sens de circulation nord-sud, au niveau de Corbas et de la bretelle de sortie 14.<\/p>\n<p>  Un seul v\u00e9hicule<\/p>\n<p>Impliquant un v\u00e9hicule, seul en cause, il a fait un bless\u00e9 l\u00e9ger, qui a \u00e9t\u00e9 pris en charge par les sapeurs-pompiers du Rh\u00f4ne et transport\u00e9 \u00e0 l\u2019h\u00f4pital. L\u2019accident sur lequel est intervenue la CRS 45 n\u2019a pas entra\u00een\u00e9 de coupure de l\u2019axe.<\/p>\n","protected":false},"excerpt":{"rendered":"Un accident de la circulation s\u2019est produit peu apr\u00e8s 18 heures, ce samedi, sur l\u2019autoroute A46, dans le&hellip;\n","protected":false},"author":2,"featured_media":211857,"comment_status":"","ping_status":"","sticky":false,"template":"","format":"standard","meta":{"footnotes":""},"categories":[1889],"tags":[1111,11,2430,3542,24503,3152,1777,674,1011,27,2428,12,18283,25,2429,2803],"class_list":{"0":"post-211856","1":"post","2":"type-post","3":"status-publish","4":"format-standard","5":"has-post-thumbnail","7":"category-lyon","8":"tag-actu","9":"tag-actualites","10":"tag-auvergne-rhone-alpes","11":"tag-circulation","12":"tag-corbas","13":"tag-edition-est-lyonnais","14":"tag-eu","15":"tag-europe","16":"tag-fr","17":"tag-france","18":"tag-lyon","19":"tag-news","20":"tag-plaine-de-lest","21":"tag-republique-francaise","22":"tag-rhone","23":"tag-transport"},"share_on_mastodon":{"url":"","error":""},"_links":{"self":[{"href":"https:\/\/www.europesays.com\/fr\/wp-json\/wp\/v2\/posts\/211856","targetHints":{"allow":["GET"]}}],"collection":[{"href":"https:\/\/www.europesays.com\/fr\/wp-json\/wp\/v2\/posts"}],"about":[{"href":"https:\/\/www.europesays.com\/fr\/wp-json\/wp\/v2\/types\/post"}],"author":[{"embeddable":true,"href":"https:\/\/www.europesays.com\/fr\/wp-json\/wp\/v2\/users\/2"}],"replies":[{"embeddable":true,"href":"https:\/\/www.europesays.com\/fr\/wp-json\/wp\/v2\/comments?post=211856"}],"version-history":[{"count":0,"href":"https:\/\/www.europesays.com\/fr\/wp-json\/wp\/v2\/posts\/211856\/revisions"}],"wp:featuredmedia":[{"embeddable":true,"href":"https:\/\/www.europesays.com\/fr\/wp-json\/wp\/v2\/media\/211857"}],"wp:attachment":[{"href":"https:\/\/www.europesays.com\/fr\/wp-json\/wp\/v2\/media?parent=211856"}],"wp:term":[{"taxonomy":"category","embeddable":true,"href":"https:\/\/www.europesays.com\/fr\/wp-json\/wp\/v2\/categories?post=211856"},{"taxonomy":"post_tag","embeddable":true,"href":"https:\/\/www.europesays.com\/fr\/wp-json\/wp\/v2\/tags?post=211856"}],"curies":[{"name":"wp","href":"https:\/\/api.w.org\/{rel}","templated":true}]}}