{"id":211858,"date":"2025-06-28T21:49:12","date_gmt":"2025-06-28T21:49:12","guid":{"rendered":"https:\/\/www.europesays.com\/fr\/211858\/"},"modified":"2025-06-28T21:49:12","modified_gmt":"2025-06-28T21:49:12","slug":"a-paris-une-marche-des-fiertes-remontee-contre-linternationale-reactionnaire-actualites","status":"publish","type":"post","link":"https:\/\/www.europesays.com\/fr\/211858\/","title":{"rendered":"A Paris, une marche des fiert\u00e9s remont\u00e9e \u00ab\u00a0contre l&rsquo;internationale r\u00e9actionnaire\u00a0\u00bb : Actualit\u00e9s"},"content":{"rendered":"<p class=\"lead \">En \u00e9cho \u00e0 des inqui\u00e9tudes grandissantes pour les droits des personnes LGBT+ \u00e0 Washington ou Budapest, les milliers de participants de la Marche des fiert\u00e9s parisienne ont fait entendre leur voix samedi contre \u00ab\u00a0l&rsquo;internationale r\u00e9actionnaire\u00a0\u00bb.<\/p>\n<p class=\"lead \">Si les chars bariol\u00e9s, les maquillages inventifs et les tenues color\u00e9es rappellent le caract\u00e8re convivial de ce d\u00e9fil\u00e9 annuel, parti du Louvre vers Nation par une temp\u00e9rature caniculaire, les organisateurs avaient moins le c\u0153ur \u00e0 la f\u00eate lors de leur prise de parole initiale.<\/p>\n<p class=\"lead \">\u00ab\u00a0Nous sommes dans un contexte mena\u00e7ant, politiquement terrible. Pour la premi\u00e8re fois depuis des ann\u00e9es nos droits sont r\u00e9ellement en danger\u00a0\u00bb, a affirm\u00e9 au micro la pr\u00e9sidente de SOS Homophobie, Julia Torlet, micro \u00e0 la main.<\/p>\n<p class=\"lead \">\u00ab\u00a0Il est n\u00e9cessaire de nous rassembler, tous, lesbiennes, queers, intersexe, trans, gay&#8230;\u00a0\u00bb, a-t-elle ajout\u00e9. <\/p>\n<p class=\"lead \">\u00ab\u00a0Le danger est l\u00e0. Une internationale r\u00e9actionnaire arrive sous nos yeux, aux \u00c9tats-Unis, en Hongrie, en Italie, en Russie\u00a0\u00bb, a lanc\u00e9 un repr\u00e9sentant de l&rsquo;association Aides, avant que ne d\u00e9marre le cort\u00e8ge color\u00e9 de drapeaux arc-en-ciel, de ballons dor\u00e9s et de pancartes revendicatives comme: \u00ab\u00a0Mon clito d\u00e9teste les fachos\u00a0\u00bb.<\/p>\n<p class=\"lead \">L&rsquo;Inter-LGT, collectif organisateur qui comprend une cinquantaine d&rsquo;associations membres, a revendiqu\u00e9 en soir\u00e9e un demi-million de participants, parmi lesquels de nombreux jeunes.<\/p>\n<p class=\"lead \">\u00ab\u00a0C&rsquo;est une r\u00e9ussite totale\u00a0\u00bb, a d\u00e9clar\u00e9 \u00e0 l&rsquo;AFP Clara Priv\u00e9, sa vice-pr\u00e9sidente, attribuant ce succ\u00e8s \u00e0 la \u00ab\u00a0m\u00e9diatisation\u00a0\u00bb de la marche et au fait que \u00ab\u00a0la jeunesse est touch\u00e9e par ce sujet et se revendique LGBTQIA+\u00a0\u00bb.<\/p>\n<p class=\"lead \">&#8211; Collectif identitaire \u00e0 l&rsquo;\u00e9cart &#8211;<\/p>\n<p class=\"lead \">Au-del\u00e0 des th\u00e9matiques de cette ann\u00e9e (migrants, personnes transgenres, sant\u00e9), la marche parisienne a \u00e9t\u00e9 rattrap\u00e9e par des tensions li\u00e9es au contexte international &#8211; d\u00e9clarations de Donald Trump aux \u00c9tats-Unis, interdiction de la \u00ab\u00a0Pride\u00a0\u00bb \u00e0 Budapest. <\/p>\n<p class=\"lead \">Tensions li\u00e9es aussi \u00e0 une affiche jug\u00e9e \u00ab\u00a0clivante\u00a0\u00bb par certains ou la venue non souhait\u00e9e par les organisateurs d&rsquo;un collectif identitaire, Eros, se pr\u00e9sentant comme un organe de lutte \u00ab\u00a0contre les d\u00e9rives id\u00e9ologiques woke et LGBT\u00a0\u00bb.<\/p>\n<p class=\"lead \">\u00ab\u00a0Le contexte est difficile, car il y a une remont\u00e9e de la transphobie au niveau international. On tente d\u2019interdire, la marche \u00e0 Budapest, un collectif d&rsquo;extr\u00eame droite tente de manifester avec nous \u00e0 Paris\u00a0\u00bb, d\u00e9plore ainsi aupr\u00e8s de l&rsquo;AFP \u00ab\u00a0Vivi\u00a0\u00bb Strobel, porte-parole de l&rsquo;association Bi&rsquo;Cause.<\/p>\n<p class=\"lead \">Une quinzaine de membres de ce collectif Eros se sont rassembl\u00e9s \u00e0 l&rsquo;\u00e9cart du cort\u00e8ge, a constat\u00e9 une journaliste de l&rsquo;AFPTV. Plusieurs dizaines de forces de l&rsquo;ordre \u00e9taient positionn\u00e9es pour emp\u00eacher tout contact direct avec la marche, au-del\u00e0 d&rsquo;invectives.<\/p>\n<p class=\"lead \">\u00ab\u00a0Notre pr\u00e9sence n&rsquo;est pas la bienvenue, mais c&rsquo;est une marche de la fiert\u00e9. Nous, on est fiers d&rsquo;\u00eatre homosexuels et fiers d&rsquo;\u00eatre Fran\u00e7ais\u00a0\u00bb, a indiqu\u00e9 \u00e0 la presse le responsable de ce groupe, Yohan Pawer, ex-candidat du parti d&rsquo;Eric Zemmour. <\/p>\n<p class=\"lead \">\u00ab\u00a0Nous sommes tr\u00e8s heureux qu&rsquo;ils aient \u00e9t\u00e9 emp\u00each\u00e9s d&rsquo;approcher de nos cort\u00e8ges\u00a0\u00bb, a comment\u00e9 Clara Priv\u00e9.<\/p>\n<p class=\"lead \">&#8211; \u00ab\u00a0\u00c7a fait peur\u00a0\u00bb &#8211; <\/p>\n<p class=\"lead \">En Hongrie, une foule immense a d\u00e9fil\u00e9 samedi \u00e0 Budapest, malgr\u00e9 l&rsquo;interdiction par la police de la marche des fiert\u00e9s, comme en d\u00e9fi au Premier ministre Victor Orban. Si aucun chiffre officiel n&rsquo;est disponible, les organisateurs ont estim\u00e9 \u00e0 pr\u00e8s de 200.000 le nombre de participants, les places et avenues le long du parcours \u00e9tant noires de monde.<\/p>\n<p class=\"lead \">Aux \u00c9tats-Unis, c&rsquo;est l&rsquo;offensive de Donald Trump contre les programmes de promotion de la diversit\u00e9 qui inqui\u00e8te notamment Romaric, 40 ans, aux c\u00f4t\u00e9s de son compagnon Florent, 38 ans: \u00ab\u00a0C&rsquo;est un acte militant de venir quand on voit ce qui se passe dans le monde, aux USA. Perdre les droits pour lesquels on s&rsquo;est battu pendant des ann\u00e9es, \u00e7a fait peur\u00a0\u00bb, dit-il. <\/p>\n<p class=\"lead \">Piyie, 18 ans, venue manifester avec un groupe d&rsquo;amies juge pour sa part \u00ab\u00a0important de montrer qu&rsquo;il peut y avoir une manifestation politique pour des causes importantes dans une ambiance de f\u00eate\u00a0\u00bb. <\/p>\n<p class=\"lead \">Les marches des fiert\u00e9s sont organis\u00e9es localement par des associations partout en France, souvent en juin, en lien avec les \u00e9meutes de Stonewall, mobilisation fondatrice du mouvement LGBT+, qui ont \u00e9clat\u00e9 dans la nuit du 27 au 28 juin 1969, \u00e0 New York.<\/p>\n<p class=\"small font-weight-bold text-gray3 \"> publi\u00e9 le 28 juin \u00e0 21h55, AFP<\/p>\n<p>                             Partager<\/p>\n","protected":false},"excerpt":{"rendered":"En \u00e9cho \u00e0 des inqui\u00e9tudes grandissantes pour les droits des personnes LGBT+ \u00e0 Washington ou Budapest, les milliers&hellip;\n","protected":false},"author":2,"featured_media":211859,"comment_status":"","ping_status":"","sticky":false,"template":"","format":"standard","meta":{"footnotes":""},"categories":[1888],"tags":[1111,1928,11,1927,4077,11412,2483,1777,674,1011,27,9087,2088,12,1926,626,1925,316,25,13791],"class_list":{"0":"post-211858","1":"post","2":"type-post","3":"status-publish","4":"format-standard","5":"has-post-thumbnail","7":"category-paris","8":"tag-actu","9":"tag-actu-paris","10":"tag-actualites","11":"tag-actualites-paris","12":"tag-association","13":"tag-discrimination","14":"tag-droits","15":"tag-eu","16":"tag-europe","17":"tag-fr","18":"tag-france","19":"tag-lgbt","20":"tag-manifestation","21":"tag-news","22":"tag-news-paris","23":"tag-paris","24":"tag-paris-news","25":"tag-politique","26":"tag-republique-francaise","27":"tag-socit"},"share_on_mastodon":{"url":"","error":""},"_links":{"self":[{"href":"https:\/\/www.europesays.com\/fr\/wp-json\/wp\/v2\/posts\/211858","targetHints":{"allow":["GET"]}}],"collection":[{"href":"https:\/\/www.europesays.com\/fr\/wp-json\/wp\/v2\/posts"}],"about":[{"href":"https:\/\/www.europesays.com\/fr\/wp-json\/wp\/v2\/types\/post"}],"author":[{"embeddable":true,"href":"https:\/\/www.europesays.com\/fr\/wp-json\/wp\/v2\/users\/2"}],"replies":[{"embeddable":true,"href":"https:\/\/www.europesays.com\/fr\/wp-json\/wp\/v2\/comments?post=211858"}],"version-history":[{"count":0,"href":"https:\/\/www.europesays.com\/fr\/wp-json\/wp\/v2\/posts\/211858\/revisions"}],"wp:featuredmedia":[{"embeddable":true,"href":"https:\/\/www.europesays.com\/fr\/wp-json\/wp\/v2\/media\/211859"}],"wp:attachment":[{"href":"https:\/\/www.europesays.com\/fr\/wp-json\/wp\/v2\/media?parent=211858"}],"wp:term":[{"taxonomy":"category","embeddable":true,"href":"https:\/\/www.europesays.com\/fr\/wp-json\/wp\/v2\/categories?post=211858"},{"taxonomy":"post_tag","embeddable":true,"href":"https:\/\/www.europesays.com\/fr\/wp-json\/wp\/v2\/tags?post=211858"}],"curies":[{"name":"wp","href":"https:\/\/api.w.org\/{rel}","templated":true}]}}