{"id":211860,"date":"2025-06-28T21:50:10","date_gmt":"2025-06-28T21:50:10","guid":{"rendered":"https:\/\/www.europesays.com\/fr\/211860\/"},"modified":"2025-06-28T21:50:10","modified_gmt":"2025-06-28T21:50:10","slug":"a-paris-bruno-retailleau-appelle-le-conseil-national-des-republicains-a-refonder-la-droite-pour-relever-la-france","status":"publish","type":"post","link":"https:\/\/www.europesays.com\/fr\/211860\/","title":{"rendered":"\u00c0 Paris, Bruno Retailleau appelle le conseil national des R\u00e9publicains \u00e0 \u00abrefonder la droite pour relever la France\u00bb"},"content":{"rendered":"<p><strong>REPORTAGE<\/strong> &#8211; Lors d\u2019une r\u00e9union publique rassemblant pr\u00e8s de 800 militants, ce samedi \u00e0 la Maison de la Mutualit\u00e9, le pr\u00e9sident LR a d\u00e9voil\u00e9 ses chantiers prioritaires pour relancer son mouvement et aborder les prochaines \u00e9ch\u00e9ances \u00e9lectorales.<\/p>\n<p class=\"fig-paragraph\">\u00abC\u2019est excellent\u00a0! Je suis tr\u00e8s content parce que cela va exactement dans le sens o\u00f9 nous voulons que \u00e7a aille\u00a0: l\u2019unit\u00e9, ne pas avoir peur d\u2019\u00eatre de droite\u2026 On ne peut pas tout mettre dans un conseil national mais l\u2019essentiel y \u00e9tait\u00bb. L\u2019enthousiasme exprim\u00e9 par Jean-Luc \u00e0 la sortie du congr\u00e8s national des R\u00e9publicains, ce samedi 27 juin \u00e0 Paris, est un bon signal pour Bruno Retailleau. Visiblement, le sympathisant de 59 ans a le sentiment que Les R\u00e9publicains viennent d\u2019acter un nouveau d\u00e9part. L\u2019histoire de la droite nous rappelle que l\u2019impression n\u2019est pas nouvelle et que les d\u00e9sillusions furent nombreuses depuis douze ans, mais si Jean-Luc veut y croire, comme d\u2019autres venus \u00e9couter la famille LR durant plus de deux heures, \u00e0 la Maison de la Mutualit\u00e9 dans le 5e arrondissement, c\u2019est au moins pour trois raisons\u00a0: l\u2019impression d\u2019une confiance retrouv\u00e9e, une dynamique militante confirm\u00e9e par le chef des LR &#8211; il a annonc\u00e9 20.000 nouveaux adh\u00e9rents depuis son \u00e9lection \u00e0\u2026<\/p>\n<p class=\"fig-premium-paywall__infos\">\n        Cet article est r\u00e9serv\u00e9 aux abonn\u00e9s.        Il vous reste 90% \u00e0 d\u00e9couvrir.\n    <\/p>\n<p>                <img  data- alt=\"Le Figaro\" class=\"fig-img--complete fig-img\"\/><\/p>\n<p class=\"fig-premium-paywall__title\">Vente Flash : derniers jours<\/p>\n<p class=\"fig-premium-paywall__subtitle\">3,99\u20ac par mois pendant 12 mois. Sans engagement.<\/p>\n<p class=\"fig-premium-paywall__connect\">\n                D\u00e9j\u00e0 abonn\u00e9\u00a0?                <a class=\"fig-premium-paywall__connect-link\" href=\"https:\/\/connect.lefigaro.fr\/login?client=horizon_web&amp;type=main&amp;redirect_uri=https%3A%2F%2Fwww.lefigaro.fr%2Fpolitique%2Fa-paris-bruno-retailleau-appelle-le-conseil-national-des-republicains-a-refonder-la-droite-pour-relever-la-france-20250628\" data-js-gtm=\"{&quot;customCategorie&quot;: &quot;conversion&quot;, &quot;customAction&quot;: &quot;before_Landing_Connexion_paywall_auto&quot;, &quot;customLabel&quot;: &quot;bGVmaWdhcm8uZnJfXzFmMDUzZjFhLWVhNmYtNmU0Yy05YmNhLTk5MjU1NTg0ZTNhNV9fQXJ0aWNsZQ==_\u00c0 Paris, Bruno Retailleau appelle le conseil national des R\u00e9publicains \u00e0 \u00abrefonder la droite pour relever la France\u00bb_1000&quot;, &quot;customIDSPE&quot;: &quot;bGVmaWdhcm8uZnJfXzFmMDUzZjFhLWVhNmYtNmU0Yy05YmNhLTk5MjU1NTg0ZTNhNV9fQXJ0aWNsZQ==&quot;, &quot;event&quot;: &quot;customEventSPE&quot;}\" target=\"_blank\" rel=\"noopener\"><br \/>\n                    Connectez-vous<br \/>\n                <\/a>\n            <\/p>\n","protected":false},"excerpt":{"rendered":"REPORTAGE &#8211; Lors d\u2019une r\u00e9union publique rassemblant pr\u00e8s de 800 militants, ce samedi \u00e0 la Maison de la&hellip;\n","protected":false},"author":2,"featured_media":211861,"comment_status":"","ping_status":"","sticky":false,"template":"","format":"standard","meta":{"footnotes":""},"categories":[1888],"tags":[1111,1928,11,1927,1013,426,427,422,423,6592,1777,674,1011,27,418,424,425,6319,420,421,12,1926,419,626,1925,316,429,25,428],"class_list":{"0":"post-211860","1":"post","2":"type-post","3":"status-publish","4":"format-standard","5":"has-post-thumbnail","7":"category-paris","8":"tag-actu","9":"tag-actu-paris","10":"tag-actualites","11":"tag-actualites-paris","12":"tag-bruno-retailleau","13":"tag-candidat","14":"tag-candidats","15":"tag-depute","16":"tag-deputes","17":"tag-droite","18":"tag-eu","19":"tag-europe","20":"tag-fr","21":"tag-france","22":"tag-gouvernement","23":"tag-institution","24":"tag-institutions","25":"tag-les-republicains","26":"tag-loi","27":"tag-lois","28":"tag-news","29":"tag-news-paris","30":"tag-opposition","31":"tag-paris","32":"tag-paris-news","33":"tag-politique","34":"tag-ps","35":"tag-republique-francaise","36":"tag-ump"},"share_on_mastodon":{"url":"","error":""},"_links":{"self":[{"href":"https:\/\/www.europesays.com\/fr\/wp-json\/wp\/v2\/posts\/211860","targetHints":{"allow":["GET"]}}],"collection":[{"href":"https:\/\/www.europesays.com\/fr\/wp-json\/wp\/v2\/posts"}],"about":[{"href":"https:\/\/www.europesays.com\/fr\/wp-json\/wp\/v2\/types\/post"}],"author":[{"embeddable":true,"href":"https:\/\/www.europesays.com\/fr\/wp-json\/wp\/v2\/users\/2"}],"replies":[{"embeddable":true,"href":"https:\/\/www.europesays.com\/fr\/wp-json\/wp\/v2\/comments?post=211860"}],"version-history":[{"count":0,"href":"https:\/\/www.europesays.com\/fr\/wp-json\/wp\/v2\/posts\/211860\/revisions"}],"wp:featuredmedia":[{"embeddable":true,"href":"https:\/\/www.europesays.com\/fr\/wp-json\/wp\/v2\/media\/211861"}],"wp:attachment":[{"href":"https:\/\/www.europesays.com\/fr\/wp-json\/wp\/v2\/media?parent=211860"}],"wp:term":[{"taxonomy":"category","embeddable":true,"href":"https:\/\/www.europesays.com\/fr\/wp-json\/wp\/v2\/categories?post=211860"},{"taxonomy":"post_tag","embeddable":true,"href":"https:\/\/www.europesays.com\/fr\/wp-json\/wp\/v2\/tags?post=211860"}],"curies":[{"name":"wp","href":"https:\/\/api.w.org\/{rel}","templated":true}]}}