{"id":211870,"date":"2025-06-28T21:55:16","date_gmt":"2025-06-28T21:55:16","guid":{"rendered":"https:\/\/www.europesays.com\/fr\/211870\/"},"modified":"2025-06-28T21:55:16","modified_gmt":"2025-06-28T21:55:16","slug":"condamne-aux-etats-unis-un-cubain-de-23-ans-pour-etre-entre-dans-une-zone-militaire-apres-avoir-traverse-le-fleuve-bravo","status":"publish","type":"post","link":"https:\/\/www.europesays.com\/fr\/211870\/","title":{"rendered":"Condamn\u00e9 aux \u00c9tats-Unis, un Cubain de 23 ans pour \u00eatre entr\u00e9 dans une zone militaire apr\u00e8s avoir travers\u00e9 le fleuve Bravo"},"content":{"rendered":"<p><strong>Narali Ar\u00e9valo-Casay<\/strong>, un jeune Cubain de 23 ans, a \u00e9t\u00e9 d\u00e9clar\u00e9 coupable ce vendredi par un jury f\u00e9d\u00e9ral \u00e0 El Paso apr\u00e8s <strong>avoir travers\u00e9 irr\u00e9guli\u00e8rement le territoire am\u00e9ricain et p\u00e9n\u00e9tr\u00e9 dans une zone militaire restreinte<\/strong>. Cette affaire a suscit\u00e9 des inqui\u00e9tudes au sein de la communaut\u00e9 migrante cubaine, qui consid\u00e8re ce type de condamnation comme un nouveau chapitre dans le durcissement de l&rsquo;approche r\u00e9pressive envers la migration irr\u00e9guli\u00e8re.<\/p>\n<p>Selon <a href=\"https:\/\/www.justice.gov\/usao-wdtx\/pr\/el-paso-jury-finds-illegal-alien-guilty-national-defense-area-violation\" rel=\"nofollow noopener\" target=\"_blank\">des documents judiciaires<\/a> publi\u00e9s par la <strong>Procureur du District Ouest du Texas<\/strong>, Ar\u00e9valo-Casay a travers\u00e9 le fleuve Bravo le 7 mai dernier, \u00e0 moins d&rsquo;un mile du port frontalier de Paso Del Norte. <strong>Il a \u00e9t\u00e9 arr\u00eat\u00e9 par des agents de la Patrolle Frontali\u00e8re apr\u00e8s avoir \u00e9t\u00e9 d\u00e9tect\u00e9 dans une zone consid\u00e9r\u00e9e comme \u201cde d\u00e9fense nationale\u201d<\/strong>, une cat\u00e9gorie qui transforme le passage en un d\u00e9lit f\u00e9d\u00e9ral mineur.<\/p>\n<p>Bien que le <strong>magistrat Miguel Torres<\/strong> l&rsquo;a condamn\u00e9 \u00e0 \u00ab\u00a0temps purg\u00e9\u00a0\u00bb, ce qui signifie qu&rsquo;il ne purgera plus de jours en prison, <strong>le jugement et la condamnation sont enregistr\u00e9s comme des ant\u00e9c\u00e9dents criminels dans son dossier migratoire<\/strong>, ce qui peut affecter son proc\u00e8s l\u00e9gal aux \u00c9tats-Unis.<\/p>\n<p><strong>Un ch\u00e2timent exemplaire pour dissuader ?<\/strong><\/p>\n<p>Le cas a \u00e9t\u00e9 pr\u00e9sent\u00e9 dans le cadre de l&rsquo;<a href=\"https:\/\/fr.cibercuba.com\/noticias\/2025-06-27-u1-e208933-s27061-nid305877-cubano-visa-trabajo-arrestado-eeuu-enfrenta-cargos\" rel=\"nofollow noopener\" target=\"_blank\"><strong>Op\u00e9ration Take Back America<\/strong><\/a>, une initiative du D\u00e9partement de la Justice visant \u00e0 freiner l&rsquo;immigration irr\u00e9guli\u00e8re, \u00e0 d\u00e9manteler des cartels et \u00e0 prot\u00e9ger les communaut\u00e9s am\u00e9ricaines. Cependant, des d\u00e9fenseurs des droits humains ont averti que ces politiques ont tendance \u00e0 criminaliser les personnes vuln\u00e9rables, comme les migrants fuyant des crises politiques ou \u00e9conomiques.<\/p>\n<p>Il n&rsquo;est pas clair si Narali Ar\u00e9valo avait l&rsquo;intention de se rendre pour demander l&rsquo;asile, une pratique courante parmi les migrants cubains qui traversent la fronti\u00e8re sud, mais son entr\u00e9e par une zone militaire restreinte a suffi \u00e0 le traduire en justice.<\/p>\n<p><strong>Que suit pour Narali ?<\/strong><\/p>\n<p>Bien que la condamnation ait \u00e9t\u00e9 minimale, <strong>Ar\u00e9valo-Casay pourrait maintenant faire face \u00e0 une proc\u00e9dure de d\u00e9portation ou de d\u00e9tention migratoire prolong\u00e9e<\/strong>, en fonction de l\u2019\u00e9volution de son cas aupr\u00e8s des autorit\u00e9s de l&rsquo;Immigration. Pour l\u2019instant, il n&rsquo;a pas \u00e9t\u00e9 confirm\u00e9 s&rsquo;il demandera l&rsquo;asile ou s&rsquo;il sera expuls\u00e9 du pays.<\/p>\n<p>Cet \u00e9pisode s&rsquo;ajoute \u00e0 une longue liste de d\u00e9fis auxquels sont confront\u00e9s les Cubains \u00e0 la fronti\u00e8re, au milieu d&rsquo;une politique migratoire de plus en plus stricte et juridis\u00e9e, o\u00f9 des erreurs de parcours peuvent se terminer devant un tribunal f\u00e9d\u00e9ral.<\/p>\n<p>En outre, cela se produit dans le cadre du <a href=\"https:\/\/fr.cibercuba.com\/noticias\/2025-06-26-u1-e208933-s27061-nid305871-nuevo-plan-migratorio-trump-busca-desestimar-asilo\" rel=\"nofollow noopener\" target=\"_blank\"><strong>nouveau plan migratoire impuls\u00e9 par Donald Trump<\/strong><\/a> depuis son retour \u00e0 la Maison Blanche, avec des d\u00e9crets qui ont <a href=\"https:\/\/fr.cibercuba.com\/noticias\/2025-01-20-u1-e199370-s27061-nid295818-trump-inicia-mandato-mano-dura-adios-al-parole\" rel=\"nofollow noopener\" target=\"_blank\"><strong>\u00e9limin\u00e9 le parole humanitaire et CBP One<\/strong><\/a>, r\u00e9tabli le programme \u00ab\u00a0Restez au Mexique\u00a0\u00bb et <a href=\"https:\/\/fr.cibercuba.com\/noticias\/2025-06-05-u1-e199894-s27061-nid304357-trump-firma-orden-limitar-parcialmente-entrada\" rel=\"nofollow noopener\" target=\"_blank\"><strong>limit\u00e9 s\u00e9v\u00e8rement l&rsquo;entr\u00e9e des Cubains aux \u00c9tats-Unis<\/strong><\/a>. Les autorit\u00e9s ont intensifi\u00e9 la r\u00e9pression des travers\u00e9es irr\u00e9guli\u00e8res et \u00e9largi les arrestations, dans une tentative de dissuader ceux qui recherchent l&rsquo;asile.<\/p>\n<p>Questions fr\u00e9quentes sur la condamnation de Narali Ar\u00e9valo-CasayQuel d\u00e9lit a commis Narali Ar\u00e9valo-Casay ?<\/p>\n<p itemprop=\"text\"><strong>Narali Ar\u00e9valo-Casay a \u00e9t\u00e9 d\u00e9clar\u00e9 coupable d&rsquo;avoir travers\u00e9 de mani\u00e8re irr\u00e9guli\u00e8re le territoire am\u00e9ricain et d&rsquo;\u00eatre entr\u00e9 dans une zone militaire restreinte<\/strong>, ce qui constitue une infraction p\u00e9nale f\u00e9d\u00e9rale mineure. Il a \u00e9t\u00e9 arr\u00eat\u00e9 par la Patrol Border dans une zone consid\u00e9r\u00e9e comme de d\u00e9fense nationale pr\u00e8s d&rsquo;El Paso, au Texas.<\/p>\n<p>Quelle a \u00e9t\u00e9 la sentence impos\u00e9e \u00e0 Ar\u00e9valo-Casay ?<\/p>\n<p itemprop=\"text\">Le magistrat Miguel Torres a condamn\u00e9 Narali Ar\u00e9valo-Casay \u00e0 \u00ab\u00a0temps purg\u00e9\u00a0\u00bb, ce qui signifie qu&rsquo;elle <strong>ne purgera plus de jours en prison<\/strong>. Cependant, le proc\u00e8s et la condamnation restent enregistr\u00e9s comme ant\u00e9c\u00e9dents judiciaires, ce qui pourrait affecter son processus migratoire aux \u00c9tats-Unis.<\/p>\n<p>Quel impact le cas d&rsquo;Ar\u00e9valo-Casay a-t-il sur la communaut\u00e9 migrante cubaine ?<\/p>\n<p itemprop=\"text\"><strong>Le cas d&rsquo;Ar\u00e9valo-Casay refl\u00e8te un durcissement dans l&rsquo;approche r\u00e9pressive envers la migration irr\u00e9guli\u00e8re<\/strong>, suscitant des inqui\u00e9tudes au sein de la communaut\u00e9 migrante cubaine. Ce cas s&rsquo;inscrit dans des politiques plus strictes sous l&rsquo;administration de Donald Trump, qui ont limit\u00e9 les voies d&rsquo;entr\u00e9e et augment\u00e9 les expulsions.<\/p>\n<p>Quelles cons\u00e9quences Ar\u00e9valo-Casay doit-il affronter apr\u00e8s la condamnation ?<\/p>\n<p itemprop=\"text\"><strong>Ar\u00e9valo-Casay pourrait faire face \u00e0 une proc\u00e9dure d&rsquo;expulsion ou \u00e0 une d\u00e9tention migratoire prolong\u00e9e<\/strong>, selon l&rsquo;\u00e9volution de son cas aupr\u00e8s des autorit\u00e9s de l&rsquo;Immigration. Il n&rsquo;a pas \u00e9t\u00e9 confirm\u00e9 s&rsquo;il demandera l&rsquo;asile ou s&rsquo;il sera expuls\u00e9 du pays.<\/p>\n","protected":false},"excerpt":{"rendered":"Narali Ar\u00e9valo-Casay, un jeune Cubain de 23 ans, a \u00e9t\u00e9 d\u00e9clar\u00e9 coupable ce vendredi par un jury f\u00e9d\u00e9ral&hellip;\n","protected":false},"author":2,"featured_media":211871,"comment_status":"","ping_status":"","sticky":false,"template":"","format":"standard","meta":{"footnotes":""},"categories":[1589],"tags":[11,35162,35163,35164,75,35165,73,1866,35161,1324,12,35160,1864,1865,1863,308,2955],"class_list":{"0":"post-211870","1":"post","2":"type-post","3":"status-publish","4":"format-standard","5":"has-post-thumbnail","7":"category-etats-unis","8":"tag-actualites","9":"tag-cubains-aux-etats-unis","10":"tag-cubains-en-etats-unis","11":"tag-departement-de-la-justice","12":"tag-donald-trump","13":"tag-droits-de-l","14":"tag-etats-unis","15":"tag-etats-unis-damerique","16":"tag-internationaux","17":"tag-la-maison-blanche","18":"tag-news","19":"tag-rio-bravo","20":"tag-united-states","21":"tag-united-states-of-america","22":"tag-us","23":"tag-usa","24":"tag-videos"},"share_on_mastodon":{"url":"","error":""},"_links":{"self":[{"href":"https:\/\/www.europesays.com\/fr\/wp-json\/wp\/v2\/posts\/211870","targetHints":{"allow":["GET"]}}],"collection":[{"href":"https:\/\/www.europesays.com\/fr\/wp-json\/wp\/v2\/posts"}],"about":[{"href":"https:\/\/www.europesays.com\/fr\/wp-json\/wp\/v2\/types\/post"}],"author":[{"embeddable":true,"href":"https:\/\/www.europesays.com\/fr\/wp-json\/wp\/v2\/users\/2"}],"replies":[{"embeddable":true,"href":"https:\/\/www.europesays.com\/fr\/wp-json\/wp\/v2\/comments?post=211870"}],"version-history":[{"count":0,"href":"https:\/\/www.europesays.com\/fr\/wp-json\/wp\/v2\/posts\/211870\/revisions"}],"wp:featuredmedia":[{"embeddable":true,"href":"https:\/\/www.europesays.com\/fr\/wp-json\/wp\/v2\/media\/211871"}],"wp:attachment":[{"href":"https:\/\/www.europesays.com\/fr\/wp-json\/wp\/v2\/media?parent=211870"}],"wp:term":[{"taxonomy":"category","embeddable":true,"href":"https:\/\/www.europesays.com\/fr\/wp-json\/wp\/v2\/categories?post=211870"},{"taxonomy":"post_tag","embeddable":true,"href":"https:\/\/www.europesays.com\/fr\/wp-json\/wp\/v2\/tags?post=211870"}],"curies":[{"name":"wp","href":"https:\/\/api.w.org\/{rel}","templated":true}]}}