{"id":211874,"date":"2025-06-28T21:57:09","date_gmt":"2025-06-28T21:57:09","guid":{"rendered":"https:\/\/www.europesays.com\/fr\/211874\/"},"modified":"2025-06-28T21:57:09","modified_gmt":"2025-06-28T21:57:09","slug":"langleterre-conserve-son-titre-en-battant-lallemagne-3-2-apres-prolongations","status":"publish","type":"post","link":"https:\/\/www.europesays.com\/fr\/211874\/","title":{"rendered":"l&rsquo;Angleterre conserve son titre en battant l&rsquo;Allemagne 3-2 apr\u00e8s prolongations"},"content":{"rendered":"<p>Rapidement men\u00e9s 2-0, les Allemands sont parvenus \u00e0 \u00e9galiser avant que l\u2019ailier de l\u2019OM Jonathan Rowe n\u2019inscrive le but du sacre pour les Anglais \u00e0 la 92e minute.<\/p>\n<p class=\"fig-paragraph\">L&rsquo;Angleterre, tenant du titre, a remport\u00e9\u00a0<a href=\"http:\/\/www.lefigaro.fr\/sports\/football\/equipe-de-france\/foot-pas-de-finale-a-l-euro-u21-pour-les-bleuets-qui-s-inclinent-lourdement-contre-l-allemagne-20250625\" data-fig-type=\"NewsFlash\" data-gtm-custom-categorie=\"navigation\" data-gtm-custom-action=\"crossclick\" data-gtm-custom-label=\"Contextuel\" data-gtm-event=\"customEventSPE\" data-fig-domain=\"LEFIGARO\" target=\"_blank\" rel=\"noopener\">l&rsquo;Euro 2025 Espoirs<\/a>\u00a0en battant l&rsquo;Allemagne en finale 3-2 apr\u00e8s prolongation gr\u00e2ce \u00e0 un but du Marseillais Jonathan Rowe en prolongation, samedi \u00e0 Bratislava.<\/p>\n<p class=\"fig-paragraph\">Les jeunes Anglais ont men\u00e9 2-0 gr\u00e2ce \u00e0 leur jeu rapide, avec des buts sign\u00e9s Harvey Elliott (5e) et Omari Hutchinson (25e), mais les Allemands ont \u00e9galis\u00e9 par les joueurs de Mayence Nelson Weiper (45e+1), d&rsquo;un puissant coup de t\u00eate, et le petit Paul Nebel (1,69 m) d&rsquo;une frappe dans la lucarne.<\/p>\n<p class=\"fig-paragraph\">Mais Rowe, d&rsquo;une t\u00eate plongeante au d\u00e9but de la prolongation (92e), a offert \u00e0 l&rsquo;Angleterre un quatri\u00e8me Euro Espoirs apr\u00e8s les titres de 1982, 1984 et\u00a0<a href=\"https:\/\/www.lefigaro.fr\/sports\/football\/direct-amical-suivez-angleterre-france-espoirs-20230325\" data-fig-type=\"Live\" data-gtm-custom-categorie=\"navigation\" data-gtm-custom-action=\"crossclick\" data-gtm-custom-label=\"Contextuel\" data-gtm-event=\"customEventSPE\" data-fig-domain=\"LEFIGARO\" target=\"_blank\" rel=\"noopener\">2023 lors de la pr\u00e9c\u00e9dente \u00e9dition<\/a>.<\/p>\n","protected":false},"excerpt":{"rendered":"Rapidement men\u00e9s 2-0, les Allemands sont parvenus \u00e0 \u00e9galiser avant que l\u2019ailier de l\u2019OM Jonathan Rowe n\u2019inscrive le&hellip;\n","protected":false},"author":2,"featured_media":211875,"comment_status":"","ping_status":"","sticky":false,"template":"","format":"standard","meta":{"footnotes":""},"categories":[1587],"tags":[11,672,454,69,1804,448,83,451,1805,1803,64,1777,450,449,674,1801,452,453,66,446,447,12,70,1802,455],"class_list":{"0":"post-211874","1":"post","2":"type-post","3":"status-publish","4":"format-standard","5":"has-post-thumbnail","7":"category-allemagne","8":"tag-actualites","9":"tag-allemagne","10":"tag-ballon-dor","11":"tag-bundesliga","12":"tag-bundesrepublik-deutschland","13":"tag-champions-league","14":"tag-coupe-de-france","15":"tag-coupe-du-monde","16":"tag-de","17":"tag-deutschland","18":"tag-equipe-de-france","19":"tag-eu","20":"tag-euro","21":"tag-europa-league","22":"tag-europe","23":"tag-germany","24":"tag-italie","25":"tag-liga","26":"tag-ligue-1","27":"tag-ligue-2","28":"tag-ligue-des-champions","29":"tag-news","30":"tag-premier-league","31":"tag-republique-federale-dallemagne","32":"tag-uefa"},"share_on_mastodon":{"url":"","error":""},"_links":{"self":[{"href":"https:\/\/www.europesays.com\/fr\/wp-json\/wp\/v2\/posts\/211874","targetHints":{"allow":["GET"]}}],"collection":[{"href":"https:\/\/www.europesays.com\/fr\/wp-json\/wp\/v2\/posts"}],"about":[{"href":"https:\/\/www.europesays.com\/fr\/wp-json\/wp\/v2\/types\/post"}],"author":[{"embeddable":true,"href":"https:\/\/www.europesays.com\/fr\/wp-json\/wp\/v2\/users\/2"}],"replies":[{"embeddable":true,"href":"https:\/\/www.europesays.com\/fr\/wp-json\/wp\/v2\/comments?post=211874"}],"version-history":[{"count":0,"href":"https:\/\/www.europesays.com\/fr\/wp-json\/wp\/v2\/posts\/211874\/revisions"}],"wp:featuredmedia":[{"embeddable":true,"href":"https:\/\/www.europesays.com\/fr\/wp-json\/wp\/v2\/media\/211875"}],"wp:attachment":[{"href":"https:\/\/www.europesays.com\/fr\/wp-json\/wp\/v2\/media?parent=211874"}],"wp:term":[{"taxonomy":"category","embeddable":true,"href":"https:\/\/www.europesays.com\/fr\/wp-json\/wp\/v2\/categories?post=211874"},{"taxonomy":"post_tag","embeddable":true,"href":"https:\/\/www.europesays.com\/fr\/wp-json\/wp\/v2\/tags?post=211874"}],"curies":[{"name":"wp","href":"https:\/\/api.w.org\/{rel}","templated":true}]}}