{"id":211881,"date":"2025-06-28T22:01:13","date_gmt":"2025-06-28T22:01:13","guid":{"rendered":"https:\/\/www.europesays.com\/fr\/211881\/"},"modified":"2025-06-28T22:01:13","modified_gmt":"2025-06-28T22:01:13","slug":"canicule-plusieurs-ecoles-fermees-la-semaine-prochaine-face-aux-fortes-chaleurs","status":"publish","type":"post","link":"https:\/\/www.europesays.com\/fr\/211881\/","title":{"rendered":"Canicule\u00a0: plusieurs \u00e9coles ferm\u00e9es la semaine prochaine face aux fortes chaleurs"},"content":{"rendered":"<p class=\"paragraph text_align_left lp-f-body-02\">Les salles de classe sont devenues des saunas et les <a href=\"https:\/\/www.leparisien.fr\/etudiant\/vie-etudiante\/calendrier-vacances-scolaires-zone-b-XUIMHZTL7FPSFHEIXTTIBKRK34.php\" target=\"_self\" rel=\"nofollow noopener\">vacances scolaires<\/a> ne d\u00e9butent qu\u2019\u00e0 la fin de la semaine prochaine. Les prochains jours qui viennent, <a href=\"https:\/\/www.leparisien.fr\/meteo\/canicule-14-departements-en-vigilance-orange-samedi-53-dimanche-28-06-2025-2BAO6AZCKNFJPGWXY5FMOYREIE.php\" target=\"_blank\" rel=\"noreferrer nofollow noopener\">alors que le mercure pourrait tr\u00e8s rapidement grimper vers des temp\u00e9ratures dantesques<\/a>, plusieurs \u00e9coles non adapt\u00e9es \u00e0 un tel niveau de mercure pourraient fermer. Plusieurs communes ont d\u00e9j\u00e0 annonc\u00e9 la fermeture de leurs \u00e9tablissements.<\/p>\n<p class=\"paragraph text_align_left lp-f-body-02\">La Ville de Tours (Indre-et-Loire), en lien avec l\u2019\u00c9ducation nationale, a choisi de fermer ses 58 \u00e9coles dans l\u2019apr\u00e8s-midi les 30 juin et 1er juillet. Si les \u00e9coles resteront ouvertes en matin\u00e9e, \u00ab les enfants devront \u00eatre r\u00e9cup\u00e9r\u00e9s \u00e0 11h30 ou \u00e0 13h30 apr\u00e8s le d\u00e9jeuner, imp\u00e9rativement \u00bb, avertit la municipalit\u00e9. Ce sont pr\u00e8s de 10 000 \u00e9l\u00e8ves concern\u00e9es.<\/p>\n<p class=\"paragraph text_align_left lp-f-body-02\">Dans la Ni\u00e8vre, la municipalit\u00e9 de La Charit\u00e9-sur-Loire a d\u00e9cid\u00e9 de fermer ses \u00e9coles mardi 1er juillet apr\u00e8s-midi, rapporte le <a href=\"https:\/\/www.lejdc.fr\/charite-sur-loire-58400\/actualites\/les-ecoles-de-la-charite-sur-loire-fermees-en-raison-de-la-canicule_14712333\/\" target=\"_blank\" rel=\"noreferrer nofollow noopener\">Journal du Centre<\/a>. En Seine-et-Marne, la ville de Melun a \u00e9galement annonc\u00e9 ce samedi la fermeture de ses \u00e9coles et accueils de loisirs mardi 1er et mercredi 2 juillet \u00ab par mesure de pr\u00e9caution \u00bb. \u00ab Cette mesure vise \u00e0 garantir la s\u00e9curit\u00e9 et le bien-\u00eatre des enfants face aux temp\u00e9ratures extr\u00eames annonc\u00e9es \u00bb, justifie la municipalit\u00e9 <a href=\"https:\/\/www.ville-melun.fr\/actualites\/1164-vigilance-canicule-fermeture-des-ecoles-et-centres-de-loisirs-a-melun\" target=\"_blank\" rel=\"noreferrer nofollow noopener\">sur son site Internet<\/a>.<\/p>\n<p class=\"paragraph text_align_left lp-f-body-02\">Dans le Vaucluse, d\u00e9j\u00e0 en vigilance orange en raison de la canicule ce week-end, deux communes ont aussi d\u00e9cid\u00e9 de prendre les devants. Au Thor, lundi 30 juin et mardi 1er juillet, les maternelles et \u00e9coles primaires resteront ferm\u00e9es, a indiqu\u00e9 le maire Yves Bayon de Noyer, selon <a href=\"https:\/\/www.francebleu.fr\/infos\/meteo\/canicule-en-vaucluse-des-ecoles-maternelles-et-primaires-fermees-a-cause-de-la-chaleur-8158719\" target=\"_blank\" rel=\"noreferrer nofollow noopener\">Ici<\/a> (ex-France Bleu). \u00c0 Cavaillon, les cours de lundi ont d\u00e9j\u00e0 \u00e9t\u00e9 annul\u00e9s et pourraient aussi l\u2019\u00eatre ce mardi.<\/p>\n<p>Borne appel\u00e9e \u00e0 \u00ab donner des consignes \u00bb<\/p>\n<p class=\"paragraph text_align_left lp-f-body-02\">Dans le Vaucluse, encore, le syndicat enseignant Snudi-FO a demand\u00e9 la fermeture des \u00e9coles o\u00f9 il fait trop chaud jusqu\u2019\u00e0 ce que les temp\u00e9ratures redescendent. Il invite \u00e9galement les enseignants \u00e0 faire des signalements sur la situation dans leur \u00e9tablissement.<\/p>\n<p class=\"paragraph text_align_left lp-f-body-02\">Plus au nord, dans les Deux-S\u00e8vres, des enseignants FO demandent \u00e0 la directrice de l\u2019acad\u00e9mie que les \u00e9coles et services administratifs de l\u2019\u00c9ducation nationale soient ferm\u00e9s les apr\u00e8s-midi lundi 30 et mardi 1er juillet dans les locaux qui ne sont pas climatis\u00e9s.<\/p>\n<p class=\"paragraph text_align_left lp-f-body-02\">Face aux fortes chaleurs, les parents d\u2019\u00e9l\u00e8ves adh\u00e9rents \u00e0 la <a href=\"https:\/\/www.fcpe.asso.fr\/actualite\/canicule-des-dispositions-doivent-etre-prises-de-toute-urgence\" target=\"_self\" rel=\"nofollow noopener\">FCPE<\/a> demandent \u00e9galement \u00e0 la ministre de l\u2019\u00c9ducation nationale, \u00c9lisabeth Borne, \u00ab de donner, en urgence, des consignes claires aux personnels de direction et aux \u00e9quipes p\u00e9dagogiques afin qu\u2019ils puissent adapter localement l\u2019accueil des \u00e9l\u00e8ves \u00bb. Au-del\u00e0 de la canicule actuelle, la f\u00e9d\u00e9ration plaide pour un \u00ab b\u00e2ti scolaire repens\u00e9 face au changement climatique \u00bb.<\/p>\n","protected":false},"excerpt":{"rendered":"Les salles de classe sont devenues des saunas et les vacances scolaires ne d\u00e9butent qu\u2019\u00e0 la fin de&hellip;\n","protected":false},"author":2,"featured_media":211882,"comment_status":"","ping_status":"","sticky":false,"template":"","format":"standard","meta":{"footnotes":""},"categories":[2],"tags":[11,459,1011,27,2487,12,25],"class_list":{"0":"post-211881","1":"post","2":"type-post","3":"status-publish","4":"format-standard","5":"has-post-thumbnail","7":"category-actualites","8":"tag-actualites","9":"tag-departements-horsidfo","10":"tag-fr","11":"tag-france","12":"tag-meteo","13":"tag-news","14":"tag-republique-francaise"},"share_on_mastodon":{"url":"","error":""},"_links":{"self":[{"href":"https:\/\/www.europesays.com\/fr\/wp-json\/wp\/v2\/posts\/211881","targetHints":{"allow":["GET"]}}],"collection":[{"href":"https:\/\/www.europesays.com\/fr\/wp-json\/wp\/v2\/posts"}],"about":[{"href":"https:\/\/www.europesays.com\/fr\/wp-json\/wp\/v2\/types\/post"}],"author":[{"embeddable":true,"href":"https:\/\/www.europesays.com\/fr\/wp-json\/wp\/v2\/users\/2"}],"replies":[{"embeddable":true,"href":"https:\/\/www.europesays.com\/fr\/wp-json\/wp\/v2\/comments?post=211881"}],"version-history":[{"count":0,"href":"https:\/\/www.europesays.com\/fr\/wp-json\/wp\/v2\/posts\/211881\/revisions"}],"wp:featuredmedia":[{"embeddable":true,"href":"https:\/\/www.europesays.com\/fr\/wp-json\/wp\/v2\/media\/211882"}],"wp:attachment":[{"href":"https:\/\/www.europesays.com\/fr\/wp-json\/wp\/v2\/media?parent=211881"}],"wp:term":[{"taxonomy":"category","embeddable":true,"href":"https:\/\/www.europesays.com\/fr\/wp-json\/wp\/v2\/categories?post=211881"},{"taxonomy":"post_tag","embeddable":true,"href":"https:\/\/www.europesays.com\/fr\/wp-json\/wp\/v2\/tags?post=211881"}],"curies":[{"name":"wp","href":"https:\/\/api.w.org\/{rel}","templated":true}]}}