{"id":211883,"date":"2025-06-28T22:02:21","date_gmt":"2025-06-28T22:02:21","guid":{"rendered":"https:\/\/www.europesays.com\/fr\/211883\/"},"modified":"2025-06-28T22:02:21","modified_gmt":"2025-06-28T22:02:21","slug":"la-france-espere-un-accord-imminent-avec-la-chine-sur-les-restrictions-visant-le-cognac","status":"publish","type":"post","link":"https:\/\/www.europesays.com\/fr\/211883\/","title":{"rendered":"La France esp\u00e8re un accord imminent avec la Chine sur les restrictions visant le cognac"},"content":{"rendered":"<p>La pr\u00e9sidente de l&rsquo;Assembl\u00e9e nationale, Ya\u00ebl Braun-Pivet, en visite en Chine, a d\u00e9clar\u00e9 ce samedi 28 juin esp\u00e9rer une lev\u00e9e d&rsquo;importantes restrictions chinoises qui ciblent les importations de cognac, et ce avant le 5 juillet. C&rsquo;est \u00e0 cette date que P\u00e9kin doit publier les conclusions de son enqu\u00eate antidumping qui menace les eaux-de-vie europ\u00e9ennes.<\/p>\n<p>L&rsquo;affaire remonte \u00e0 l&rsquo;automne 2024. \u00c0 l&rsquo;\u00e9poque, les eaux-de-vie europ\u00e9ennes, dont les cognacs et les armagnacs, font l&rsquo;objet d&rsquo;une <strong><a href=\"https:\/\/www.rfi.fr\/fr\/\u00e9conomie\/20241008-cognac-nouveau-symbole-de-l-escalade-des-tensions-commerciales-entre-la-chine-et-l-europe\" rel=\"nofollow noopener\" target=\"_blank\" data-ylk=\"slk:enqu\u00eate antidumping en Chine;elm:context_link;itc:0;sec:content-canvas\" class=\"link \">enqu\u00eate antidumping en Chine<\/a><\/strong>. Une proc\u00e9dure que la <strong><a href=\"https:\/\/www.rfi.fr\/fr\/tag\/france\/\" rel=\"nofollow noopener\" target=\"_blank\" data-ylk=\"slk:France;elm:context_link;itc:0;sec:content-canvas\" class=\"link \">France<\/a><\/strong> juge alors injustifi\u00e9e. P\u00e9kin l&rsquo;avait mise en place en repr\u00e9sailles \u00e0 une proc\u00e9dure europ\u00e9enne visant les subventions d&rsquo;\u00c9tat dont b\u00e9n\u00e9ficient les v\u00e9hicules \u00e9lectriques fabriqu\u00e9s en <strong><a href=\"https:\/\/www.rfi.fr\/fr\/tag\/chine\/\" rel=\"nofollow noopener\" target=\"_blank\" data-ylk=\"slk:Chine;elm:context_link;itc:0;sec:content-canvas\" class=\"link \">Chine<\/a><\/strong>.<\/p>\n<p>Les autorit\u00e9s chinoises envisagent alors de frapper les produits europ\u00e9ens d&rsquo;une surtaxe pouvant aller jusqu&rsquo;\u00e0 39%. Une mesure d\u00e9vastatrice pour les fabricants fran\u00e7ais, qui disent perdre 50 millions d&rsquo;euros par mois en raison des restrictions d\u00e9j\u00e0 en place. Pour le cognac, l&rsquo;Asie est son premier march\u00e9 \u00e0 l&rsquo;export avec les \u00c9tats-Unis.<\/p>\n<p>\u00c0 lire aussi<a href=\"https:\/\/www.rfi.fr\/fr\/podcasts\/reportage-france\/20240425-le-cognac-fran\u00e7ais-au-c\u0153ur-de-la-guerre-commerciale-avec-la-chine\" class=\"link \" rel=\"nofollow noopener\" target=\"_blank\" data-ylk=\"slk:Le cognac fran\u00e7ais au c\u0153ur de la guerre commerciale avec la Chine;elm:context_link;itc:0;sec:content-canvas\">Le cognac fran\u00e7ais au c\u0153ur de la guerre commerciale avec la Chine<\/a><\/p>\n<p><a href=\"https:\/\/www.rfi.fr\/fr\/%C3%A9conomie\/20250628-la-france-esp%C3%A8re-un-accord-imminent-avec-la-chine-sur-les-restrictions-visant-le-cognac\" rel=\"nofollow noopener\" target=\"_blank\" data-ylk=\"slk:Lire la suite sur RFI;elm:context_link;itc:0;sec:content-canvas\" class=\"link \">Lire la suite sur RFI<\/a><\/p>\n","protected":false},"excerpt":{"rendered":"La pr\u00e9sidente de l&rsquo;Assembl\u00e9e nationale, Ya\u00ebl Braun-Pivet, en visite en Chine, a d\u00e9clar\u00e9 ce samedi 28 juin esp\u00e9rer&hellip;\n","protected":false},"author":2,"featured_media":211884,"comment_status":"","ping_status":"","sticky":false,"template":"","format":"standard","meta":{"footnotes":""},"categories":[4],"tags":[11,309,16954,1011,27,12,25,16524],"class_list":{"0":"post-211883","1":"post","2":"type-post","3":"status-publish","4":"format-standard","5":"has-post-thumbnail","7":"category-france","8":"tag-actualites","9":"tag-chine","10":"tag-cognac","11":"tag-fr","12":"tag-france","13":"tag-news","14":"tag-republique-francaise","15":"tag-restrictions"},"share_on_mastodon":{"url":"","error":""},"_links":{"self":[{"href":"https:\/\/www.europesays.com\/fr\/wp-json\/wp\/v2\/posts\/211883","targetHints":{"allow":["GET"]}}],"collection":[{"href":"https:\/\/www.europesays.com\/fr\/wp-json\/wp\/v2\/posts"}],"about":[{"href":"https:\/\/www.europesays.com\/fr\/wp-json\/wp\/v2\/types\/post"}],"author":[{"embeddable":true,"href":"https:\/\/www.europesays.com\/fr\/wp-json\/wp\/v2\/users\/2"}],"replies":[{"embeddable":true,"href":"https:\/\/www.europesays.com\/fr\/wp-json\/wp\/v2\/comments?post=211883"}],"version-history":[{"count":0,"href":"https:\/\/www.europesays.com\/fr\/wp-json\/wp\/v2\/posts\/211883\/revisions"}],"wp:featuredmedia":[{"embeddable":true,"href":"https:\/\/www.europesays.com\/fr\/wp-json\/wp\/v2\/media\/211884"}],"wp:attachment":[{"href":"https:\/\/www.europesays.com\/fr\/wp-json\/wp\/v2\/media?parent=211883"}],"wp:term":[{"taxonomy":"category","embeddable":true,"href":"https:\/\/www.europesays.com\/fr\/wp-json\/wp\/v2\/categories?post=211883"},{"taxonomy":"post_tag","embeddable":true,"href":"https:\/\/www.europesays.com\/fr\/wp-json\/wp\/v2\/tags?post=211883"}],"curies":[{"name":"wp","href":"https:\/\/api.w.org\/{rel}","templated":true}]}}