{"id":211901,"date":"2025-06-28T22:13:21","date_gmt":"2025-06-28T22:13:21","guid":{"rendered":"https:\/\/www.europesays.com\/fr\/211901\/"},"modified":"2025-06-28T22:13:21","modified_gmt":"2025-06-28T22:13:21","slug":"a-new-delhi-une-maison-surrealiste-en-hommage-a-antoni-gaudi","status":"publish","type":"post","link":"https:\/\/www.europesays.com\/fr\/211901\/","title":{"rendered":"\u00c0 New Delhi, une maison surr\u00e9aliste en hommage \u00e0 Antoni Gaud\u00ed"},"content":{"rendered":"<p><strong>Gr\u00e2ce \u00e0 des logiciels, cet espace en forme de grotte occupe le c\u0153ur d\u2019une maison surr\u00e9aliste situ\u00e9e \u00e0 New Delhi, en Inde.<\/strong><\/p>\n<p>La contribution d\u2019<a href=\"https:\/\/www.admagazine.fr\/article\/projets-spectaculaires-antoni-gaudi\" target=\"_blank\" rel=\"noopener\">Antoni Gaud\u00ed<\/a> \u00e0 l\u2019architecture est monumentale, non seulement par son ampleur, mais aussi par son esprit. Ses b\u00e2timents ont red\u00e9fini les fronti\u00e8res entre forme et fonction, fusionnant harmonieusement l\u2019art, la nature et la structure dans un langage architectural singulier. C\u2019est cette approche audacieuse de la conception et l\u2019individualisme expressif de son <a href=\"https:\/\/www.admagazine.fr\/article\/projets-spectaculaires-antoni-gaudi\" target=\"_blank\" rel=\"noopener\">\u0153uvre<\/a> qui ont inspir\u00e9 Manish Gulati, de l\u2019agence M:OFA, pour la conception de cette maison surr\u00e9aliste de New Delhi.<\/p>\n<p>La structure d\u00e9passe la simple fonction utilitaire ; c\u2019est une installation immersive, un point culminant de l\u2019esth\u00e9tique originale de Manish Gulati, entrem\u00eal\u00e9e \u00e0 l\u2019inspiration du visionnaire catalan.<\/p>\n<p>Cette maison surr\u00e9aliste situ\u00e9e \u00e0 New Delhi, dont la conception a \u00e9t\u00e9 assist\u00e9e par l&rsquo;IA, est une ode \u00e0 l&rsquo;\u00e9clat d&rsquo;Antoni Gaud\u00ed. La lumi\u00e8re filtre \u00e0 travers les ouvertures de l&rsquo;espace en forme de grotte, cr\u00e9ant un jeu de formes et d&rsquo;ombres qui se d\u00e9ploie tout au long de la journ\u00e9e comme une pi\u00e8ce de th\u00e9\u00e2tre\u00a9 Ekansh Goel<\/p>\n<p>\u00ab D\u2019une demande en mariage devant la <a href=\"https:\/\/www.admagazine.fr\/article\/rome-fontaine-trevi-pourrait-devenir-payante\" target=\"_blank\" rel=\"noopener\">fontaine de Trevi \u00e0 Rome<\/a> \u00e0 d\u2019innombrables conversations sur l\u2019architecture de Gaud\u00ed \u00e0 Barcelone, la conception devait refl\u00e9ter un m\u00e9lange de r\u00e9f\u00e9rences ch\u00e8res aux propri\u00e9taires \u2013 en \u00e9quilibrant la sym\u00e9trie formelle de l\u2019architecture de la Renaissance avec la fluidit\u00e9 surr\u00e9aliste et organique du travail de Gaud\u00ed \u00bb, partage Manish Gulati. \u00ab\u00a0Cette fusion de l\u2019ordre classique et du mouvement expressif est devenue le socle de la conception de la cour, o\u00f9 l\u2019architecture de Gaud\u00ed a servi de r\u00e9f\u00e9rence visuelle et conceptuelle. Gr\u00e2ce aux moodboards g\u00e9n\u00e9r\u00e9s par l\u2019IA et \u00e0 une mod\u00e9lisation num\u00e9rique pr\u00e9cise, nous avons pu d\u00e9velopper des surfaces de pierre fluides et sculpturales qui donnent vie \u00e0 la cour. La g\u00e9om\u00e9trie commence par une base sym\u00e9trique de style <a href=\"https:\/\/www.admagazine.fr\/article\/chefs-oeuvre-architecture-renaissance\" target=\"_blank\" rel=\"noopener\">Renaissance<\/a> au sol, puis \u00e9volue progressivement vers une forme dynamique, semblable \u00e0 un nuage, qui s\u2019\u00e9l\u00e8ve vers le ciel. \u00bb<\/p>\n<p>Ekansh Goel<\/p>\n","protected":false},"excerpt":{"rendered":"Gr\u00e2ce \u00e0 des logiciels, cet espace en forme de grotte occupe le c\u0153ur d\u2019une maison surr\u00e9aliste situ\u00e9e \u00e0&hellip;\n","protected":false},"author":2,"featured_media":211902,"comment_status":"","ping_status":"","sticky":false,"template":"","format":"standard","meta":{"footnotes":""},"categories":[1358],"tags":[35167,19035,1348,1384,1385,1386,58,59,1011,27,5595],"class_list":{"0":"post-211901","1":"post","2":"type-post","3":"status-publish","4":"format-standard","5":"has-post-thumbnail","7":"category-arts-et-design","8":"tag-antoni-gaudi","9":"tag-architecture-spectaculaire","10":"tag-arts","11":"tag-arts-and-design","12":"tag-arts-et-design","13":"tag-design","14":"tag-divertissement","15":"tag-entertainment","16":"tag-fr","17":"tag-france","18":"tag-inde"},"share_on_mastodon":{"url":"","error":""},"_links":{"self":[{"href":"https:\/\/www.europesays.com\/fr\/wp-json\/wp\/v2\/posts\/211901","targetHints":{"allow":["GET"]}}],"collection":[{"href":"https:\/\/www.europesays.com\/fr\/wp-json\/wp\/v2\/posts"}],"about":[{"href":"https:\/\/www.europesays.com\/fr\/wp-json\/wp\/v2\/types\/post"}],"author":[{"embeddable":true,"href":"https:\/\/www.europesays.com\/fr\/wp-json\/wp\/v2\/users\/2"}],"replies":[{"embeddable":true,"href":"https:\/\/www.europesays.com\/fr\/wp-json\/wp\/v2\/comments?post=211901"}],"version-history":[{"count":0,"href":"https:\/\/www.europesays.com\/fr\/wp-json\/wp\/v2\/posts\/211901\/revisions"}],"wp:featuredmedia":[{"embeddable":true,"href":"https:\/\/www.europesays.com\/fr\/wp-json\/wp\/v2\/media\/211902"}],"wp:attachment":[{"href":"https:\/\/www.europesays.com\/fr\/wp-json\/wp\/v2\/media?parent=211901"}],"wp:term":[{"taxonomy":"category","embeddable":true,"href":"https:\/\/www.europesays.com\/fr\/wp-json\/wp\/v2\/categories?post=211901"},{"taxonomy":"post_tag","embeddable":true,"href":"https:\/\/www.europesays.com\/fr\/wp-json\/wp\/v2\/tags?post=211901"}],"curies":[{"name":"wp","href":"https:\/\/api.w.org\/{rel}","templated":true}]}}