{"id":211905,"date":"2025-06-28T22:15:10","date_gmt":"2025-06-28T22:15:10","guid":{"rendered":"https:\/\/www.europesays.com\/fr\/211905\/"},"modified":"2025-06-28T22:15:10","modified_gmt":"2025-06-28T22:15:10","slug":"ligue-1-droits-tv-apres-le-retrait-de-canal-le-temps-presse-pour-la-ligue-1","status":"publish","type":"post","link":"https:\/\/www.europesays.com\/fr\/211905\/","title":{"rendered":"Ligue 1 &#8211; Droits TV\u00a0: Apr\u00e8s le retrait de Canal+, le temps presse pour la Ligue 1"},"content":{"rendered":"<p>Apr\u00e8s le coup de th\u00e9\u00e2tre du retrait de Canal+, le temps presse pour savoir comment distribuer la cha\u00eene de la Ligue 1, \u00e0 un peu plus d\u2019un mois de la reprise de la saison. Le point sur la situation.<\/p>\n<p>Que signifie le retrait de Canal+\u00a0?<\/p>\n<p>L\u2019annonce dans le journal L\u2019\u00c9quipe par son pr\u00e9sident <a href=\"https:\/\/www.laprovence.com\/article\/sports\/1509940832321914\/football-canal-renonce-a-distribuer-la-future-chaine-de-la-lfp\" target=\"_blank\" rel=\"nofollow noopener\">Maxime Saada du retrait de Canal+<\/a>\u00a0des n\u00e9gociations a ramen\u00e9 au point de d\u00e9part LFP Media, la soci\u00e9t\u00e9 commerciale de la Ligue de football professionnel.<\/p>\n<p>\u00ab\u00a0Nous avons choisi de renoncer. \u00c0 date, nous consid\u00e9rons que les conditions ne sont pas r\u00e9unies pour que Canal+\u00a0distribue la nouvelle plateforme de la Ligue 1\u00a0\u00bb, a assur\u00e9 le dirigeant de la cha\u00eene, mettant notamment en avant un d\u00e9saccord avec l\u2019instance du foot professionnel fran\u00e7ais sur le prix de l\u2019abonnement.<\/p>\n<p>Or selon plusieurs sources concordantes, le prix souhait\u00e9 par la LFP pour s\u2019abonner \u00e0 sa cha\u00eene serait \u00e0 peu pr\u00e8s <a href=\"https:\/\/www.laprovence.com\/article\/sports\/40529101203266\/football-nicolas-de-tavernost-veut-proposer-la-chaine-100-ligue-1-pour-moins-de-20-euros\" target=\"_blank\" rel=\"nofollow noopener\">\u00e9quivalent \u00e0 celui voulu par Saada<\/a>, soit 14,99\u00a0euros mensuels, avec un tarif pr\u00e9f\u00e9rentiel de 10\u00a0euros \u00e0 destination des plus jeunes, pour huit matches par journ\u00e9e, le neuvi\u00e8me, propri\u00e9t\u00e9 de beIN Sports, restant sur la chaine qatarienne jusqu\u2019\u00e0 la fin de l\u2019exercice 2025-2026.<\/p>\n<p>Durant deux mois, Canal Plus et LFP Media ont discut\u00e9 autour d\u2019un minimum garanti dans le cas o\u00f9, comme elle l\u2019a propos\u00e9, la cha\u00eene crypt\u00e9e prenait en charge en exclusivit\u00e9 la distribution de celle de la Ligue. Canal+\u00a0a d\u2019abord refus\u00e9 ce minimum garanti, avant d\u2019y consentir sans v\u00e9ritablement proposer de sommes, ni la mani\u00e8re dont elle pourrait s\u2019en acquitter.<\/p>\n<p>Selon <a href=\"https:\/\/www.lequipe.fr\/Medias\/Article\/Maxime-saada-constate-l-impossibilite-de-s-entendre-avec-lfp-media-canal-jette-l-eponge\/1573637\" target=\"_blank\" rel=\"nofollow noopener\">L\u2019\u00c9quipe<\/a>, Canal+\u00a0\u00e9tait pr\u00eate \u00e0 investir 100\u00a0millions d\u2019euros quand la Ligue en r\u00e9clamait le double. Quoi qu\u2019il en soit, le retour du diffuseur historique du football fran\u00e7ais aura fait long feu, Canal ne souhaitant pas s\u2019aligner sur les prix de la Ligue, ou ne le pouvant pas apr\u00e8s avoir beaucoup investi dans l\u2019achat d\u2019autres droits comme ceux de la Ligue des champions. C +\u00a0entend par ailleurs \u00eatre d\u00e9dommag\u00e9e d\u2019une fa\u00e7on ou d\u2019une autre du \u00ab\u00a0pr\u00e9judice\u00a0\u00bb subi, apr\u00e8s des ann\u00e9es de contentieux avec la LFP devant les tribunaux depuis la d\u00e9faillance du diffuseur sino-espagnol Mediapro en\u00a02021.<\/p>\n<p>Comment distribuer la cha\u00eene de la L1\u00a0?<\/p>\n<p>Faute d\u2019un accord exclusif avec Canal+, LFP M\u00e9dia doit d\u00e9sormais trouver des partenaires dispos\u00e9s \u00e0 payer les droits TV du foot fran\u00e7ais, qui n\u2019en finissent plus de se d\u00e9pr\u00e9cier depuis le crash de Mediapro.<\/p>\n<p>Selon plusieurs sources proches des n\u00e9gociations, la Ligue, qui s\u2019\u00e9tait pr\u00e9par\u00e9e au retrait de Canal+, se dirige vers une distribution non exclusive de sa cha\u00eene.<\/p>\n<p>Nicolas de Tavernost, le directeur g\u00e9n\u00e9ral de LFP Media, aux manettes de la construction de la cha\u00eene depuis le mois d\u2019avril, discute avec tous les acteurs du m\u00e9tier\u00a0: les fournisseurs d\u2019acc\u00e8s \u00e0 Internet (FAI) Free, Orange, SFR, ainsi que les plateformes DAZN, Prime Video\u2026<\/p>\n<p>L\u2019ancien patron de M6 et des Girondins de Bordeaux avait dit qu\u2019il lui faudrait \u00eatre pr\u00eat au d\u00e9but du mois de juillet. Mais le retrait de Canal Plus annonc\u00e9 par Maxime Saada va probablement retarder un peu l\u2019\u00e9ch\u00e9ance.<\/p>\n<p>Quelle \u00e9ch\u00e9ance pour le foot fran\u00e7ais\u00a0?<\/p>\n<p>Quand il y a deux mois, Canal est revenu dans les n\u00e9gociations, les clubs professionnels qui d\u00e9pendent beaucoup des droits TV ont repris espoir. Ils se retrouvent \u00e0 nouveau sans distributeur et sans promesses de droits TV \u00e0 sept semaines de la reprise de la Ligue 1.<\/p>\n<p>Le temps presse pour un football fran\u00e7ais secou\u00e9 par la crise depuis quatre ans.<\/p>\n<p>Concernant le volet production de la cha\u00eene de la Ligue 1, LFP M\u00e9dia a en revanche avanc\u00e9 et devrait boucler ce dossier dans le courant de la semaine prochaine. La comp\u00e9tition fait rage entre 21 Production du groupe L\u2019\u00c9quipe et Mediawan, la soci\u00e9t\u00e9 dirig\u00e9e par Pierre-Antoine Capton.<\/p>\n<p>Un seul des deux emportera les quatre lots, selon une source proche des n\u00e9gociations\u00a0: la production des magazines, celle des avant et apr\u00e8s matches, la gestion des multiplex et enfin la gestion des personnels \u00e9ditoriaux.<\/p>\n<p>Selon la m\u00eame source, le commentateur Xavier Domergue sera un visage parmi d\u2019autres de la cha\u00eene tout en restant \u00e0 M6.<\/p>\n<p>Le groupe L\u2019\u00c9quipe produisait d\u00e9j\u00e0 les matches en multiplex pour Prime Video lorsqu\u2019Amazon d\u00e9tenait encore les droits de la Ligue 1 (2021-2024) apr\u00e8s le fiasco de Mediapro.<\/p>\n<p>Mediawan est un groupe audiovisuel qui poss\u00e8de une vingtaine de soci\u00e9t\u00e9s \u00e0 travers le monde, produisant notamment les magazines C dans l\u2019air ou C l\u2019hebdo.<\/p>\n","protected":false},"excerpt":{"rendered":"Apr\u00e8s le coup de th\u00e9\u00e2tre du retrait de Canal+, le temps presse pour savoir comment distribuer la cha\u00eene&hellip;\n","protected":false},"author":2,"featured_media":211906,"comment_status":"","ping_status":"","sticky":false,"template":"","format":"standard","meta":{"footnotes":""},"categories":[1356],"tags":[17,150,10474,58,2483,59,1011,27,3022,29622,60,252,5426,1364],"class_list":{"0":"post-211905","1":"post","2":"type-post","3":"status-publish","4":"format-standard","5":"has-post-thumbnail","7":"category-television","8":"tag-17","9":"tag-apres","10":"tag-canal","11":"tag-divertissement","12":"tag-droits","13":"tag-entertainment","14":"tag-fr","15":"tag-france","16":"tag-ligue","17":"tag-retrait","18":"tag-sports","19":"tag-television","20":"tag-temps","21":"tag-tv"},"share_on_mastodon":{"url":"","error":""},"_links":{"self":[{"href":"https:\/\/www.europesays.com\/fr\/wp-json\/wp\/v2\/posts\/211905","targetHints":{"allow":["GET"]}}],"collection":[{"href":"https:\/\/www.europesays.com\/fr\/wp-json\/wp\/v2\/posts"}],"about":[{"href":"https:\/\/www.europesays.com\/fr\/wp-json\/wp\/v2\/types\/post"}],"author":[{"embeddable":true,"href":"https:\/\/www.europesays.com\/fr\/wp-json\/wp\/v2\/users\/2"}],"replies":[{"embeddable":true,"href":"https:\/\/www.europesays.com\/fr\/wp-json\/wp\/v2\/comments?post=211905"}],"version-history":[{"count":0,"href":"https:\/\/www.europesays.com\/fr\/wp-json\/wp\/v2\/posts\/211905\/revisions"}],"wp:featuredmedia":[{"embeddable":true,"href":"https:\/\/www.europesays.com\/fr\/wp-json\/wp\/v2\/media\/211906"}],"wp:attachment":[{"href":"https:\/\/www.europesays.com\/fr\/wp-json\/wp\/v2\/media?parent=211905"}],"wp:term":[{"taxonomy":"category","embeddable":true,"href":"https:\/\/www.europesays.com\/fr\/wp-json\/wp\/v2\/categories?post=211905"},{"taxonomy":"post_tag","embeddable":true,"href":"https:\/\/www.europesays.com\/fr\/wp-json\/wp\/v2\/tags?post=211905"}],"curies":[{"name":"wp","href":"https:\/\/api.w.org\/{rel}","templated":true}]}}